{"id":13423,"date":"2023-09-12T15:51:43","date_gmt":"2023-09-12T18:51:43","guid":{"rendered":"https:\/\/pc.sc.gov.br\/?p=13423"},"modified":"2023-09-12T15:56:39","modified_gmt":"2023-09-12T18:56:39","slug":"em-joinville-a-policia-civil-prende-homem-por-descumprir-medida-protetiva-de-urgencia","status":"publish","type":"post","link":"https:\/\/pc.sc.gov.br\/?p=13423","title":{"rendered":"Em Joinville, a Pol\u00edcia Civil prende homem por descumprir medida protetiva de urg\u00eancia"},"content":{"rendered":"\t\t<div data-elementor-type=\"wp-post\" data-elementor-id=\"13423\" class=\"elementor elementor-13423\" data-elementor-post-type=\"post\">\n\t\t\t\t\t\t<section class=\"elementor-section elementor-top-section elementor-element elementor-element-dc3218a elementor-section-boxed elementor-section-height-default elementor-section-height-default\" data-id=\"dc3218a\" data-element_type=\"section\">\n\t\t\t\t\t\t<div class=\"elementor-container elementor-column-gap-default\">\n\t\t\t\t\t<div class=\"elementor-column elementor-col-100 elementor-top-column elementor-element elementor-element-791c913\" data-id=\"791c913\" data-element_type=\"column\">\n\t\t\t<div class=\"elementor-widget-wrap elementor-element-populated\">\n\t\t\t\t\t\t<div class=\"elementor-element elementor-element-f51c504 elementor-widget elementor-widget-heading\" data-id=\"f51c504\" data-element_type=\"widget\" data-widget_type=\"heading.default\">\n\t\t\t\t<div class=\"elementor-widget-container\">\n\t\t\t\t\t<h2 class=\"elementor-heading-title elementor-size-default\">Em Joinville, Pol\u00edcia Civil prende homem por descumprir medida protetiva de urg\u00eancia<\/h2>\t\t\t\t<\/div>\n\t\t\t\t<\/div>\n\t\t\t\t\t<\/div>\n\t\t<\/div>\n\t\t\t\t\t<\/div>\n\t\t<\/section>\n\t\t\t\t<section class=\"elementor-section elementor-top-section elementor-element elementor-element-1d1e363 elementor-section-boxed elementor-section-height-default elementor-section-height-default\" data-id=\"1d1e363\" data-element_type=\"section\">\n\t\t\t\t\t\t<div class=\"elementor-container elementor-column-gap-default\">\n\t\t\t\t\t<div class=\"elementor-column elementor-col-100 elementor-top-column elementor-element elementor-element-ddc6b86\" data-id=\"ddc6b86\" data-element_type=\"column\">\n\t\t\t<div class=\"elementor-widget-wrap elementor-element-populated\">\n\t\t\t\t\t\t<div class=\"elementor-element elementor-element-8cc0c69 elementor-widget elementor-widget-image\" data-id=\"8cc0c69\" data-element_type=\"widget\" data-widget_type=\"image.default\">\n\t\t\t\t<div class=\"elementor-widget-container\">\n\t\t\t\t\t\t\t\t\t\t\t\t\t\t\t<img fetchpriority=\"high\" decoding=\"async\" width=\"696\" height=\"406\" src=\"https:\/\/pc.sc.gov.br\/\/wp-content\/uploads\/2023\/09\/WhatsApp-Image-2023-09-12-at-15.12.31-1024x598.jpeg\" class=\"attachment-large size-large wp-image-13424\" alt=\"\" srcset=\"https:\/\/pc.sc.gov.br\/\/wp-content\/uploads\/2023\/09\/WhatsApp-Image-2023-09-12-at-15.12.31-1024x598.jpeg 1024w, https:\/\/pc.sc.gov.br\/\/wp-content\/uploads\/2023\/09\/WhatsApp-Image-2023-09-12-at-15.12.31-300x175.jpeg 300w, https:\/\/pc.sc.gov.br\/\/wp-content\/uploads\/2023\/09\/WhatsApp-Image-2023-09-12-at-15.12.31-768x448.jpeg 768w, https:\/\/pc.sc.gov.br\/\/wp-content\/uploads\/2023\/09\/WhatsApp-Image-2023-09-12-at-15.12.31-1536x897.jpeg 1536w, https:\/\/pc.sc.gov.br\/\/wp-content\/uploads\/2023\/09\/WhatsApp-Image-2023-09-12-at-15.12.31.jpeg 1600w\" sizes=\"(max-width: 696px) 100vw, 696px\" \/>\t\t\t\t\t\t\t\t\t\t\t\t\t\t\t<\/div>\n\t\t\t\t<\/div>\n\t\t\t\t\t<\/div>\n\t\t<\/div>\n\t\t\t\t\t<\/div>\n\t\t<\/section>\n\t\t\t\t<section class=\"elementor-section elementor-top-section elementor-element elementor-element-a0237ad elementor-section-boxed elementor-section-height-default elementor-section-height-default\" data-id=\"a0237ad\" data-element_type=\"section\">\n\t\t\t\t\t\t<div class=\"elementor-container elementor-column-gap-default\">\n\t\t\t\t\t<div class=\"elementor-column elementor-col-100 elementor-top-column elementor-element elementor-element-d37b40d\" data-id=\"d37b40d\" data-element_type=\"column\">\n\t\t\t<div class=\"elementor-widget-wrap elementor-element-populated\">\n\t\t\t\t\t\t<div class=\"elementor-element elementor-element-295fba1 elementor-widget elementor-widget-text-editor\" data-id=\"295fba1\" data-element_type=\"widget\" data-widget_type=\"text-editor.default\">\n\t\t\t\t<div class=\"elementor-widget-container\">\n\t\t\t\t\t\t\t\t\t<p>A Pol\u00edcia Civil de Santa Catarina, por meio da DPCAMI de Joinville prendeu preventivamente, nesta ter\u00e7a-feira (12), um homem que descumpriu medida protetiva de urg\u00eancia, em Joinville.<\/p>\n<p>No in\u00edcio do ano, a v\u00edtima solicitou medida protetiva de urg\u00eancia, que foi deferida pelo judici\u00e1rio. No m\u00eas de junho, o suspeito foi preso pelos crimes de descumprimento de medida protetiva, persegui\u00e7\u00e3o e amea\u00e7a, sendo que, logo ap\u00f3s ser posto em liberdade, retornou a praticar tais delitos, sendo novamente preso.&nbsp;&nbsp;<\/p>\n<p>Nesse ano, a DPCAMI de Joinville j\u00e1 solicitou mais de 700 medidas protetivas presencialmente. Salienta-se que tamb\u00e9m \u00e9 poss\u00edvel fazer a solicita\u00e7\u00e3o da Medida Protetiva de forma on-line, por meio da<b>&nbsp;<a href=\"https:\/\/delegaciavirtual.sc.gov.br\/\" target=\"_blank\">delegacia virtual<\/a>&nbsp;<\/b>possuindo a mesma validade.<\/p>\n<p>Colabore com a Pol\u00edcia Civil fazendo den\u00fancias pelo telefone 181.&nbsp;<\/p>\n<div>&nbsp;<\/div>\t\t\t\t\t\t\t\t<\/div>\n\t\t\t\t<\/div>\n\t\t\t\t\t<\/div>\n\t\t<\/div>\n\t\t\t\t\t<\/div>\n\t\t<\/section>\n\t\t\t\t<\/div>\n\t\t","protected":false},"excerpt":{"rendered":"<p>Em Joinville, Pol\u00edcia Civil prende homem por descumprir medida protetiva de urg\u00eancia A Pol\u00edcia Civil de Santa Catarina, por meio da DPCAMI de Joinville prendeu preventivamente, nesta ter\u00e7a-feira (12), um homem que descumpriu medida protetiva de urg\u00eancia, em Joinville. No in\u00edcio do ano, a v\u00edtima solicitou medida protetiva de urg\u00eancia, que foi deferida pelo judici\u00e1rio. [&hellip;]<\/p>\n","protected":false},"author":5,"featured_media":13424,"comment_status":"closed","ping_status":"open","sticky":false,"template":"","format":"standard","meta":{"_monsterinsights_skip_tracking":false,"_monsterinsights_sitenote_active":false,"_monsterinsights_sitenote_note":"","_monsterinsights_sitenote_category":0,"footnotes":""},"categories":[1],"tags":[],"class_list":["post-13423","post","type-post","status-publish","format-standard","has-post-thumbnail","hentry","category-sem-categoria"],"_links":{"self":[{"href":"https:\/\/pc.sc.gov.br\/index.php?rest_route=\/wp\/v2\/posts\/13423","targetHints":{"allow":["GET"]}}],"collection":[{"href":"https:\/\/pc.sc.gov.br\/index.php?rest_route=\/wp\/v2\/posts"}],"about":[{"href":"https:\/\/pc.sc.gov.br\/index.php?rest_route=\/wp\/v2\/types\/post"}],"author":[{"embeddable":true,"href":"https:\/\/pc.sc.gov.br\/index.php?rest_route=\/wp\/v2\/users\/5"}],"replies":[{"embeddable":true,"href":"https:\/\/pc.sc.gov.br\/index.php?rest_route=%2Fwp%2Fv2%2Fcomments&post=13423"}],"version-history":[{"count":13,"href":"https:\/\/pc.sc.gov.br\/index.php?rest_route=\/wp\/v2\/posts\/13423\/revisions"}],"predecessor-version":[{"id":13437,"href":"https:\/\/pc.sc.gov.br\/index.php?rest_route=\/wp\/v2\/posts\/13423\/revisions\/13437"}],"wp:featuredmedia":[{"embeddable":true,"href":"https:\/\/pc.sc.gov.br\/index.php?rest_route=\/wp\/v2\/media\/13424"}],"wp:attachment":[{"href":"https:\/\/pc.sc.gov.br\/index.php?rest_route=%2Fwp%2Fv2%2Fmedia&parent=13423"}],"wp:term":[{"taxonomy":"category","embeddable":true,"href":"https:\/\/pc.sc.gov.br\/index.php?rest_route=%2Fwp%2Fv2%2Fcategories&post=13423"},{"taxonomy":"post_tag","embeddable":true,"href":"https:\/\/pc.sc.gov.br\/index.php?rest_route=%2Fwp%2Fv2%2Ftags&post=13423"}],"curies":[{"name":"wp","href":"https:\/\/api.w.org\/{rel}","templated":true}]}}