{"id":13439,"date":"2023-09-12T16:29:59","date_gmt":"2023-09-12T19:29:59","guid":{"rendered":"https:\/\/pc.sc.gov.br\/?p=13439"},"modified":"2023-09-12T16:31:44","modified_gmt":"2023-09-12T19:31:44","slug":"caoagro-da-policia-civil-participa-da-mercoagro-2023","status":"publish","type":"post","link":"https:\/\/pc.sc.gov.br\/?p=13439","title":{"rendered":"CAOAGRO da Pol\u00edcia Civil participa da Mercoagro 2023"},"content":{"rendered":"\t\t<div data-elementor-type=\"wp-post\" data-elementor-id=\"13439\" class=\"elementor elementor-13439\" data-elementor-post-type=\"post\">\n\t\t\t\t\t\t<section class=\"elementor-section elementor-top-section elementor-element elementor-element-9a1b549 elementor-section-boxed elementor-section-height-default elementor-section-height-default\" data-id=\"9a1b549\" data-element_type=\"section\">\n\t\t\t\t\t\t<div class=\"elementor-container elementor-column-gap-default\">\n\t\t\t\t\t<div class=\"elementor-column elementor-col-100 elementor-top-column elementor-element elementor-element-7b87cc5\" data-id=\"7b87cc5\" data-element_type=\"column\">\n\t\t\t<div class=\"elementor-widget-wrap elementor-element-populated\">\n\t\t\t\t\t\t<div class=\"elementor-element elementor-element-787b3c8 elementor-widget elementor-widget-heading\" data-id=\"787b3c8\" data-element_type=\"widget\" data-widget_type=\"heading.default\">\n\t\t\t\t<div class=\"elementor-widget-container\">\n\t\t\t\t\t<h2 class=\"elementor-heading-title elementor-size-default\">CAOAGRO da Pol\u00edcia Civil participa da Mercoagro 2023<\/h2>\t\t\t\t<\/div>\n\t\t\t\t<\/div>\n\t\t\t\t\t<\/div>\n\t\t<\/div>\n\t\t\t\t\t<\/div>\n\t\t<\/section>\n\t\t\t\t<section class=\"elementor-section elementor-top-section elementor-element elementor-element-4622ba4 elementor-section-boxed elementor-section-height-default elementor-section-height-default\" data-id=\"4622ba4\" data-element_type=\"section\">\n\t\t\t\t\t\t<div class=\"elementor-container elementor-column-gap-default\">\n\t\t\t\t\t<div class=\"elementor-column elementor-col-100 elementor-top-column elementor-element elementor-element-885d81a\" data-id=\"885d81a\" data-element_type=\"column\">\n\t\t\t<div class=\"elementor-widget-wrap elementor-element-populated\">\n\t\t\t\t\t\t<div class=\"elementor-element elementor-element-f7a2a2c elementor-widget elementor-widget-image\" data-id=\"f7a2a2c\" data-element_type=\"widget\" data-widget_type=\"image.default\">\n\t\t\t\t<div class=\"elementor-widget-container\">\n\t\t\t\t\t\t\t\t\t\t\t\t\t\t\t<img fetchpriority=\"high\" decoding=\"async\" width=\"696\" height=\"522\" src=\"https:\/\/pc.sc.gov.br\/\/wp-content\/uploads\/2023\/09\/WhatsApp-Image-2023-09-12-at-16.10.10-1024x768.jpeg\" class=\"attachment-large size-large wp-image-13440\" alt=\"\" srcset=\"https:\/\/pc.sc.gov.br\/\/wp-content\/uploads\/2023\/09\/WhatsApp-Image-2023-09-12-at-16.10.10-1024x768.jpeg 1024w, https:\/\/pc.sc.gov.br\/\/wp-content\/uploads\/2023\/09\/WhatsApp-Image-2023-09-12-at-16.10.10-300x225.jpeg 300w, https:\/\/pc.sc.gov.br\/\/wp-content\/uploads\/2023\/09\/WhatsApp-Image-2023-09-12-at-16.10.10-768x576.jpeg 768w, https:\/\/pc.sc.gov.br\/\/wp-content\/uploads\/2023\/09\/WhatsApp-Image-2023-09-12-at-16.10.10-1536x1152.jpeg 1536w, https:\/\/pc.sc.gov.br\/\/wp-content\/uploads\/2023\/09\/WhatsApp-Image-2023-09-12-at-16.10.10.jpeg 1600w\" sizes=\"(max-width: 696px) 100vw, 696px\" \/>\t\t\t\t\t\t\t\t\t\t\t\t\t\t\t<\/div>\n\t\t\t\t<\/div>\n\t\t\t\t\t<\/div>\n\t\t<\/div>\n\t\t\t\t\t<\/div>\n\t\t<\/section>\n\t\t\t\t<section class=\"elementor-section elementor-top-section elementor-element elementor-element-3a230f7 elementor-section-boxed elementor-section-height-default elementor-section-height-default\" data-id=\"3a230f7\" data-element_type=\"section\">\n\t\t\t\t\t\t<div class=\"elementor-container elementor-column-gap-default\">\n\t\t\t\t\t<div class=\"elementor-column elementor-col-100 elementor-top-column elementor-element elementor-element-11dea4d\" data-id=\"11dea4d\" data-element_type=\"column\">\n\t\t\t<div class=\"elementor-widget-wrap elementor-element-populated\">\n\t\t\t\t\t\t<div class=\"elementor-element elementor-element-fd330cb elementor-widget elementor-widget-text-editor\" data-id=\"fd330cb\" data-element_type=\"widget\" data-widget_type=\"text-editor.default\">\n\t\t\t\t<div class=\"elementor-widget-container\">\n\t\t\t\t\t\t\t\t\t<p>A Pol\u00edcia Civil de Santa Catarina, por meio do Centro Estadual de Apoio Operacional de Combate aos Crimes Contra o Agroneg\u00f3cio (CAOAGRO\/PCSC), participa da 13\u00aa edi\u00e7\u00e3o da Feira Internacional de Neg\u00f3cios, Processamento e Industrializa\u00e7\u00e3o da Carne (Mercoagro), que ocorre em Chapec\u00f3 entre os dias 12 a 15 de setembro.<br><br>O CAOAGRO da Pol\u00edcia Civil disp\u00f5e de um espa\u00e7o no concorrido evento, oportunidade em que apresentar\u00e1 os trabalhos realizados, os indicadores de criminalidade contra o agroneg\u00f3cio, as armas que s\u00e3o utilizadas pela Pol\u00edcia Civil nas opera\u00e7\u00f5es de combate aos crimes contra o agro e ainda realizar\u00e1, durante o evento, o lan\u00e7amento de uma cartilha de seguran\u00e7a rural destinada aos produtores rurais e aos demais interessados na seguran\u00e7a do setor do agroneg\u00f3cio.<br><br>Conforme o Diretor de Pol\u00edcia da Fronteira e Coordenador do CAOAGRO, Delegado de Pol\u00edcia Fernando Callfass, \u201ca participa\u00e7\u00e3o na Mercoagro comprova a import\u00e2ncia da prote\u00e7\u00e3o do agroneg\u00f3cio catarinense que vem sendo realizada pelo Caoagro da Pol\u00edcia Civil de Santa Catarina\u201d. <br><br><b>Mercoagro 2023<\/b><br><br>A Mercoagro 2023 \u00e9 a maior exposi\u00e7\u00e3o-feira das am\u00e9ricas e uma das maiores da ind\u00fastria da prote\u00edna animal do mundo. A realiza\u00e7\u00e3o do evento \u00e9 da Associa\u00e7\u00e3o Comercial e Industrial de Chapec\u00f3 (ACIC).<br><br>O evento deve reunir 235 expositores e 650 marcas de mais de 20 pa\u00edses, local onde ser\u00e3o apresentados lan\u00e7amentos e inova\u00e7\u00f5es tecnol\u00f3gicas nas \u00e1reas de m\u00e1quinas, ingredientes e aditivos, embalagens, refrigera\u00e7\u00e3o, automa\u00e7\u00e3o industrial, log\u00edstica, equipamentos, acess\u00f3rios, tratamento de efluentes, higieniza\u00e7\u00e3o, entre outros produtos e servi\u00e7os voltados \u00e0 cadeia industrial da prote\u00edna animal.<\/p>\t\t\t\t\t\t\t\t<\/div>\n\t\t\t\t<\/div>\n\t\t\t\t\t<\/div>\n\t\t<\/div>\n\t\t\t\t\t<\/div>\n\t\t<\/section>\n\t\t\t\t<\/div>\n\t\t","protected":false},"excerpt":{"rendered":"<p>CAOAGRO da Pol\u00edcia Civil participa da Mercoagro 2023 A Pol\u00edcia Civil de Santa Catarina, por meio do Centro Estadual de Apoio Operacional de Combate aos Crimes Contra o Agroneg\u00f3cio (CAOAGRO\/PCSC), participa da 13\u00aa edi\u00e7\u00e3o da Feira Internacional de Neg\u00f3cios, Processamento e Industrializa\u00e7\u00e3o da Carne (Mercoagro), que ocorre em Chapec\u00f3 entre os dias 12 a 15 [&hellip;]<\/p>\n","protected":false},"author":5,"featured_media":13440,"comment_status":"closed","ping_status":"open","sticky":false,"template":"","format":"standard","meta":{"_monsterinsights_skip_tracking":false,"_monsterinsights_sitenote_active":false,"_monsterinsights_sitenote_note":"","_monsterinsights_sitenote_category":0,"footnotes":""},"categories":[1],"tags":[],"class_list":["post-13439","post","type-post","status-publish","format-standard","has-post-thumbnail","hentry","category-sem-categoria"],"_links":{"self":[{"href":"https:\/\/pc.sc.gov.br\/index.php?rest_route=\/wp\/v2\/posts\/13439","targetHints":{"allow":["GET"]}}],"collection":[{"href":"https:\/\/pc.sc.gov.br\/index.php?rest_route=\/wp\/v2\/posts"}],"about":[{"href":"https:\/\/pc.sc.gov.br\/index.php?rest_route=\/wp\/v2\/types\/post"}],"author":[{"embeddable":true,"href":"https:\/\/pc.sc.gov.br\/index.php?rest_route=\/wp\/v2\/users\/5"}],"replies":[{"embeddable":true,"href":"https:\/\/pc.sc.gov.br\/index.php?rest_route=%2Fwp%2Fv2%2Fcomments&post=13439"}],"version-history":[{"count":4,"href":"https:\/\/pc.sc.gov.br\/index.php?rest_route=\/wp\/v2\/posts\/13439\/revisions"}],"predecessor-version":[{"id":13444,"href":"https:\/\/pc.sc.gov.br\/index.php?rest_route=\/wp\/v2\/posts\/13439\/revisions\/13444"}],"wp:featuredmedia":[{"embeddable":true,"href":"https:\/\/pc.sc.gov.br\/index.php?rest_route=\/wp\/v2\/media\/13440"}],"wp:attachment":[{"href":"https:\/\/pc.sc.gov.br\/index.php?rest_route=%2Fwp%2Fv2%2Fmedia&parent=13439"}],"wp:term":[{"taxonomy":"category","embeddable":true,"href":"https:\/\/pc.sc.gov.br\/index.php?rest_route=%2Fwp%2Fv2%2Fcategories&post=13439"},{"taxonomy":"post_tag","embeddable":true,"href":"https:\/\/pc.sc.gov.br\/index.php?rest_route=%2Fwp%2Fv2%2Ftags&post=13439"}],"curies":[{"name":"wp","href":"https:\/\/api.w.org\/{rel}","templated":true}]}}