{"id":13445,"date":"2023-09-13T13:19:35","date_gmt":"2023-09-13T16:19:35","guid":{"rendered":"https:\/\/pc.sc.gov.br\/?p=13445"},"modified":"2023-09-13T13:20:48","modified_gmt":"2023-09-13T16:20:48","slug":"em-presidente-getulio-policia-civil-prende-homem-por-homicidio-ocorrido-em-2012-na-capital","status":"publish","type":"post","link":"https:\/\/pc.sc.gov.br\/?p=13445","title":{"rendered":"Em Presidente Get\u00falio, Pol\u00edcia Civil prende homem por homic\u00eddio ocorrido em 2012 na Capital"},"content":{"rendered":"\t\t<div data-elementor-type=\"wp-post\" data-elementor-id=\"13445\" class=\"elementor elementor-13445\" data-elementor-post-type=\"post\">\n\t\t\t\t\t\t<section class=\"elementor-section elementor-top-section elementor-element elementor-element-36c0710 elementor-section-boxed elementor-section-height-default elementor-section-height-default\" data-id=\"36c0710\" data-element_type=\"section\">\n\t\t\t\t\t\t<div class=\"elementor-container elementor-column-gap-default\">\n\t\t\t\t\t<div class=\"elementor-column elementor-col-100 elementor-top-column elementor-element elementor-element-608a284\" data-id=\"608a284\" data-element_type=\"column\">\n\t\t\t<div class=\"elementor-widget-wrap elementor-element-populated\">\n\t\t\t\t\t\t<div class=\"elementor-element elementor-element-4b0f7aa elementor-widget elementor-widget-heading\" data-id=\"4b0f7aa\" data-element_type=\"widget\" data-widget_type=\"heading.default\">\n\t\t\t\t<div class=\"elementor-widget-container\">\n\t\t\t\t\t<h2 class=\"elementor-heading-title elementor-size-default\">Em Presidente Get\u00falio, Pol\u00edcia Civil prende homem por homic\u00eddio ocorrido em 2012 na Capital<\/h2>\t\t\t\t<\/div>\n\t\t\t\t<\/div>\n\t\t\t\t\t<\/div>\n\t\t<\/div>\n\t\t\t\t\t<\/div>\n\t\t<\/section>\n\t\t\t\t<section class=\"elementor-section elementor-top-section elementor-element elementor-element-98c7486 elementor-section-boxed elementor-section-height-default elementor-section-height-default\" data-id=\"98c7486\" data-element_type=\"section\">\n\t\t\t\t\t\t<div class=\"elementor-container elementor-column-gap-default\">\n\t\t\t\t\t<div class=\"elementor-column elementor-col-100 elementor-top-column elementor-element elementor-element-1df678c\" data-id=\"1df678c\" data-element_type=\"column\">\n\t\t\t<div class=\"elementor-widget-wrap elementor-element-populated\">\n\t\t\t\t\t\t<div class=\"elementor-element elementor-element-3a03217 elementor-widget elementor-widget-image\" data-id=\"3a03217\" data-element_type=\"widget\" data-widget_type=\"image.default\">\n\t\t\t\t<div class=\"elementor-widget-container\">\n\t\t\t\t\t\t\t\t\t\t\t\t\t\t\t<img fetchpriority=\"high\" decoding=\"async\" width=\"680\" height=\"453\" src=\"https:\/\/pc.sc.gov.br\/\/wp-content\/uploads\/2022\/12\/DP_HOMICIDIOS_CAPITAL2.jpg\" class=\"attachment-large size-large wp-image-2568\" alt=\"\" srcset=\"https:\/\/pc.sc.gov.br\/\/wp-content\/uploads\/2022\/12\/DP_HOMICIDIOS_CAPITAL2.jpg 680w, https:\/\/pc.sc.gov.br\/\/wp-content\/uploads\/2022\/12\/DP_HOMICIDIOS_CAPITAL2-300x200.jpg 300w\" sizes=\"(max-width: 680px) 100vw, 680px\" \/>\t\t\t\t\t\t\t\t\t\t\t\t\t\t\t<\/div>\n\t\t\t\t<\/div>\n\t\t\t\t\t<\/div>\n\t\t<\/div>\n\t\t\t\t\t<\/div>\n\t\t<\/section>\n\t\t\t\t<section class=\"elementor-section elementor-top-section elementor-element elementor-element-de32842 elementor-section-boxed elementor-section-height-default elementor-section-height-default\" data-id=\"de32842\" data-element_type=\"section\">\n\t\t\t\t\t\t<div class=\"elementor-container elementor-column-gap-default\">\n\t\t\t\t\t<div class=\"elementor-column elementor-col-100 elementor-top-column elementor-element elementor-element-b1c42a6\" data-id=\"b1c42a6\" data-element_type=\"column\">\n\t\t\t<div class=\"elementor-widget-wrap elementor-element-populated\">\n\t\t\t\t\t\t<div class=\"elementor-element elementor-element-0933087 elementor-widget elementor-widget-text-editor\" data-id=\"0933087\" data-element_type=\"widget\" data-widget_type=\"text-editor.default\">\n\t\t\t\t<div class=\"elementor-widget-container\">\n\t\t\t\t\t\t\t\t\t<p>Nesta quarta-feira (13), a Pol\u00edcia Civil de Santa Catarina, em cumprimento a um mandado de pris\u00e3o preventiva, prendeu um homem suspeito pela autoria de um homic\u00eddio ocorrido no ano de 2012, na comunidade Chico Mendes, em Florian\u00f3polis. A investiga\u00e7\u00e3o \u00e9 da Delegacia de Homic\u00eddios da Capital e a pris\u00e3o foi realizada por policiais civis de Presidente Get\u00falio.<br><br>Desde o cometimento do crime, o autor deixou a referida comunidade na Capital e passou a n\u00e3o ser mais localizado pela Pol\u00edcia Civil. Ap\u00f3s receberem o mandado de pris\u00e3o do homem para cumprir e realizarem investiga\u00e7\u00f5es, os policiais da DH da Capital apuraram que existia a possibilidade do procurado estar residindo em Presidente Get\u00falio, cidade do Alto Vale do Itaja\u00ed.<br><br>Ap\u00f3s troca de informa\u00e7\u00f5es com policiais civis de Presidente Get\u00falio, o mandado de pris\u00e3o foi cumprido na manh\u00e3 desta quarta-feira. O homem foi encaminhado para o Pres\u00eddio Regional de Rio do Sul, onde ficar\u00e1 \u00e0 disposi\u00e7\u00e3o da Justi\u00e7a.<\/p>\t\t\t\t\t\t\t\t<\/div>\n\t\t\t\t<\/div>\n\t\t\t\t\t<\/div>\n\t\t<\/div>\n\t\t\t\t\t<\/div>\n\t\t<\/section>\n\t\t\t\t<\/div>\n\t\t","protected":false},"excerpt":{"rendered":"<p>Em Presidente Get\u00falio, Pol\u00edcia Civil prende homem por homic\u00eddio ocorrido em 2012 na Capital Nesta quarta-feira (13), a Pol\u00edcia Civil de Santa Catarina, em cumprimento a um mandado de pris\u00e3o preventiva, prendeu um homem suspeito pela autoria de um homic\u00eddio ocorrido no ano de 2012, na comunidade Chico Mendes, em Florian\u00f3polis. A investiga\u00e7\u00e3o \u00e9 da [&hellip;]<\/p>\n","protected":false},"author":5,"featured_media":2568,"comment_status":"closed","ping_status":"open","sticky":false,"template":"","format":"standard","meta":{"_monsterinsights_skip_tracking":false,"_monsterinsights_sitenote_active":false,"_monsterinsights_sitenote_note":"","_monsterinsights_sitenote_category":0,"footnotes":""},"categories":[1],"tags":[],"class_list":["post-13445","post","type-post","status-publish","format-standard","has-post-thumbnail","hentry","category-sem-categoria"],"_links":{"self":[{"href":"https:\/\/pc.sc.gov.br\/index.php?rest_route=\/wp\/v2\/posts\/13445","targetHints":{"allow":["GET"]}}],"collection":[{"href":"https:\/\/pc.sc.gov.br\/index.php?rest_route=\/wp\/v2\/posts"}],"about":[{"href":"https:\/\/pc.sc.gov.br\/index.php?rest_route=\/wp\/v2\/types\/post"}],"author":[{"embeddable":true,"href":"https:\/\/pc.sc.gov.br\/index.php?rest_route=\/wp\/v2\/users\/5"}],"replies":[{"embeddable":true,"href":"https:\/\/pc.sc.gov.br\/index.php?rest_route=%2Fwp%2Fv2%2Fcomments&post=13445"}],"version-history":[{"count":4,"href":"https:\/\/pc.sc.gov.br\/index.php?rest_route=\/wp\/v2\/posts\/13445\/revisions"}],"predecessor-version":[{"id":13449,"href":"https:\/\/pc.sc.gov.br\/index.php?rest_route=\/wp\/v2\/posts\/13445\/revisions\/13449"}],"wp:featuredmedia":[{"embeddable":true,"href":"https:\/\/pc.sc.gov.br\/index.php?rest_route=\/wp\/v2\/media\/2568"}],"wp:attachment":[{"href":"https:\/\/pc.sc.gov.br\/index.php?rest_route=%2Fwp%2Fv2%2Fmedia&parent=13445"}],"wp:term":[{"taxonomy":"category","embeddable":true,"href":"https:\/\/pc.sc.gov.br\/index.php?rest_route=%2Fwp%2Fv2%2Fcategories&post=13445"},{"taxonomy":"post_tag","embeddable":true,"href":"https:\/\/pc.sc.gov.br\/index.php?rest_route=%2Fwp%2Fv2%2Ftags&post=13445"}],"curies":[{"name":"wp","href":"https:\/\/api.w.org\/{rel}","templated":true}]}}