{"id":13471,"date":"2023-09-13T16:35:08","date_gmt":"2023-09-13T19:35:08","guid":{"rendered":"https:\/\/pc.sc.gov.br\/?p=13471"},"modified":"2023-09-13T16:36:33","modified_gmt":"2023-09-13T19:36:33","slug":"policia-civil-deflagra-operacao-veritas-para-apurar-crime-de-falsificacao-de-documentos-e-insercao-de-dados-falsos-no-sistema-do-detran","status":"publish","type":"post","link":"https:\/\/pc.sc.gov.br\/?p=13471","title":{"rendered":"Pol\u00edcia Civil deflagra opera\u00e7\u00e3o Veritas para apurar crime de falsifica\u00e7\u00e3o de documentos e inser\u00e7\u00e3o de dados falsos no sistema do Detran"},"content":{"rendered":"\t\t<div data-elementor-type=\"wp-post\" data-elementor-id=\"13471\" class=\"elementor elementor-13471\" data-elementor-post-type=\"post\">\n\t\t\t\t\t\t<section class=\"elementor-section elementor-top-section elementor-element elementor-element-609eac5 elementor-section-boxed elementor-section-height-default elementor-section-height-default\" data-id=\"609eac5\" data-element_type=\"section\">\n\t\t\t\t\t\t<div class=\"elementor-container elementor-column-gap-default\">\n\t\t\t\t\t<div class=\"elementor-column elementor-col-100 elementor-top-column elementor-element elementor-element-3af708a\" data-id=\"3af708a\" data-element_type=\"column\">\n\t\t\t<div class=\"elementor-widget-wrap elementor-element-populated\">\n\t\t\t\t\t\t<div class=\"elementor-element elementor-element-376ba0a elementor-widget elementor-widget-heading\" data-id=\"376ba0a\" data-element_type=\"widget\" data-widget_type=\"heading.default\">\n\t\t\t\t<div class=\"elementor-widget-container\">\n\t\t\t\t\t<h2 class=\"elementor-heading-title elementor-size-default\">Pol\u00edcia Civil deflagra opera\u00e7\u00e3o Veritas para apurar crime de falsifica\u00e7\u00e3o de documentos e inser\u00e7\u00e3o de dados falsos no sistema do Detran<\/h2>\t\t\t\t<\/div>\n\t\t\t\t<\/div>\n\t\t\t\t\t<\/div>\n\t\t<\/div>\n\t\t\t\t\t<\/div>\n\t\t<\/section>\n\t\t\t\t<section class=\"elementor-section elementor-top-section elementor-element elementor-element-513ce18 elementor-section-boxed elementor-section-height-default elementor-section-height-default\" data-id=\"513ce18\" data-element_type=\"section\">\n\t\t\t\t\t\t<div class=\"elementor-container elementor-column-gap-default\">\n\t\t\t\t\t<div class=\"elementor-column elementor-col-100 elementor-top-column elementor-element elementor-element-226a27a\" data-id=\"226a27a\" data-element_type=\"column\">\n\t\t\t<div class=\"elementor-widget-wrap elementor-element-populated\">\n\t\t\t\t\t\t<div class=\"elementor-element elementor-element-7a9b094 elementor-widget elementor-widget-image\" data-id=\"7a9b094\" data-element_type=\"widget\" data-widget_type=\"image.default\">\n\t\t\t\t<div class=\"elementor-widget-container\">\n\t\t\t\t\t\t\t\t\t\t\t\t\t\t\t<img fetchpriority=\"high\" decoding=\"async\" width=\"685\" height=\"407\" src=\"https:\/\/pc.sc.gov.br\/\/wp-content\/uploads\/2023\/09\/VERITAS-NOV.jpg\" class=\"attachment-large size-large wp-image-13475\" alt=\"\" srcset=\"https:\/\/pc.sc.gov.br\/\/wp-content\/uploads\/2023\/09\/VERITAS-NOV.jpg 685w, https:\/\/pc.sc.gov.br\/\/wp-content\/uploads\/2023\/09\/VERITAS-NOV-300x178.jpg 300w\" sizes=\"(max-width: 685px) 100vw, 685px\" \/>\t\t\t\t\t\t\t\t\t\t\t\t\t\t\t<\/div>\n\t\t\t\t<\/div>\n\t\t\t\t\t<\/div>\n\t\t<\/div>\n\t\t\t\t\t<\/div>\n\t\t<\/section>\n\t\t\t\t<section class=\"elementor-section elementor-top-section elementor-element elementor-element-1310f89 elementor-section-boxed elementor-section-height-default elementor-section-height-default\" data-id=\"1310f89\" data-element_type=\"section\">\n\t\t\t\t\t\t<div class=\"elementor-container elementor-column-gap-default\">\n\t\t\t\t\t<div class=\"elementor-column elementor-col-100 elementor-top-column elementor-element elementor-element-73ae192\" data-id=\"73ae192\" data-element_type=\"column\">\n\t\t\t<div class=\"elementor-widget-wrap elementor-element-populated\">\n\t\t\t\t\t\t<div class=\"elementor-element elementor-element-c8600e3 elementor-widget elementor-widget-text-editor\" data-id=\"c8600e3\" data-element_type=\"widget\" data-widget_type=\"text-editor.default\">\n\t\t\t\t<div class=\"elementor-widget-container\">\n\t\t\t\t\t\t\t\t\t<p>A Pol\u00edcia Civil de Santa Catarina, por meio da 4\u00aa Delegacia de Pol\u00edcia de Joinville, com o apoio da 3\u00aa Delegacia de Pol\u00edcia de Combate \u00e0 Corrup\u00e7\u00e3o (DECOR), Pol\u00edcia Civil do Paran\u00e1 (COPE) e Pol\u00edcia Cient\u00edfica, deflagrou na ter\u00e7a-feira (12), a opera\u00e7\u00e3o Veritas.&nbsp;&nbsp;<span style=\"font-family: var( --e-global-typography-text-font-family ), Sans-serif; font-size: var( --e-global-typography-text-font-size );\">A a\u00e7\u00e3o policial foi para cumprir mandado de pris\u00e3o e buscas e apreens\u00f5es a fim de apurar a pr\u00e1tica dos crimes de falsifica\u00e7\u00e3o de documento e inser\u00e7\u00e3o de dados falsos em sistema de informa\u00e7\u00e3o. No total, foram cumpridos tr\u00eas mandados de busca e apreens\u00e3o e um mandado de pris\u00e3o contra uma mulher em Joinville.<\/span><\/p>\n<p>Tamb\u00e9m foi cumprido um mandado de busca e apreens\u00e3o na cidade de Curitiba (PR) em uma revenda de carro de dois \u201cinfluencers\u201d do ramo, que contam com mais de 250 mil seguidores nas redes sociais, os quais contrataram servi\u00e7o il\u00edcito do escrit\u00f3rio investigado.<\/p>\n<p>O inqu\u00e9rito policial foi instaurado a partir da constata\u00e7\u00e3o, por oficial de Tabelionato de Notas, de ind\u00edcios de falsifica\u00e7\u00e3o no selo de reconhecimento de firma, de uma autoriza\u00e7\u00e3o para transfer\u00eancia de propriedade de ve\u00edculo, ocasi\u00e3o em que foi apontado o despachante situado no bairro Iriri\u00fa, como o respons\u00e1vel pela confec\u00e7\u00e3o do documento suspeito.&nbsp;<span style=\"font-family: var( --e-global-typography-primary-font-family ), Sans-serif; font-size: var( --e-global-typography-primary-font-size ); font-weight: var( --e-global-typography-primary-font-weight ); letter-spacing: var( --e-global-typography-primary-letter-spacing );\">Ao longo da investiga\u00e7\u00e3o foi poss\u00edvel identificar outros processos veiculares de transfer\u00eancia e inten\u00e7\u00e3o de venda, com conte\u00fado fraudulento, inseridos no sistema do DETRAN pelo credenciado que cobrava valores acima da m\u00e9dia para emiss\u00e3o dos documentos, tendo em vista sua autonomia perante o sistema.<\/span><\/p>\n<p>Durante as buscas foram apreendidos aparelhos celulares, computadores e documentos. Uma funcion\u00e1ria do escrit\u00f3rio, que j\u00e1 responde a\u00e7\u00e3o penal pelo crime de falsifica\u00e7\u00e3o de documento p\u00fablico, foi presa preventivamente na zona sul e encontra-se no Pres\u00eddio Regional de Joinville-SC, \u00e0 disposi\u00e7\u00e3o da justi\u00e7a.<\/p><p><span style=\"font-family: var( --e-global-typography-primary-font-family ), Sans-serif; font-size: var( --e-global-typography-primary-font-size ); font-weight: var( --e-global-typography-primary-font-weight ); letter-spacing: var( --e-global-typography-primary-letter-spacing );\">O Presidente do Detran, Kennedy Nunes, disse que est\u00e1 colocando em pr\u00e1tica todas as investiga\u00e7\u00f5es que chegam na Corregedoria do \u00f3rg\u00e3o, em parceria com a Pol\u00edcia Civil, em especial com a DEIC. \u201cEssa \u00e9 mais uma a\u00e7\u00e3o que a gente cooperou e o bel\u00edssimo trabalho que a Pol\u00edcia Civil est\u00e1 fazendo. N\u00f3s vamos colocar ordem na casa, essa \u00e9 a determina\u00e7\u00e3o do governador Jorginho Mello, custe o que custar. Esse \u00e9 o nosso trabalho, como foi feito esses dias atr\u00e1s em rela\u00e7\u00e3o \u00e0 investiga\u00e7\u00e3o das vistorias, agora essa de falsifica\u00e7\u00e3o, e tem outras ainda em andamento que a gente acredita que vai dar resultado positivo para o bem e transpar\u00eancia do trabalho do Detran\u201d, pontuou o presidente Kennedy Nunes.<\/span><br><\/p>\n<div>&nbsp;<\/div>\t\t\t\t\t\t\t\t<\/div>\n\t\t\t\t<\/div>\n\t\t\t\t\t<\/div>\n\t\t<\/div>\n\t\t\t\t\t<\/div>\n\t\t<\/section>\n\t\t\t\t<\/div>\n\t\t","protected":false},"excerpt":{"rendered":"<p>Pol\u00edcia Civil deflagra opera\u00e7\u00e3o Veritas para apurar crime de falsifica\u00e7\u00e3o de documentos e inser\u00e7\u00e3o de dados falsos no sistema do Detran A Pol\u00edcia Civil de Santa Catarina, por meio da 4\u00aa Delegacia de Pol\u00edcia de Joinville, com o apoio da 3\u00aa Delegacia de Pol\u00edcia de Combate \u00e0 Corrup\u00e7\u00e3o (DECOR), Pol\u00edcia Civil do Paran\u00e1 (COPE) e [&hellip;]<\/p>\n","protected":false},"author":5,"featured_media":13475,"comment_status":"closed","ping_status":"open","sticky":false,"template":"","format":"standard","meta":{"_monsterinsights_skip_tracking":false,"_monsterinsights_sitenote_active":false,"_monsterinsights_sitenote_note":"","_monsterinsights_sitenote_category":0,"footnotes":""},"categories":[1],"tags":[],"class_list":["post-13471","post","type-post","status-publish","format-standard","has-post-thumbnail","hentry","category-sem-categoria"],"_links":{"self":[{"href":"https:\/\/pc.sc.gov.br\/index.php?rest_route=\/wp\/v2\/posts\/13471","targetHints":{"allow":["GET"]}}],"collection":[{"href":"https:\/\/pc.sc.gov.br\/index.php?rest_route=\/wp\/v2\/posts"}],"about":[{"href":"https:\/\/pc.sc.gov.br\/index.php?rest_route=\/wp\/v2\/types\/post"}],"author":[{"embeddable":true,"href":"https:\/\/pc.sc.gov.br\/index.php?rest_route=\/wp\/v2\/users\/5"}],"replies":[{"embeddable":true,"href":"https:\/\/pc.sc.gov.br\/index.php?rest_route=%2Fwp%2Fv2%2Fcomments&post=13471"}],"version-history":[{"count":4,"href":"https:\/\/pc.sc.gov.br\/index.php?rest_route=\/wp\/v2\/posts\/13471\/revisions"}],"predecessor-version":[{"id":13479,"href":"https:\/\/pc.sc.gov.br\/index.php?rest_route=\/wp\/v2\/posts\/13471\/revisions\/13479"}],"wp:featuredmedia":[{"embeddable":true,"href":"https:\/\/pc.sc.gov.br\/index.php?rest_route=\/wp\/v2\/media\/13475"}],"wp:attachment":[{"href":"https:\/\/pc.sc.gov.br\/index.php?rest_route=%2Fwp%2Fv2%2Fmedia&parent=13471"}],"wp:term":[{"taxonomy":"category","embeddable":true,"href":"https:\/\/pc.sc.gov.br\/index.php?rest_route=%2Fwp%2Fv2%2Fcategories&post=13471"},{"taxonomy":"post_tag","embeddable":true,"href":"https:\/\/pc.sc.gov.br\/index.php?rest_route=%2Fwp%2Fv2%2Ftags&post=13471"}],"curies":[{"name":"wp","href":"https:\/\/api.w.org\/{rel}","templated":true}]}}