{"id":13486,"date":"2023-09-14T14:43:39","date_gmt":"2023-09-14T17:43:39","guid":{"rendered":"https:\/\/pc.sc.gov.br\/?p=13486"},"modified":"2023-09-14T14:48:10","modified_gmt":"2023-09-14T17:48:10","slug":"policia-civil-prende-dois-homens-por-trafico-e-encontra-estufa-para-producao-de-drogas","status":"publish","type":"post","link":"https:\/\/pc.sc.gov.br\/?p=13486","title":{"rendered":"Pol\u00edcia Civil prende dois homens por tr\u00e1fico e encontra estufa para produ\u00e7\u00e3o de drogas"},"content":{"rendered":"\t\t<div data-elementor-type=\"wp-post\" data-elementor-id=\"13486\" class=\"elementor elementor-13486\" data-elementor-post-type=\"post\">\n\t\t\t\t\t\t<section class=\"elementor-section elementor-top-section elementor-element elementor-element-9d1aad7 elementor-section-boxed elementor-section-height-default elementor-section-height-default\" data-id=\"9d1aad7\" data-element_type=\"section\">\n\t\t\t\t\t\t<div class=\"elementor-container elementor-column-gap-default\">\n\t\t\t\t\t<div class=\"elementor-column elementor-col-100 elementor-top-column elementor-element elementor-element-7f63cc6\" data-id=\"7f63cc6\" data-element_type=\"column\">\n\t\t\t<div class=\"elementor-widget-wrap elementor-element-populated\">\n\t\t\t\t\t\t<div class=\"elementor-element elementor-element-b7806f1 elementor-widget elementor-widget-heading\" data-id=\"b7806f1\" data-element_type=\"widget\" data-widget_type=\"heading.default\">\n\t\t\t\t<div class=\"elementor-widget-container\">\n\t\t\t\t\t<h2 class=\"elementor-heading-title elementor-size-default\">Pol\u00edcia Civil prende dois homens por tr\u00e1fico e encontra estufa para produ\u00e7\u00e3o de drogas<\/h2>\t\t\t\t<\/div>\n\t\t\t\t<\/div>\n\t\t\t\t\t<\/div>\n\t\t<\/div>\n\t\t\t\t\t<\/div>\n\t\t<\/section>\n\t\t\t\t<section class=\"elementor-section elementor-top-section elementor-element elementor-element-7e0e239 elementor-section-boxed elementor-section-height-default elementor-section-height-default\" data-id=\"7e0e239\" data-element_type=\"section\">\n\t\t\t\t\t\t<div class=\"elementor-container elementor-column-gap-default\">\n\t\t\t\t\t<div class=\"elementor-column elementor-col-100 elementor-top-column elementor-element elementor-element-eadb9d2\" data-id=\"eadb9d2\" data-element_type=\"column\">\n\t\t\t<div class=\"elementor-widget-wrap elementor-element-populated\">\n\t\t\t\t\t\t<div class=\"elementor-element elementor-element-b505908 elementor-widget elementor-widget-image\" data-id=\"b505908\" data-element_type=\"widget\" data-widget_type=\"image.default\">\n\t\t\t\t<div class=\"elementor-widget-container\">\n\t\t\t\t\t\t\t\t\t\t\t\t\t\t\t<img fetchpriority=\"high\" decoding=\"async\" width=\"696\" height=\"928\" src=\"https:\/\/pc.sc.gov.br\/\/wp-content\/uploads\/2023\/09\/WhatsApp-Image-2023-09-14-at-08.42.14.jpeg\" class=\"attachment-large size-large wp-image-13490\" alt=\"\" srcset=\"https:\/\/pc.sc.gov.br\/\/wp-content\/uploads\/2023\/09\/WhatsApp-Image-2023-09-14-at-08.42.14.jpeg 768w, https:\/\/pc.sc.gov.br\/\/wp-content\/uploads\/2023\/09\/WhatsApp-Image-2023-09-14-at-08.42.14-225x300.jpeg 225w\" sizes=\"(max-width: 696px) 100vw, 696px\" \/>\t\t\t\t\t\t\t\t\t\t\t\t\t\t\t<\/div>\n\t\t\t\t<\/div>\n\t\t\t\t\t<\/div>\n\t\t<\/div>\n\t\t\t\t\t<\/div>\n\t\t<\/section>\n\t\t\t\t<section class=\"elementor-section elementor-top-section elementor-element elementor-element-43afb78 elementor-section-boxed elementor-section-height-default elementor-section-height-default\" data-id=\"43afb78\" data-element_type=\"section\">\n\t\t\t\t\t\t<div class=\"elementor-container elementor-column-gap-default\">\n\t\t\t\t\t<div class=\"elementor-column elementor-col-100 elementor-top-column elementor-element elementor-element-16e63bf\" data-id=\"16e63bf\" data-element_type=\"column\">\n\t\t\t<div class=\"elementor-widget-wrap elementor-element-populated\">\n\t\t\t\t\t\t<div class=\"elementor-element elementor-element-0a4a57a elementor-widget elementor-widget-text-editor\" data-id=\"0a4a57a\" data-element_type=\"widget\" data-widget_type=\"text-editor.default\">\n\t\t\t\t<div class=\"elementor-widget-container\">\n\t\t\t\t\t\t\t\t\t<p>Nesta quinta-feira (14), a Pol\u00edcia Civil de Santa Catarina, por meio da Delegacia de Repress\u00e3o ao Crime Organizado, da Delegacia de Investiga\u00e7\u00e3o \u00e0 Lavagem de Dinheiro, e a Delegacia de Capturas, todas da Diretoria Estadual de Investiga\u00e7\u00f5es Criminais, deflagraram opera\u00e7\u00e3o policial para o cumprimento de tr\u00eas mandados de busca e apreens\u00e3o e um mandado de pris\u00e3o preventiva.<\/p>\n<p>Ap\u00f3s investiga\u00e7\u00e3o da DRACO em conjunto com a DELAV, foram identificadas tr\u00eas resid\u00eancias nos munic\u00edpios de Bigua\u00e7\u00fa e S\u00e3o Jos\u00e9, onde os investigados produziam e comercializavam drogas. Ainda foi identificado que um dos alvos possu\u00eda mandado de pris\u00e3o ativo.<\/p>\n<p>Ap\u00f3s representa\u00e7\u00e3o da autoridade policial, foi expedido pela Vara Criminal da Regi\u00e3o Metropolitana de Florian\u00f3polis tr\u00eas mandados de busca e apreens\u00e3o para serem cumpridos nos endere\u00e7os dos alvos.<\/p>\n<p>Hoje por volta das 6h foi deflagrada opera\u00e7\u00e3o policial para cumprimento das ordens judiciais, sendo encontrada uma estufa de drogas, skunk, insumos e material para a produ\u00e7\u00e3o de drogas. Ainda foi apreendido um ve\u00edculo utilizado para o tr\u00e1fico de drogas e dado cumprimento ao mandado de pris\u00e3o ativo contra um dos investigados.<\/p>\n<p>Diante dos fatos, os dois homens foram presos e conduzidos para a sede da DRACO\/DEIC para os procedimentos legais.<\/p>\n<p><span style=\"font-family: var( --e-global-typography-primary-font-family ), Sans-serif; font-size: var( --e-global-typography-primary-font-size ); letter-spacing: var( --e-global-typography-primary-letter-spacing );\"><b>Confira o v\u00eddeo do delegado Ant\u00f4nio Cl\u00e1udio Seixas Joca que fala sobre o caso:<\/b><\/span><br><\/p>\t\t\t\t\t\t\t\t<\/div>\n\t\t\t\t<\/div>\n\t\t\t\t\t<\/div>\n\t\t<\/div>\n\t\t\t\t\t<\/div>\n\t\t<\/section>\n\t\t\t\t<section class=\"elementor-section elementor-top-section elementor-element elementor-element-088aa82 elementor-section-boxed elementor-section-height-default elementor-section-height-default\" data-id=\"088aa82\" data-element_type=\"section\">\n\t\t\t\t\t\t<div class=\"elementor-container elementor-column-gap-default\">\n\t\t\t\t\t<div class=\"elementor-column elementor-col-100 elementor-top-column elementor-element elementor-element-7414f1a\" data-id=\"7414f1a\" data-element_type=\"column\">\n\t\t\t<div class=\"elementor-widget-wrap elementor-element-populated\">\n\t\t\t\t\t\t<div class=\"elementor-element elementor-element-0e3977f elementor-widget elementor-widget-video\" data-id=\"0e3977f\" data-element_type=\"widget\" data-settings=\"{&quot;video_type&quot;:&quot;hosted&quot;,&quot;controls&quot;:&quot;yes&quot;}\" data-widget_type=\"video.default\">\n\t\t\t\t<div class=\"elementor-widget-container\">\n\t\t\t\t\t\t\t<div class=\"e-hosted-video elementor-wrapper elementor-open-inline\">\n\t\t\t\t\t<video class=\"elementor-video\" src=\"https:\/\/pc.sc.gov.br\/wp-content\/uploads\/2023\/09\/WhatsApp-Video-2023-09-14-at-09.59.08-1.mp4\" controls=\"\" preload=\"metadata\"><\/video>\n\t\t\t\t<\/div>\n\t\t\t\t\t\t<\/div>\n\t\t\t\t<\/div>\n\t\t\t\t<div class=\"elementor-element elementor-element-a2d6a11 elementor-widget elementor-widget-video\" data-id=\"a2d6a11\" data-element_type=\"widget\" data-settings=\"{&quot;video_type&quot;:&quot;hosted&quot;,&quot;controls&quot;:&quot;yes&quot;}\" data-widget_type=\"video.default\">\n\t\t\t\t<div class=\"elementor-widget-container\">\n\t\t\t\t\t\t\t<div class=\"e-hosted-video elementor-wrapper elementor-open-inline\">\n\t\t\t\t\t<video class=\"elementor-video\" src=\"https:\/\/pc.sc.gov.br\/wp-content\/uploads\/2023\/09\/WhatsApp-Video-2023-09-14-at-09.12.41.mp4\" controls=\"\" preload=\"metadata\"><\/video>\n\t\t\t\t<\/div>\n\t\t\t\t\t\t<\/div>\n\t\t\t\t<\/div>\n\t\t\t\t\t<\/div>\n\t\t<\/div>\n\t\t\t\t\t<\/div>\n\t\t<\/section>\n\t\t\t\t<\/div>\n\t\t","protected":false},"excerpt":{"rendered":"<p>Pol\u00edcia Civil prende dois homens por tr\u00e1fico e encontra estufa para produ\u00e7\u00e3o de drogas Nesta quinta-feira (14), a Pol\u00edcia Civil de Santa Catarina, por meio da Delegacia de Repress\u00e3o ao Crime Organizado, da Delegacia de Investiga\u00e7\u00e3o \u00e0 Lavagem de Dinheiro, e a Delegacia de Capturas, todas da Diretoria Estadual de Investiga\u00e7\u00f5es Criminais, deflagraram opera\u00e7\u00e3o policial [&hellip;]<\/p>\n","protected":false},"author":5,"featured_media":13490,"comment_status":"closed","ping_status":"open","sticky":false,"template":"","format":"standard","meta":{"_monsterinsights_skip_tracking":false,"_monsterinsights_sitenote_active":false,"_monsterinsights_sitenote_note":"","_monsterinsights_sitenote_category":0,"footnotes":""},"categories":[1],"tags":[],"class_list":["post-13486","post","type-post","status-publish","format-standard","has-post-thumbnail","hentry","category-sem-categoria"],"_links":{"self":[{"href":"https:\/\/pc.sc.gov.br\/index.php?rest_route=\/wp\/v2\/posts\/13486","targetHints":{"allow":["GET"]}}],"collection":[{"href":"https:\/\/pc.sc.gov.br\/index.php?rest_route=\/wp\/v2\/posts"}],"about":[{"href":"https:\/\/pc.sc.gov.br\/index.php?rest_route=\/wp\/v2\/types\/post"}],"author":[{"embeddable":true,"href":"https:\/\/pc.sc.gov.br\/index.php?rest_route=\/wp\/v2\/users\/5"}],"replies":[{"embeddable":true,"href":"https:\/\/pc.sc.gov.br\/index.php?rest_route=%2Fwp%2Fv2%2Fcomments&post=13486"}],"version-history":[{"count":4,"href":"https:\/\/pc.sc.gov.br\/index.php?rest_route=\/wp\/v2\/posts\/13486\/revisions"}],"predecessor-version":[{"id":13498,"href":"https:\/\/pc.sc.gov.br\/index.php?rest_route=\/wp\/v2\/posts\/13486\/revisions\/13498"}],"wp:featuredmedia":[{"embeddable":true,"href":"https:\/\/pc.sc.gov.br\/index.php?rest_route=\/wp\/v2\/media\/13490"}],"wp:attachment":[{"href":"https:\/\/pc.sc.gov.br\/index.php?rest_route=%2Fwp%2Fv2%2Fmedia&parent=13486"}],"wp:term":[{"taxonomy":"category","embeddable":true,"href":"https:\/\/pc.sc.gov.br\/index.php?rest_route=%2Fwp%2Fv2%2Fcategories&post=13486"},{"taxonomy":"post_tag","embeddable":true,"href":"https:\/\/pc.sc.gov.br\/index.php?rest_route=%2Fwp%2Fv2%2Ftags&post=13486"}],"curies":[{"name":"wp","href":"https:\/\/api.w.org\/{rel}","templated":true}]}}