{"id":13504,"date":"2023-09-14T18:46:38","date_gmt":"2023-09-14T21:46:38","guid":{"rendered":"https:\/\/pc.sc.gov.br\/?p=13504"},"modified":"2023-09-14T18:47:30","modified_gmt":"2023-09-14T21:47:30","slug":"policia-civil-prende-homem-em-flagrante-com-arma-de-fogo-de-uso-restrito-e-municoes-em-turvo","status":"publish","type":"post","link":"https:\/\/pc.sc.gov.br\/?p=13504","title":{"rendered":"Pol\u00edcia Civil prende homem em flagrante com arma de fogo de uso restrito e muni\u00e7\u00f5es em Turvo"},"content":{"rendered":"\t\t<div data-elementor-type=\"wp-post\" data-elementor-id=\"13504\" class=\"elementor elementor-13504\" data-elementor-post-type=\"post\">\n\t\t\t\t\t\t<section class=\"elementor-section elementor-top-section elementor-element elementor-element-ebfdbc7 elementor-section-boxed elementor-section-height-default elementor-section-height-default\" data-id=\"ebfdbc7\" data-element_type=\"section\">\n\t\t\t\t\t\t<div class=\"elementor-container elementor-column-gap-default\">\n\t\t\t\t\t<div class=\"elementor-column elementor-col-100 elementor-top-column elementor-element elementor-element-1f37194\" data-id=\"1f37194\" data-element_type=\"column\">\n\t\t\t<div class=\"elementor-widget-wrap elementor-element-populated\">\n\t\t\t\t\t\t<div class=\"elementor-element elementor-element-0d11043 elementor-widget elementor-widget-heading\" data-id=\"0d11043\" data-element_type=\"widget\" data-widget_type=\"heading.default\">\n\t\t\t\t<div class=\"elementor-widget-container\">\n\t\t\t\t\t<h2 class=\"elementor-heading-title elementor-size-default\">Pol\u00edcia Civil prende homem em flagrante com arma de fogo de uso restrito e muni\u00e7\u00f5es em Turvo<\/h2>\t\t\t\t<\/div>\n\t\t\t\t<\/div>\n\t\t\t\t\t<\/div>\n\t\t<\/div>\n\t\t\t\t\t<\/div>\n\t\t<\/section>\n\t\t\t\t<section class=\"elementor-section elementor-top-section elementor-element elementor-element-6e0b702 elementor-section-boxed elementor-section-height-default elementor-section-height-default\" data-id=\"6e0b702\" data-element_type=\"section\">\n\t\t\t\t\t\t<div class=\"elementor-container elementor-column-gap-default\">\n\t\t\t\t\t<div class=\"elementor-column elementor-col-100 elementor-top-column elementor-element elementor-element-061cc43\" data-id=\"061cc43\" data-element_type=\"column\">\n\t\t\t<div class=\"elementor-widget-wrap elementor-element-populated\">\n\t\t\t\t\t\t<div class=\"elementor-element elementor-element-accc938 elementor-widget elementor-widget-image\" data-id=\"accc938\" data-element_type=\"widget\" data-widget_type=\"image.default\">\n\t\t\t\t<div class=\"elementor-widget-container\">\n\t\t\t\t\t\t\t\t\t\t\t\t\t\t\t<img fetchpriority=\"high\" decoding=\"async\" width=\"696\" height=\"522\" src=\"https:\/\/pc.sc.gov.br\/\/wp-content\/uploads\/2023\/09\/WhatsApp-Image-2023-09-14-at-18.18.51-fotor-20230914184429.jpg\" class=\"attachment-large size-large wp-image-13505\" alt=\"\" srcset=\"https:\/\/pc.sc.gov.br\/\/wp-content\/uploads\/2023\/09\/WhatsApp-Image-2023-09-14-at-18.18.51-fotor-20230914184429.jpg 912w, https:\/\/pc.sc.gov.br\/\/wp-content\/uploads\/2023\/09\/WhatsApp-Image-2023-09-14-at-18.18.51-fotor-20230914184429-300x225.jpg 300w, https:\/\/pc.sc.gov.br\/\/wp-content\/uploads\/2023\/09\/WhatsApp-Image-2023-09-14-at-18.18.51-fotor-20230914184429-768x576.jpg 768w\" sizes=\"(max-width: 696px) 100vw, 696px\" \/>\t\t\t\t\t\t\t\t\t\t\t\t\t\t\t<\/div>\n\t\t\t\t<\/div>\n\t\t\t\t\t<\/div>\n\t\t<\/div>\n\t\t\t\t\t<\/div>\n\t\t<\/section>\n\t\t\t\t<section class=\"elementor-section elementor-top-section elementor-element elementor-element-2ff5d96 elementor-section-boxed elementor-section-height-default elementor-section-height-default\" data-id=\"2ff5d96\" data-element_type=\"section\">\n\t\t\t\t\t\t<div class=\"elementor-container elementor-column-gap-default\">\n\t\t\t\t\t<div class=\"elementor-column elementor-col-100 elementor-top-column elementor-element elementor-element-6f62820\" data-id=\"6f62820\" data-element_type=\"column\">\n\t\t\t<div class=\"elementor-widget-wrap elementor-element-populated\">\n\t\t\t\t\t\t<div class=\"elementor-element elementor-element-3986d9e elementor-widget elementor-widget-text-editor\" data-id=\"3986d9e\" data-element_type=\"widget\" data-widget_type=\"text-editor.default\">\n\t\t\t\t<div class=\"elementor-widget-container\">\n\t\t\t\t\t\t\t\t\t<p>A Pol\u00edcia Civil de Santa Catarina, por meio da Delegacia de Turvo, com apoio das Delegacias de Jacinto Machado e Balne\u00e1rio Arroio do Silva, efetuou nesta quinta-feira (14), no munic\u00edpio de Balne\u00e1rio Arroio do Silva, a pris\u00e3o de um homem, por posse ilegal de arma de fogo de uso restrito e muni\u00e7\u00f5es.&nbsp;<\/p>\n<p>As investiga\u00e7\u00f5es se deram no munic\u00edpio de Turvo, quando os agentes apuraram que o suspeito havia receptado uma motocicleta produto de crime. O Delegado Lucas Fernandes da Rosa, representou ao ju\u00edzo para expedi\u00e7\u00e3o de mandado de busca e apreens\u00e3o,&nbsp; que foi deferido pelo ju\u00edzo.&nbsp;<\/p>\n<p>De posse do mandado judicial, os agentes se deslocaram at\u00e9 o endere\u00e7o do suspeito e realizaram a abordagem. Na resid\u00eancia n\u00e3o havia motocicleta, todavia, o suspeito come\u00e7ou a fazer amea\u00e7as, momento em que os agentes localizaram a arma e muni\u00e7\u00f5es de calibre restrito.&nbsp;<\/p>\n<p>No momento da pris\u00e3o o autor resistiu, tentando impedir a a\u00e7\u00e3o da pol\u00edcia, mas foi dominado e encaminhado \u00e0 Central de Plant\u00e3o Policial para os procedimentos cab\u00edveis.<\/p>\n<div>&nbsp;<\/div>\t\t\t\t\t\t\t\t<\/div>\n\t\t\t\t<\/div>\n\t\t\t\t\t<\/div>\n\t\t<\/div>\n\t\t\t\t\t<\/div>\n\t\t<\/section>\n\t\t\t\t<\/div>\n\t\t","protected":false},"excerpt":{"rendered":"<p>Pol\u00edcia Civil prende homem em flagrante com arma de fogo de uso restrito e muni\u00e7\u00f5es em Turvo A Pol\u00edcia Civil de Santa Catarina, por meio da Delegacia de Turvo, com apoio das Delegacias de Jacinto Machado e Balne\u00e1rio Arroio do Silva, efetuou nesta quinta-feira (14), no munic\u00edpio de Balne\u00e1rio Arroio do Silva, a pris\u00e3o de [&hellip;]<\/p>\n","protected":false},"author":5,"featured_media":13505,"comment_status":"closed","ping_status":"open","sticky":false,"template":"","format":"standard","meta":{"_monsterinsights_skip_tracking":false,"_monsterinsights_sitenote_active":false,"_monsterinsights_sitenote_note":"","_monsterinsights_sitenote_category":0,"footnotes":""},"categories":[1],"tags":[],"class_list":["post-13504","post","type-post","status-publish","format-standard","has-post-thumbnail","hentry","category-sem-categoria"],"_links":{"self":[{"href":"https:\/\/pc.sc.gov.br\/index.php?rest_route=\/wp\/v2\/posts\/13504","targetHints":{"allow":["GET"]}}],"collection":[{"href":"https:\/\/pc.sc.gov.br\/index.php?rest_route=\/wp\/v2\/posts"}],"about":[{"href":"https:\/\/pc.sc.gov.br\/index.php?rest_route=\/wp\/v2\/types\/post"}],"author":[{"embeddable":true,"href":"https:\/\/pc.sc.gov.br\/index.php?rest_route=\/wp\/v2\/users\/5"}],"replies":[{"embeddable":true,"href":"https:\/\/pc.sc.gov.br\/index.php?rest_route=%2Fwp%2Fv2%2Fcomments&post=13504"}],"version-history":[{"count":4,"href":"https:\/\/pc.sc.gov.br\/index.php?rest_route=\/wp\/v2\/posts\/13504\/revisions"}],"predecessor-version":[{"id":13509,"href":"https:\/\/pc.sc.gov.br\/index.php?rest_route=\/wp\/v2\/posts\/13504\/revisions\/13509"}],"wp:featuredmedia":[{"embeddable":true,"href":"https:\/\/pc.sc.gov.br\/index.php?rest_route=\/wp\/v2\/media\/13505"}],"wp:attachment":[{"href":"https:\/\/pc.sc.gov.br\/index.php?rest_route=%2Fwp%2Fv2%2Fmedia&parent=13504"}],"wp:term":[{"taxonomy":"category","embeddable":true,"href":"https:\/\/pc.sc.gov.br\/index.php?rest_route=%2Fwp%2Fv2%2Fcategories&post=13504"},{"taxonomy":"post_tag","embeddable":true,"href":"https:\/\/pc.sc.gov.br\/index.php?rest_route=%2Fwp%2Fv2%2Ftags&post=13504"}],"curies":[{"name":"wp","href":"https:\/\/api.w.org\/{rel}","templated":true}]}}