{"id":13521,"date":"2023-09-14T19:14:48","date_gmt":"2023-09-14T22:14:48","guid":{"rendered":"https:\/\/pc.sc.gov.br\/?p=13521"},"modified":"2023-09-14T19:16:07","modified_gmt":"2023-09-14T22:16:07","slug":"policia-civil-com-apoio-da-guarda-municipal-flagra-abatedouro-clandestino-e-apreende-cerca-de-uma-tonelada-de-carne-em-palhoca","status":"publish","type":"post","link":"https:\/\/pc.sc.gov.br\/?p=13521","title":{"rendered":"Pol\u00edcia Civil, com apoio da Guarda Municipal, flagra abatedouro clandestino e apreende cerca de uma tonelada de carne em Palho\u00e7a"},"content":{"rendered":"\t\t<div data-elementor-type=\"wp-post\" data-elementor-id=\"13521\" class=\"elementor elementor-13521\" data-elementor-post-type=\"post\">\n\t\t\t\t\t\t<section class=\"elementor-section elementor-top-section elementor-element elementor-element-91636fe elementor-section-boxed elementor-section-height-default elementor-section-height-default\" data-id=\"91636fe\" data-element_type=\"section\">\n\t\t\t\t\t\t<div class=\"elementor-container elementor-column-gap-default\">\n\t\t\t\t\t<div class=\"elementor-column elementor-col-100 elementor-top-column elementor-element elementor-element-889ce41\" data-id=\"889ce41\" data-element_type=\"column\">\n\t\t\t<div class=\"elementor-widget-wrap elementor-element-populated\">\n\t\t\t\t\t\t<div class=\"elementor-element elementor-element-b0807a9 elementor-widget elementor-widget-heading\" data-id=\"b0807a9\" data-element_type=\"widget\" data-widget_type=\"heading.default\">\n\t\t\t\t<div class=\"elementor-widget-container\">\n\t\t\t\t\t<h2 class=\"elementor-heading-title elementor-size-default\">Pol\u00edcia Civil, com apoio da Guarda Municipal, flagra abatedouro clandestino e apreende cerca de uma tonelada de carne em Palho\u00e7a<\/h2>\t\t\t\t<\/div>\n\t\t\t\t<\/div>\n\t\t\t\t\t<\/div>\n\t\t<\/div>\n\t\t\t\t\t<\/div>\n\t\t<\/section>\n\t\t\t\t<section class=\"elementor-section elementor-top-section elementor-element elementor-element-71ebc44 elementor-section-boxed elementor-section-height-default elementor-section-height-default\" data-id=\"71ebc44\" data-element_type=\"section\">\n\t\t\t\t\t\t<div class=\"elementor-container elementor-column-gap-default\">\n\t\t\t\t\t<div class=\"elementor-column elementor-col-100 elementor-top-column elementor-element elementor-element-ad76f87\" data-id=\"ad76f87\" data-element_type=\"column\">\n\t\t\t<div class=\"elementor-widget-wrap elementor-element-populated\">\n\t\t\t\t\t\t<div class=\"elementor-element elementor-element-3872103 elementor-widget elementor-widget-image\" data-id=\"3872103\" data-element_type=\"widget\" data-widget_type=\"image.default\">\n\t\t\t\t<div class=\"elementor-widget-container\">\n\t\t\t\t\t\t\t\t\t\t\t\t\t\t\t<img fetchpriority=\"high\" decoding=\"async\" width=\"696\" height=\"563\" src=\"https:\/\/pc.sc.gov.br\/\/wp-content\/uploads\/2023\/09\/WhatsApp-Image-2023-08-16-at-17.44.22-1-1024x829.jpeg\" class=\"attachment-large size-large wp-image-13412\" alt=\"\" srcset=\"https:\/\/pc.sc.gov.br\/\/wp-content\/uploads\/2023\/09\/WhatsApp-Image-2023-08-16-at-17.44.22-1-1024x829.jpeg 1024w, https:\/\/pc.sc.gov.br\/\/wp-content\/uploads\/2023\/09\/WhatsApp-Image-2023-08-16-at-17.44.22-1-300x243.jpeg 300w, https:\/\/pc.sc.gov.br\/\/wp-content\/uploads\/2023\/09\/WhatsApp-Image-2023-08-16-at-17.44.22-1-768x622.jpeg 768w, https:\/\/pc.sc.gov.br\/\/wp-content\/uploads\/2023\/09\/WhatsApp-Image-2023-08-16-at-17.44.22-1.jpeg 1317w\" sizes=\"(max-width: 696px) 100vw, 696px\" \/>\t\t\t\t\t\t\t\t\t\t\t\t\t\t\t<\/div>\n\t\t\t\t<\/div>\n\t\t\t\t\t<\/div>\n\t\t<\/div>\n\t\t\t\t\t<\/div>\n\t\t<\/section>\n\t\t\t\t<section class=\"elementor-section elementor-top-section elementor-element elementor-element-01a0d78 elementor-section-boxed elementor-section-height-default elementor-section-height-default\" data-id=\"01a0d78\" data-element_type=\"section\">\n\t\t\t\t\t\t<div class=\"elementor-container elementor-column-gap-default\">\n\t\t\t\t\t<div class=\"elementor-column elementor-col-100 elementor-top-column elementor-element elementor-element-05ba7da\" data-id=\"05ba7da\" data-element_type=\"column\">\n\t\t\t<div class=\"elementor-widget-wrap elementor-element-populated\">\n\t\t\t\t\t\t<div class=\"elementor-element elementor-element-e247a7b elementor-widget elementor-widget-text-editor\" data-id=\"e247a7b\" data-element_type=\"widget\" data-widget_type=\"text-editor.default\">\n\t\t\t\t<div class=\"elementor-widget-container\">\n\t\t\t\t\t\t\t\t\t<p>A Pol\u00edcia Civil da Comarca de Palho\u00e7a recebeu den\u00fancia do Servi\u00e7o de Inspe\u00e7\u00e3o Municipal, de que estaria ocorrendo abate ilegal de carne\/a\u00e7ougue clandestino que estaria funcionando em endere\u00e7o aparentemente residencial. A partir da\u00ed, os \u00f3rg\u00e3os municipais, CIDASC, PM, com apoio da DIC de Palho\u00e7a e DPCO, dirigiram-se ao local e tiveram o acesso impedido.<\/p><p>Durante o per\u00edodo noturno e a madrugada desta quinta-feira (14), os policiais civis e a Guarda Municipal retornaram ao local e flagraram pessoas transportando as carnes e realizando a limpeza do local. Foi apreendida cerca de uma tonelada de carne impr\u00f3pria para o consumo, em local sem as m\u00ednimas condi\u00e7\u00f5es de higiene e igualmente sem autoriza\u00e7\u00e3o dos \u00f3rg\u00e3os fiscalizadores para funcionamento.\u00a0<\/p><p>O local foi interditado e as pessoas encaminhadas \u00e0 DP para os procedimentos cab\u00edveis. A Pol\u00edcia Cient\u00edfica tamb\u00e9m esteve local recolhendo amostras para a produ\u00e7\u00e3o de an\u00e1lises e, junto com outros elementos, ir\u00e3o compor o inqu\u00e9rito policial.<\/p><p>As investiga\u00e7\u00f5es continuar\u00e3o para que sejam averiguados crimes contra a ordem de consumo, tribut\u00e1ria e delitos correlatos.<\/p><div>\u00a0<\/div>\t\t\t\t\t\t\t\t<\/div>\n\t\t\t\t<\/div>\n\t\t\t\t\t<\/div>\n\t\t<\/div>\n\t\t\t\t\t<\/div>\n\t\t<\/section>\n\t\t\t\t<\/div>\n\t\t","protected":false},"excerpt":{"rendered":"<p>Pol\u00edcia Civil, com apoio da Guarda Municipal, flagra abatedouro clandestino e apreende cerca de uma tonelada de carne em Palho\u00e7a A Pol\u00edcia Civil da Comarca de Palho\u00e7a recebeu den\u00fancia do Servi\u00e7o de Inspe\u00e7\u00e3o Municipal, de que estaria ocorrendo abate ilegal de carne\/a\u00e7ougue clandestino que estaria funcionando em endere\u00e7o aparentemente residencial. A partir da\u00ed, os \u00f3rg\u00e3os [&hellip;]<\/p>\n","protected":false},"author":5,"featured_media":12597,"comment_status":"closed","ping_status":"open","sticky":false,"template":"","format":"standard","meta":{"_monsterinsights_skip_tracking":false,"_monsterinsights_sitenote_active":false,"_monsterinsights_sitenote_note":"","_monsterinsights_sitenote_category":0,"footnotes":""},"categories":[1],"tags":[],"class_list":["post-13521","post","type-post","status-publish","format-standard","has-post-thumbnail","hentry","category-sem-categoria"],"_links":{"self":[{"href":"https:\/\/pc.sc.gov.br\/index.php?rest_route=\/wp\/v2\/posts\/13521","targetHints":{"allow":["GET"]}}],"collection":[{"href":"https:\/\/pc.sc.gov.br\/index.php?rest_route=\/wp\/v2\/posts"}],"about":[{"href":"https:\/\/pc.sc.gov.br\/index.php?rest_route=\/wp\/v2\/types\/post"}],"author":[{"embeddable":true,"href":"https:\/\/pc.sc.gov.br\/index.php?rest_route=\/wp\/v2\/users\/5"}],"replies":[{"embeddable":true,"href":"https:\/\/pc.sc.gov.br\/index.php?rest_route=%2Fwp%2Fv2%2Fcomments&post=13521"}],"version-history":[{"count":4,"href":"https:\/\/pc.sc.gov.br\/index.php?rest_route=\/wp\/v2\/posts\/13521\/revisions"}],"predecessor-version":[{"id":13525,"href":"https:\/\/pc.sc.gov.br\/index.php?rest_route=\/wp\/v2\/posts\/13521\/revisions\/13525"}],"wp:featuredmedia":[{"embeddable":true,"href":"https:\/\/pc.sc.gov.br\/index.php?rest_route=\/wp\/v2\/media\/12597"}],"wp:attachment":[{"href":"https:\/\/pc.sc.gov.br\/index.php?rest_route=%2Fwp%2Fv2%2Fmedia&parent=13521"}],"wp:term":[{"taxonomy":"category","embeddable":true,"href":"https:\/\/pc.sc.gov.br\/index.php?rest_route=%2Fwp%2Fv2%2Fcategories&post=13521"},{"taxonomy":"post_tag","embeddable":true,"href":"https:\/\/pc.sc.gov.br\/index.php?rest_route=%2Fwp%2Fv2%2Ftags&post=13521"}],"curies":[{"name":"wp","href":"https:\/\/api.w.org\/{rel}","templated":true}]}}