{"id":13526,"date":"2023-09-14T19:23:37","date_gmt":"2023-09-14T22:23:37","guid":{"rendered":"https:\/\/pc.sc.gov.br\/?p=13526"},"modified":"2023-09-14T19:25:17","modified_gmt":"2023-09-14T22:25:17","slug":"policia-civil-de-santa-catarina-participa-de-seminario-em-sao-paulo-sobre-prevencao-e-repressao-ao-crime-organizado","status":"publish","type":"post","link":"https:\/\/pc.sc.gov.br\/?p=13526","title":{"rendered":"Pol\u00edcia Civil de Santa Catarina participa de semin\u00e1rio em S\u00e3o Paulo sobre preven\u00e7\u00e3o e repress\u00e3o ao crime organizado"},"content":{"rendered":"\t\t<div data-elementor-type=\"wp-post\" data-elementor-id=\"13526\" class=\"elementor elementor-13526\" data-elementor-post-type=\"post\">\n\t\t\t\t\t\t<section class=\"elementor-section elementor-top-section elementor-element elementor-element-996aff0 elementor-section-boxed elementor-section-height-default elementor-section-height-default\" data-id=\"996aff0\" data-element_type=\"section\">\n\t\t\t\t\t\t<div class=\"elementor-container elementor-column-gap-default\">\n\t\t\t\t\t<div class=\"elementor-column elementor-col-100 elementor-top-column elementor-element elementor-element-7471aee\" data-id=\"7471aee\" data-element_type=\"column\">\n\t\t\t<div class=\"elementor-widget-wrap elementor-element-populated\">\n\t\t\t\t\t\t<div class=\"elementor-element elementor-element-4d7f4de elementor-widget elementor-widget-heading\" data-id=\"4d7f4de\" data-element_type=\"widget\" data-widget_type=\"heading.default\">\n\t\t\t\t<div class=\"elementor-widget-container\">\n\t\t\t\t\t<h2 class=\"elementor-heading-title elementor-size-default\">PCSC participa de semin\u00e1rio em s\u00e3o paulo sobre preven\u00e7\u00e3o e repress\u00e3o ao crime organizado<\/h2>\t\t\t\t<\/div>\n\t\t\t\t<\/div>\n\t\t\t\t\t<\/div>\n\t\t<\/div>\n\t\t\t\t\t<\/div>\n\t\t<\/section>\n\t\t\t\t<section class=\"elementor-section elementor-top-section elementor-element elementor-element-90d94b6 elementor-section-boxed elementor-section-height-default elementor-section-height-default\" data-id=\"90d94b6\" data-element_type=\"section\">\n\t\t\t\t\t\t<div class=\"elementor-container elementor-column-gap-default\">\n\t\t\t\t\t<div class=\"elementor-column elementor-col-100 elementor-top-column elementor-element elementor-element-dddb104\" data-id=\"dddb104\" data-element_type=\"column\">\n\t\t\t<div class=\"elementor-widget-wrap elementor-element-populated\">\n\t\t\t\t\t\t<div class=\"elementor-element elementor-element-b77ae95 elementor-widget elementor-widget-image\" data-id=\"b77ae95\" data-element_type=\"widget\" data-widget_type=\"image.default\">\n\t\t\t\t<div class=\"elementor-widget-container\">\n\t\t\t\t\t\t\t\t\t\t\t\t\t\t\t<img fetchpriority=\"high\" decoding=\"async\" width=\"696\" height=\"522\" src=\"https:\/\/pc.sc.gov.br\/\/wp-content\/uploads\/2023\/09\/WhatsApp-Image-2023-09-14-at-18.54.25-fotor-2023091419514.jpg\" class=\"attachment-large size-large wp-image-13527\" alt=\"\" srcset=\"https:\/\/pc.sc.gov.br\/\/wp-content\/uploads\/2023\/09\/WhatsApp-Image-2023-09-14-at-18.54.25-fotor-2023091419514.jpg 787w, https:\/\/pc.sc.gov.br\/\/wp-content\/uploads\/2023\/09\/WhatsApp-Image-2023-09-14-at-18.54.25-fotor-2023091419514-300x225.jpg 300w, https:\/\/pc.sc.gov.br\/\/wp-content\/uploads\/2023\/09\/WhatsApp-Image-2023-09-14-at-18.54.25-fotor-2023091419514-768x576.jpg 768w\" sizes=\"(max-width: 696px) 100vw, 696px\" \/>\t\t\t\t\t\t\t\t\t\t\t\t\t\t\t<\/div>\n\t\t\t\t<\/div>\n\t\t\t\t\t<\/div>\n\t\t<\/div>\n\t\t\t\t\t<\/div>\n\t\t<\/section>\n\t\t\t\t<section class=\"elementor-section elementor-top-section elementor-element elementor-element-f57ff5a elementor-section-boxed elementor-section-height-default elementor-section-height-default\" data-id=\"f57ff5a\" data-element_type=\"section\">\n\t\t\t\t\t\t<div class=\"elementor-container elementor-column-gap-default\">\n\t\t\t\t\t<div class=\"elementor-column elementor-col-100 elementor-top-column elementor-element elementor-element-bf54098\" data-id=\"bf54098\" data-element_type=\"column\">\n\t\t\t<div class=\"elementor-widget-wrap elementor-element-populated\">\n\t\t\t\t\t\t<div class=\"elementor-element elementor-element-25613f4 elementor-widget elementor-widget-text-editor\" data-id=\"25613f4\" data-element_type=\"widget\" data-widget_type=\"text-editor.default\">\n\t\t\t\t<div class=\"elementor-widget-container\">\n\t\t\t\t\t\t\t\t\t<p>A Pol\u00edcia Civil de Santa Catarina participou nesta quinta-feira (14) do semin\u00e1rio promovido pela institui\u00e7\u00e3o financeira Santander, cujo tema foi a preven\u00e7\u00e3o e a repress\u00e3o ao crime organizado. Os delegados Anselmo Cruz, da DRAS\/DEIC, e Murillo Batalha, da DIC de Joinville, representaram a PCSC no evento.<\/p>\n<p>Na ocasi\u00e3o, um dos palestrantes foi o secret\u00e1rio de Seguran\u00e7a P\u00fablica do Estado de S\u00e3o Paulo, Guilherme Derrite, que tratou sobre o enfrentamento ao crime organizado. O evento tamb\u00e9m contou com palestras de delegados da Pol\u00edcia Federal, que abordaram o tema Dom\u00ednio de Cidades.<\/p>\n<p>Na parte da tarde, tamb\u00e9m falaram os diretores da ABIN e o Dr. Lincoln Gakiya, que falaram sobre as estrat\u00e9gias para desarticular as organiza\u00e7\u00f5es criminosas. No encerramento, o Delegado de Pol\u00edcia do Estado de S\u00e3o Paulo, Pedro Ivo, palestrou acerca das Provas T\u00e9cnicas na Repress\u00e3o aos Roubos a Bancos no pa\u00eds.&nbsp;<span style=\"color: var( --e-global-color-text ); font-family: var( --e-global-typography-primary-font-family ), Sans-serif; font-size: var( --e-global-typography-primary-font-size ); font-weight: var( --e-global-typography-primary-font-weight ); letter-spacing: var( --e-global-typography-primary-letter-spacing );\">&nbsp;<\/span><\/p>\t\t\t\t\t\t\t\t<\/div>\n\t\t\t\t<\/div>\n\t\t\t\t\t<\/div>\n\t\t<\/div>\n\t\t\t\t\t<\/div>\n\t\t<\/section>\n\t\t\t\t<\/div>\n\t\t","protected":false},"excerpt":{"rendered":"<p>PCSC participa de semin\u00e1rio em s\u00e3o paulo sobre preven\u00e7\u00e3o e repress\u00e3o ao crime organizado A Pol\u00edcia Civil de Santa Catarina participou nesta quinta-feira (14) do semin\u00e1rio promovido pela institui\u00e7\u00e3o financeira Santander, cujo tema foi a preven\u00e7\u00e3o e a repress\u00e3o ao crime organizado. Os delegados Anselmo Cruz, da DRAS\/DEIC, e Murillo Batalha, da DIC de Joinville, [&hellip;]<\/p>\n","protected":false},"author":5,"featured_media":13527,"comment_status":"closed","ping_status":"open","sticky":false,"template":"","format":"standard","meta":{"_monsterinsights_skip_tracking":false,"_monsterinsights_sitenote_active":false,"_monsterinsights_sitenote_note":"","_monsterinsights_sitenote_category":0,"footnotes":""},"categories":[1],"tags":[],"class_list":["post-13526","post","type-post","status-publish","format-standard","has-post-thumbnail","hentry","category-sem-categoria"],"_links":{"self":[{"href":"https:\/\/pc.sc.gov.br\/index.php?rest_route=\/wp\/v2\/posts\/13526","targetHints":{"allow":["GET"]}}],"collection":[{"href":"https:\/\/pc.sc.gov.br\/index.php?rest_route=\/wp\/v2\/posts"}],"about":[{"href":"https:\/\/pc.sc.gov.br\/index.php?rest_route=\/wp\/v2\/types\/post"}],"author":[{"embeddable":true,"href":"https:\/\/pc.sc.gov.br\/index.php?rest_route=\/wp\/v2\/users\/5"}],"replies":[{"embeddable":true,"href":"https:\/\/pc.sc.gov.br\/index.php?rest_route=%2Fwp%2Fv2%2Fcomments&post=13526"}],"version-history":[{"count":4,"href":"https:\/\/pc.sc.gov.br\/index.php?rest_route=\/wp\/v2\/posts\/13526\/revisions"}],"predecessor-version":[{"id":13531,"href":"https:\/\/pc.sc.gov.br\/index.php?rest_route=\/wp\/v2\/posts\/13526\/revisions\/13531"}],"wp:featuredmedia":[{"embeddable":true,"href":"https:\/\/pc.sc.gov.br\/index.php?rest_route=\/wp\/v2\/media\/13527"}],"wp:attachment":[{"href":"https:\/\/pc.sc.gov.br\/index.php?rest_route=%2Fwp%2Fv2%2Fmedia&parent=13526"}],"wp:term":[{"taxonomy":"category","embeddable":true,"href":"https:\/\/pc.sc.gov.br\/index.php?rest_route=%2Fwp%2Fv2%2Fcategories&post=13526"},{"taxonomy":"post_tag","embeddable":true,"href":"https:\/\/pc.sc.gov.br\/index.php?rest_route=%2Fwp%2Fv2%2Ftags&post=13526"}],"curies":[{"name":"wp","href":"https:\/\/api.w.org\/{rel}","templated":true}]}}