{"id":13626,"date":"2023-09-18T19:16:06","date_gmt":"2023-09-18T22:16:06","guid":{"rendered":"https:\/\/pc.sc.gov.br\/?p=13626"},"modified":"2023-09-18T19:18:01","modified_gmt":"2023-09-18T22:18:01","slug":"policia-civil-de-itapema-prende-tio-suspeito-de-abusar-de-sobrinha","status":"publish","type":"post","link":"https:\/\/pc.sc.gov.br\/?p=13626","title":{"rendered":"Pol\u00edcia Civil de Itapema prende tio suspeito de abusar de sobrinha"},"content":{"rendered":"\t\t<div data-elementor-type=\"wp-post\" data-elementor-id=\"13626\" class=\"elementor elementor-13626\" data-elementor-post-type=\"post\">\n\t\t\t\t\t\t<section class=\"elementor-section elementor-top-section elementor-element elementor-element-f35e0fe elementor-section-boxed elementor-section-height-default elementor-section-height-default\" data-id=\"f35e0fe\" data-element_type=\"section\">\n\t\t\t\t\t\t<div class=\"elementor-container elementor-column-gap-default\">\n\t\t\t\t\t<div class=\"elementor-column elementor-col-100 elementor-top-column elementor-element elementor-element-07678b9\" data-id=\"07678b9\" data-element_type=\"column\">\n\t\t\t<div class=\"elementor-widget-wrap elementor-element-populated\">\n\t\t\t\t\t\t<div class=\"elementor-element elementor-element-1443cac elementor-widget elementor-widget-heading\" data-id=\"1443cac\" data-element_type=\"widget\" data-widget_type=\"heading.default\">\n\t\t\t\t<div class=\"elementor-widget-container\">\n\t\t\t\t\t<h2 class=\"elementor-heading-title elementor-size-default\">Pol\u00edcia Civil de Itapema prende tio suspeito de abusar de sobrinha<\/h2>\t\t\t\t<\/div>\n\t\t\t\t<\/div>\n\t\t\t\t\t<\/div>\n\t\t<\/div>\n\t\t\t\t\t<\/div>\n\t\t<\/section>\n\t\t\t\t<section class=\"elementor-section elementor-top-section elementor-element elementor-element-0f59a2b elementor-section-boxed elementor-section-height-default elementor-section-height-default\" data-id=\"0f59a2b\" data-element_type=\"section\">\n\t\t\t\t\t\t<div class=\"elementor-container elementor-column-gap-default\">\n\t\t\t\t\t<div class=\"elementor-column elementor-col-100 elementor-top-column elementor-element elementor-element-afdf7a5\" data-id=\"afdf7a5\" data-element_type=\"column\">\n\t\t\t<div class=\"elementor-widget-wrap elementor-element-populated\">\n\t\t\t\t\t\t<div class=\"elementor-element elementor-element-52141a3 elementor-widget elementor-widget-image\" data-id=\"52141a3\" data-element_type=\"widget\" data-widget_type=\"image.default\">\n\t\t\t\t<div class=\"elementor-widget-container\">\n\t\t\t\t\t\t\t\t\t\t\t\t\t\t\t<img fetchpriority=\"high\" decoding=\"async\" width=\"696\" height=\"563\" src=\"https:\/\/pc.sc.gov.br\/\/wp-content\/uploads\/2023\/09\/WhatsApp-Image-2023-08-16-at-17.44.22-1-1024x829.jpeg\" class=\"attachment-large size-large wp-image-13412\" alt=\"\" srcset=\"https:\/\/pc.sc.gov.br\/\/wp-content\/uploads\/2023\/09\/WhatsApp-Image-2023-08-16-at-17.44.22-1-1024x829.jpeg 1024w, https:\/\/pc.sc.gov.br\/\/wp-content\/uploads\/2023\/09\/WhatsApp-Image-2023-08-16-at-17.44.22-1-300x243.jpeg 300w, https:\/\/pc.sc.gov.br\/\/wp-content\/uploads\/2023\/09\/WhatsApp-Image-2023-08-16-at-17.44.22-1-768x622.jpeg 768w, https:\/\/pc.sc.gov.br\/\/wp-content\/uploads\/2023\/09\/WhatsApp-Image-2023-08-16-at-17.44.22-1.jpeg 1317w\" sizes=\"(max-width: 696px) 100vw, 696px\" \/>\t\t\t\t\t\t\t\t\t\t\t\t\t\t\t<\/div>\n\t\t\t\t<\/div>\n\t\t\t\t\t<\/div>\n\t\t<\/div>\n\t\t\t\t\t<\/div>\n\t\t<\/section>\n\t\t\t\t<section class=\"elementor-section elementor-top-section elementor-element elementor-element-0d11dca elementor-section-boxed elementor-section-height-default elementor-section-height-default\" data-id=\"0d11dca\" data-element_type=\"section\">\n\t\t\t\t\t\t<div class=\"elementor-container elementor-column-gap-default\">\n\t\t\t\t\t<div class=\"elementor-column elementor-col-100 elementor-top-column elementor-element elementor-element-ca3a43c\" data-id=\"ca3a43c\" data-element_type=\"column\">\n\t\t\t<div class=\"elementor-widget-wrap elementor-element-populated\">\n\t\t\t\t\t\t<div class=\"elementor-element elementor-element-208d271 elementor-widget elementor-widget-text-editor\" data-id=\"208d271\" data-element_type=\"widget\" data-widget_type=\"text-editor.default\">\n\t\t\t\t<div class=\"elementor-widget-container\">\n\t\t\t\t\t\t\t\t\t<p>A Pol\u00edcia Civil, por meio da Delegacia de Itapema, prendeu nesta segunda-feira (18), de forma preventiva um homem, suspeito de abusar da sobrinha menor de idade. Ele tamb\u00e9m \u00e9 investigado por fornecer medicamento que teria provocado aborto na menor.<\/p><p>O caso ganhou repercuss\u00e3o na semana passada quando a diretora do col\u00e9gio em que a menina estuda acionou a Pol\u00edcia Militar. Na delegacia, o suspeito manifestou o direito de permanecer em sil\u00eancio. O caso segue em sigilo.\u00a0<\/p><p>A Pol\u00edcia Civil aguarda o laudo oficial da Pol\u00edcia Cient\u00edfica para concluir o Inqu\u00e9rito Policial, que tramita como prioridade. Em virtude de ser depoimento especial, que tem como objetivo preservar a v\u00edtima, a menor ser\u00e1 ouvida apenas uma vez e em ju\u00edzo. O homem est\u00e1 sendo investigado pelo crime de estupro de vulner\u00e1vel e aborto.<\/p><div>\u00a0<\/div>\t\t\t\t\t\t\t\t<\/div>\n\t\t\t\t<\/div>\n\t\t\t\t\t<\/div>\n\t\t<\/div>\n\t\t\t\t\t<\/div>\n\t\t<\/section>\n\t\t\t\t<\/div>\n\t\t","protected":false},"excerpt":{"rendered":"<p>Pol\u00edcia Civil de Itapema prende tio suspeito de abusar de sobrinha A Pol\u00edcia Civil, por meio da Delegacia de Itapema, prendeu nesta segunda-feira (18), de forma preventiva um homem, suspeito de abusar da sobrinha menor de idade. Ele tamb\u00e9m \u00e9 investigado por fornecer medicamento que teria provocado aborto na menor. O caso ganhou repercuss\u00e3o na [&hellip;]<\/p>\n","protected":false},"author":5,"featured_media":13123,"comment_status":"closed","ping_status":"open","sticky":false,"template":"","format":"standard","meta":{"_monsterinsights_skip_tracking":false,"_monsterinsights_sitenote_active":false,"_monsterinsights_sitenote_note":"","_monsterinsights_sitenote_category":0,"footnotes":""},"categories":[1],"tags":[],"class_list":["post-13626","post","type-post","status-publish","format-standard","has-post-thumbnail","hentry","category-sem-categoria"],"_links":{"self":[{"href":"https:\/\/pc.sc.gov.br\/index.php?rest_route=\/wp\/v2\/posts\/13626","targetHints":{"allow":["GET"]}}],"collection":[{"href":"https:\/\/pc.sc.gov.br\/index.php?rest_route=\/wp\/v2\/posts"}],"about":[{"href":"https:\/\/pc.sc.gov.br\/index.php?rest_route=\/wp\/v2\/types\/post"}],"author":[{"embeddable":true,"href":"https:\/\/pc.sc.gov.br\/index.php?rest_route=\/wp\/v2\/users\/5"}],"replies":[{"embeddable":true,"href":"https:\/\/pc.sc.gov.br\/index.php?rest_route=%2Fwp%2Fv2%2Fcomments&post=13626"}],"version-history":[{"count":4,"href":"https:\/\/pc.sc.gov.br\/index.php?rest_route=\/wp\/v2\/posts\/13626\/revisions"}],"predecessor-version":[{"id":13631,"href":"https:\/\/pc.sc.gov.br\/index.php?rest_route=\/wp\/v2\/posts\/13626\/revisions\/13631"}],"wp:featuredmedia":[{"embeddable":true,"href":"https:\/\/pc.sc.gov.br\/index.php?rest_route=\/wp\/v2\/media\/13123"}],"wp:attachment":[{"href":"https:\/\/pc.sc.gov.br\/index.php?rest_route=%2Fwp%2Fv2%2Fmedia&parent=13626"}],"wp:term":[{"taxonomy":"category","embeddable":true,"href":"https:\/\/pc.sc.gov.br\/index.php?rest_route=%2Fwp%2Fv2%2Fcategories&post=13626"},{"taxonomy":"post_tag","embeddable":true,"href":"https:\/\/pc.sc.gov.br\/index.php?rest_route=%2Fwp%2Fv2%2Ftags&post=13626"}],"curies":[{"name":"wp","href":"https:\/\/api.w.org\/{rel}","templated":true}]}}