{"id":13653,"date":"2023-09-19T16:39:09","date_gmt":"2023-09-19T19:39:09","guid":{"rendered":"https:\/\/pc.sc.gov.br\/?p=13653"},"modified":"2023-09-20T13:44:19","modified_gmt":"2023-09-20T16:44:19","slug":"policia-civil-e-prefeitura-de-sao-jose-assinam-convenio-de-cooperacao","status":"publish","type":"post","link":"https:\/\/pc.sc.gov.br\/?p=13653","title":{"rendered":"Pol\u00edcia Civil e prefeitura de S\u00e3o Jos\u00e9 assinam conv\u00eanio de coopera\u00e7\u00e3o"},"content":{"rendered":"\t\t<div data-elementor-type=\"wp-post\" data-elementor-id=\"13653\" class=\"elementor elementor-13653\" data-elementor-post-type=\"post\">\n\t\t\t\t\t\t<section class=\"elementor-section elementor-top-section elementor-element elementor-element-b400e4a elementor-section-boxed elementor-section-height-default elementor-section-height-default\" data-id=\"b400e4a\" data-element_type=\"section\">\n\t\t\t\t\t\t<div class=\"elementor-container elementor-column-gap-default\">\n\t\t\t\t\t<div class=\"elementor-column elementor-col-100 elementor-top-column elementor-element elementor-element-af2aae0\" data-id=\"af2aae0\" data-element_type=\"column\">\n\t\t\t<div class=\"elementor-widget-wrap elementor-element-populated\">\n\t\t\t\t\t\t<div class=\"elementor-element elementor-element-5dac42b elementor-widget elementor-widget-heading\" data-id=\"5dac42b\" data-element_type=\"widget\" data-widget_type=\"heading.default\">\n\t\t\t\t<div class=\"elementor-widget-container\">\n\t\t\t\t\t<h2 class=\"elementor-heading-title elementor-size-default\">Pol\u00edcia Civil e prefeitura de S\u00e3o Jos\u00e9 assinam conv\u00eanio de coopera\u00e7\u00e3o<\/h2>\t\t\t\t<\/div>\n\t\t\t\t<\/div>\n\t\t\t\t\t<\/div>\n\t\t<\/div>\n\t\t\t\t\t<\/div>\n\t\t<\/section>\n\t\t\t\t<section class=\"elementor-section elementor-top-section elementor-element elementor-element-f9be2b9 elementor-section-boxed elementor-section-height-default elementor-section-height-default\" data-id=\"f9be2b9\" data-element_type=\"section\">\n\t\t\t\t\t\t<div class=\"elementor-container elementor-column-gap-default\">\n\t\t\t\t\t<div class=\"elementor-column elementor-col-100 elementor-top-column elementor-element elementor-element-5b85fb9\" data-id=\"5b85fb9\" data-element_type=\"column\">\n\t\t\t<div class=\"elementor-widget-wrap elementor-element-populated\">\n\t\t\t\t\t\t<div class=\"elementor-element elementor-element-36d3db3 elementor-widget elementor-widget-image\" data-id=\"36d3db3\" data-element_type=\"widget\" data-widget_type=\"image.default\">\n\t\t\t\t<div class=\"elementor-widget-container\">\n\t\t\t\t\t\t\t\t\t\t\t\t\t\t\t<img fetchpriority=\"high\" decoding=\"async\" width=\"696\" height=\"464\" src=\"https:\/\/pc.sc.gov.br\/\/wp-content\/uploads\/2023\/09\/CONVENIO-SJ-DEIC-1024x683.jpeg\" class=\"attachment-large size-large wp-image-13674\" alt=\"\" srcset=\"https:\/\/pc.sc.gov.br\/\/wp-content\/uploads\/2023\/09\/CONVENIO-SJ-DEIC-1024x683.jpeg 1024w, https:\/\/pc.sc.gov.br\/\/wp-content\/uploads\/2023\/09\/CONVENIO-SJ-DEIC-300x200.jpeg 300w, https:\/\/pc.sc.gov.br\/\/wp-content\/uploads\/2023\/09\/CONVENIO-SJ-DEIC-768x512.jpeg 768w, https:\/\/pc.sc.gov.br\/\/wp-content\/uploads\/2023\/09\/CONVENIO-SJ-DEIC-1536x1024.jpeg 1536w, https:\/\/pc.sc.gov.br\/\/wp-content\/uploads\/2023\/09\/CONVENIO-SJ-DEIC.jpeg 1600w\" sizes=\"(max-width: 696px) 100vw, 696px\" \/>\t\t\t\t\t\t\t\t\t\t\t\t\t\t\t<\/div>\n\t\t\t\t<\/div>\n\t\t\t\t\t<\/div>\n\t\t<\/div>\n\t\t\t\t\t<\/div>\n\t\t<\/section>\n\t\t\t\t<section class=\"elementor-section elementor-top-section elementor-element elementor-element-7a10736 elementor-section-boxed elementor-section-height-default elementor-section-height-default\" data-id=\"7a10736\" data-element_type=\"section\">\n\t\t\t\t\t\t<div class=\"elementor-container elementor-column-gap-default\">\n\t\t\t\t\t<div class=\"elementor-column elementor-col-100 elementor-top-column elementor-element elementor-element-529aec2\" data-id=\"529aec2\" data-element_type=\"column\">\n\t\t\t<div class=\"elementor-widget-wrap elementor-element-populated\">\n\t\t\t\t\t\t<div class=\"elementor-element elementor-element-168781f elementor-widget elementor-widget-text-editor\" data-id=\"168781f\" data-element_type=\"widget\" data-widget_type=\"text-editor.default\">\n\t\t\t\t<div class=\"elementor-widget-container\">\n\t\t\t\t\t\t\t\t\t<p>A Pol\u00edcia Civil de Santa Catarina e a prefeitura de S\u00e3o Jos\u00e9 assinaram nesta ter\u00e7a-feira (19) conv\u00eanio para o repasse de aux\u00edlio financeiro no valor de R$ 50 mil mensais \u00e0 PCSC, para uso exclusivo da Diretoria Estadual de Investiga\u00e7\u00f5es Criminais (DEIC). Os recursos ser\u00e3o usados para o custeio de servi\u00e7os e aquisi\u00e7\u00e3o de equipamentos, a fim de aprimorar as atividades de investiga\u00e7\u00e3o, o atendimento ao p\u00fablico e o fortalecimento das a\u00e7\u00f5es integradas com a prefeitura Municipal de S\u00e3o Jos\u00e9.<span style=\"font-family: var( --e-global-typography-primary-font-family ), Sans-serif; font-size: var( --e-global-typography-primary-font-size ); font-weight: var( --e-global-typography-primary-font-weight ); letter-spacing: var( --e-global-typography-primary-letter-spacing );\">&nbsp;<\/span><\/p>\n<p>O ato foi realizado na prefeitura de S\u00e3o Jos\u00e9 e contou com a participa\u00e7\u00e3o do prefeito Orvino Coelho de \u00c1vila; o delegado-geral da Pol\u00edcia Civil, Ulisses Gabriel; o diretor da DEIC, delegado Daniel R\u00e9gis, delegado Pedro Mendes; a secret\u00e1ria de Seguran\u00e7a de S\u00e3o Jos\u00e9, Andrea Luiza Grando; a comandante da Guarda Municipal de S\u00e3o Jos\u00e9, Ane Warmling, entre outras autoridades.<span style=\"font-family: var( --e-global-typography-primary-font-family ), Sans-serif; font-size: var( --e-global-typography-primary-font-size ); font-weight: var( --e-global-typography-primary-font-weight ); letter-spacing: var( --e-global-typography-primary-letter-spacing );\">&nbsp;<\/span><\/p>\n<p>Para o delegado-geral, Ulisses Gabriel, o conv\u00eanio \u00e9 mais uma oportunidade para a PCSC compartilhar sua expertise em seguran\u00e7a p\u00fablica. \u201cEsse conv\u00eanio \u00e9 uma via de m\u00e3o dupla porque ao mesmo tempo em que a prefeitura contribui com a nossa institui\u00e7\u00e3o, n\u00f3s vamos compartilhar nosso conhecimento para aperfei\u00e7oar a seguran\u00e7a p\u00fablica de S\u00e3o Jos\u00e9\u201d, destacou Ulisses Gabriel.<\/p>\n<p>O diretor da DEIC, delegado Daniel R\u00e9gis, disse que o apoio da Prefeitura de S\u00e3o Jos\u00e9 melhora a capacidade operacional das equipes e proporciona maior qualidade na coleta dos elementos de informa\u00e7\u00e3o que consubstanciam os Autos dos Inqu\u00e9ritos Policiais. S\u00e3o 16 Delegacias Especializadas atendidas com recursos a serem aplicados em prol das investiga\u00e7\u00f5es locais e estaduais.<\/p><p>Em contrapartida, a Pol\u00edcia Civil vai oferecer treinamento, cursos e outras atividades de aperfei\u00e7oamento na \u00e1rea de seguran\u00e7a p\u00fablica, de acordo com as possibilidades da Academia de Pol\u00edcia Civil do Estado de Santa Catarina (Acadepol).<\/p><p>Os recursos tamb\u00e9m poder\u00e3o ser usados para equipar viaturas e policiais civis para o melhor desempenho de suas fun\u00e7\u00f5es. Desde que haja disponibilidade, a PCSC poder\u00e1 ceder ve\u00edculos ou equipamentos \u00e0 prefeitura de S\u00e3o Jos\u00e9.<\/p><p>A aplica\u00e7\u00e3o dos recursos est\u00e1 descrita em um Plano de Trabalho pactuado entre a prefeitura e a Pol\u00edcia Civil. Os servidores do munic\u00edpio e os \u00f3rg\u00e3os de controle interno e externo ter\u00e3o livre acesso aos processos documentos e informa\u00e7\u00f5es referentes a este Conv\u00eanio. Ao final do conv\u00eanio, a PCSC vai prestar contas dos gastos realizados com o dinheiro disponibilizado pelo munic\u00edpio, os bens e servi\u00e7os adquiridos com o recurso financeiro.<\/p>\n<p><\/p>\t\t\t\t\t\t\t\t<\/div>\n\t\t\t\t<\/div>\n\t\t\t\t\t<\/div>\n\t\t<\/div>\n\t\t\t\t\t<\/div>\n\t\t<\/section>\n\t\t\t\t<\/div>\n\t\t","protected":false},"excerpt":{"rendered":"<p>Pol\u00edcia Civil e prefeitura de S\u00e3o Jos\u00e9 assinam conv\u00eanio de coopera\u00e7\u00e3o A Pol\u00edcia Civil de Santa Catarina e a prefeitura de S\u00e3o Jos\u00e9 assinaram nesta ter\u00e7a-feira (19) conv\u00eanio para o repasse de aux\u00edlio financeiro no valor de R$ 50 mil mensais \u00e0 PCSC, para uso exclusivo da Diretoria Estadual de Investiga\u00e7\u00f5es Criminais (DEIC). Os recursos [&hellip;]<\/p>\n","protected":false},"author":5,"featured_media":13674,"comment_status":"closed","ping_status":"open","sticky":false,"template":"","format":"standard","meta":{"_monsterinsights_skip_tracking":false,"_monsterinsights_sitenote_active":false,"_monsterinsights_sitenote_note":"","_monsterinsights_sitenote_category":0,"footnotes":""},"categories":[1],"tags":[],"class_list":["post-13653","post","type-post","status-publish","format-standard","has-post-thumbnail","hentry","category-sem-categoria"],"_links":{"self":[{"href":"https:\/\/pc.sc.gov.br\/index.php?rest_route=\/wp\/v2\/posts\/13653","targetHints":{"allow":["GET"]}}],"collection":[{"href":"https:\/\/pc.sc.gov.br\/index.php?rest_route=\/wp\/v2\/posts"}],"about":[{"href":"https:\/\/pc.sc.gov.br\/index.php?rest_route=\/wp\/v2\/types\/post"}],"author":[{"embeddable":true,"href":"https:\/\/pc.sc.gov.br\/index.php?rest_route=\/wp\/v2\/users\/5"}],"replies":[{"embeddable":true,"href":"https:\/\/pc.sc.gov.br\/index.php?rest_route=%2Fwp%2Fv2%2Fcomments&post=13653"}],"version-history":[{"count":8,"href":"https:\/\/pc.sc.gov.br\/index.php?rest_route=\/wp\/v2\/posts\/13653\/revisions"}],"predecessor-version":[{"id":13678,"href":"https:\/\/pc.sc.gov.br\/index.php?rest_route=\/wp\/v2\/posts\/13653\/revisions\/13678"}],"wp:featuredmedia":[{"embeddable":true,"href":"https:\/\/pc.sc.gov.br\/index.php?rest_route=\/wp\/v2\/media\/13674"}],"wp:attachment":[{"href":"https:\/\/pc.sc.gov.br\/index.php?rest_route=%2Fwp%2Fv2%2Fmedia&parent=13653"}],"wp:term":[{"taxonomy":"category","embeddable":true,"href":"https:\/\/pc.sc.gov.br\/index.php?rest_route=%2Fwp%2Fv2%2Fcategories&post=13653"},{"taxonomy":"post_tag","embeddable":true,"href":"https:\/\/pc.sc.gov.br\/index.php?rest_route=%2Fwp%2Fv2%2Ftags&post=13653"}],"curies":[{"name":"wp","href":"https:\/\/api.w.org\/{rel}","templated":true}]}}