{"id":13659,"date":"2023-09-19T18:50:01","date_gmt":"2023-09-19T21:50:01","guid":{"rendered":"https:\/\/pc.sc.gov.br\/?p=13659"},"modified":"2023-09-20T14:24:48","modified_gmt":"2023-09-20T17:24:48","slug":"policia-civil-identifica-e-apreende-adolescente-que-fez-ameacas-a-escola-na-capital","status":"publish","type":"post","link":"https:\/\/pc.sc.gov.br\/?p=13659","title":{"rendered":"Pol\u00edcia Civil identifica e apreende adolescente que fez amea\u00e7as \u00e0 escola na Capital"},"content":{"rendered":"\t\t<div data-elementor-type=\"wp-post\" data-elementor-id=\"13659\" class=\"elementor elementor-13659\" data-elementor-post-type=\"post\">\n\t\t\t\t\t\t<section class=\"elementor-section elementor-top-section elementor-element elementor-element-254b8a8 elementor-section-boxed elementor-section-height-default elementor-section-height-default\" data-id=\"254b8a8\" data-element_type=\"section\">\n\t\t\t\t\t\t<div class=\"elementor-container elementor-column-gap-default\">\n\t\t\t\t\t<div class=\"elementor-column elementor-col-100 elementor-top-column elementor-element elementor-element-58a271f\" data-id=\"58a271f\" data-element_type=\"column\">\n\t\t\t<div class=\"elementor-widget-wrap elementor-element-populated\">\n\t\t\t\t\t\t<div class=\"elementor-element elementor-element-66dee22 elementor-widget elementor-widget-heading\" data-id=\"66dee22\" data-element_type=\"widget\" data-widget_type=\"heading.default\">\n\t\t\t\t<div class=\"elementor-widget-container\">\n\t\t\t\t\t<h2 class=\"elementor-heading-title elementor-size-default\">Pol\u00edcia Civil identifica e apreende adolescente que fez amea\u00e7as \u00e0 escola na Capital<\/h2>\t\t\t\t<\/div>\n\t\t\t\t<\/div>\n\t\t\t\t\t<\/div>\n\t\t<\/div>\n\t\t\t\t\t<\/div>\n\t\t<\/section>\n\t\t\t\t<section class=\"elementor-section elementor-top-section elementor-element elementor-element-94d72f2 elementor-section-boxed elementor-section-height-default elementor-section-height-default\" data-id=\"94d72f2\" data-element_type=\"section\">\n\t\t\t\t\t\t<div class=\"elementor-container elementor-column-gap-default\">\n\t\t\t\t\t<div class=\"elementor-column elementor-col-100 elementor-top-column elementor-element elementor-element-d7e9364\" data-id=\"d7e9364\" data-element_type=\"column\">\n\t\t\t<div class=\"elementor-widget-wrap elementor-element-populated\">\n\t\t\t\t\t\t<div class=\"elementor-element elementor-element-b2d9533 elementor-widget elementor-widget-image\" data-id=\"b2d9533\" data-element_type=\"widget\" data-widget_type=\"image.default\">\n\t\t\t\t<div class=\"elementor-widget-container\">\n\t\t\t\t\t\t\t\t\t\t\t\t\t\t\t<img fetchpriority=\"high\" decoding=\"async\" width=\"696\" height=\"736\" src=\"https:\/\/pc.sc.gov.br\/\/wp-content\/uploads\/2023\/07\/WhatsApp-Image-2023-07-03-at-18.19.17-968x1024.jpeg\" class=\"attachment-large size-large wp-image-11034\" alt=\"\" srcset=\"https:\/\/pc.sc.gov.br\/\/wp-content\/uploads\/2023\/07\/WhatsApp-Image-2023-07-03-at-18.19.17-968x1024.jpeg 968w, https:\/\/pc.sc.gov.br\/\/wp-content\/uploads\/2023\/07\/WhatsApp-Image-2023-07-03-at-18.19.17-284x300.jpeg 284w, https:\/\/pc.sc.gov.br\/\/wp-content\/uploads\/2023\/07\/WhatsApp-Image-2023-07-03-at-18.19.17-768x812.jpeg 768w, https:\/\/pc.sc.gov.br\/\/wp-content\/uploads\/2023\/07\/WhatsApp-Image-2023-07-03-at-18.19.17.jpeg 1210w\" sizes=\"(max-width: 696px) 100vw, 696px\" \/>\t\t\t\t\t\t\t\t\t\t\t\t\t\t\t<\/div>\n\t\t\t\t<\/div>\n\t\t\t\t\t<\/div>\n\t\t<\/div>\n\t\t\t\t\t<\/div>\n\t\t<\/section>\n\t\t\t\t<section class=\"elementor-section elementor-top-section elementor-element elementor-element-ced97e8 elementor-section-boxed elementor-section-height-default elementor-section-height-default\" data-id=\"ced97e8\" data-element_type=\"section\">\n\t\t\t\t\t\t<div class=\"elementor-container elementor-column-gap-default\">\n\t\t\t\t\t<div class=\"elementor-column elementor-col-100 elementor-top-column elementor-element elementor-element-0e3b6e7\" data-id=\"0e3b6e7\" data-element_type=\"column\">\n\t\t\t<div class=\"elementor-widget-wrap elementor-element-populated\">\n\t\t\t\t\t\t<div class=\"elementor-element elementor-element-fe0b63f elementor-widget elementor-widget-text-editor\" data-id=\"fe0b63f\" data-element_type=\"widget\" data-widget_type=\"text-editor.default\">\n\t\t\t\t<div class=\"elementor-widget-container\">\n\t\t\t\t\t\t\t\t\t<p>A Pol\u00edcia Civil de Santa Catarina, por meio da Delegacia de Prote\u00e7\u00e3o \u00e0 Crian\u00e7a, Adolescente, Mulher e Idoso da Capital (DPCAMI), cumpriu, nesta ter\u00e7a-feira (19), mandado de interna\u00e7\u00e3o provis\u00f3ria de um adolescente de 14 anos, e tamb\u00e9m fez buscas na resid\u00eancia do investigado.<\/p>\n<p>O infrator \u00e9 suspeito de proferir amea\u00e7as de realizar um \u201cmassacre\u201d contra estudantes e professores de uma escola localizada da regi\u00e3o Leste de Florian\u00f3polis.&nbsp;<span style=\"font-family: var( --e-global-typography-text-font-family ), Sans-serif; font-size: var( --e-global-typography-text-font-size );\">Tais amea\u00e7as foram realizadas por meio de escritos abandonados em sala de aula, al\u00e9m de mensagens postadas por meio de perfil falso em rede social.<\/span><\/p>\n<p><span style=\"font-family: var( --e-global-typography-text-font-family ), Sans-serif; font-size: var( --e-global-typography-text-font-size );\">O trabalho desenvolvido pela DPCAMI, com o aux\u00edlio do Ciberlab da Diretoria de Intelig\u00eancia da PCSC, permitiu a identifica\u00e7\u00e3o do adolescente e a obten\u00e7\u00e3o do mandado para a interna\u00e7\u00e3o do jovem, expedido pelo Poder Judici\u00e1rio.&nbsp;<\/span><\/p>\n<p>Durante a dilig\u00eancia foram coletados outros elementos informativos que ir\u00e3o compor a inmvestiga\u00e7\u00e3o, ap\u00f3s a devida per\u00edcia realizada pela Pol\u00edcia Cient\u00edfica. Ao ser questionado na Delegacia, o adolescente confirmou a pr\u00e1tica das amea\u00e7as, dizendo-se arrependido. As investiga\u00e7\u00f5es prosseguem, com vistas a identificar outros envolvidos.<\/p>\t\t\t\t\t\t\t\t<\/div>\n\t\t\t\t<\/div>\n\t\t\t\t\t<\/div>\n\t\t<\/div>\n\t\t\t\t\t<\/div>\n\t\t<\/section>\n\t\t\t\t<\/div>\n\t\t","protected":false},"excerpt":{"rendered":"<p>Pol\u00edcia Civil identifica e apreende adolescente que fez amea\u00e7as \u00e0 escola na Capital A Pol\u00edcia Civil de Santa Catarina, por meio da Delegacia de Prote\u00e7\u00e3o \u00e0 Crian\u00e7a, Adolescente, Mulher e Idoso da Capital (DPCAMI), cumpriu, nesta ter\u00e7a-feira (19), mandado de interna\u00e7\u00e3o provis\u00f3ria de um adolescente de 14 anos, e tamb\u00e9m fez buscas na resid\u00eancia do [&hellip;]<\/p>\n","protected":false},"author":5,"featured_media":13424,"comment_status":"closed","ping_status":"open","sticky":false,"template":"","format":"standard","meta":{"_monsterinsights_skip_tracking":false,"_monsterinsights_sitenote_active":false,"_monsterinsights_sitenote_note":"","_monsterinsights_sitenote_category":0,"footnotes":""},"categories":[1],"tags":[],"class_list":["post-13659","post","type-post","status-publish","format-standard","has-post-thumbnail","hentry","category-sem-categoria"],"_links":{"self":[{"href":"https:\/\/pc.sc.gov.br\/index.php?rest_route=\/wp\/v2\/posts\/13659","targetHints":{"allow":["GET"]}}],"collection":[{"href":"https:\/\/pc.sc.gov.br\/index.php?rest_route=\/wp\/v2\/posts"}],"about":[{"href":"https:\/\/pc.sc.gov.br\/index.php?rest_route=\/wp\/v2\/types\/post"}],"author":[{"embeddable":true,"href":"https:\/\/pc.sc.gov.br\/index.php?rest_route=\/wp\/v2\/users\/5"}],"replies":[{"embeddable":true,"href":"https:\/\/pc.sc.gov.br\/index.php?rest_route=%2Fwp%2Fv2%2Fcomments&post=13659"}],"version-history":[{"count":9,"href":"https:\/\/pc.sc.gov.br\/index.php?rest_route=\/wp\/v2\/posts\/13659\/revisions"}],"predecessor-version":[{"id":13683,"href":"https:\/\/pc.sc.gov.br\/index.php?rest_route=\/wp\/v2\/posts\/13659\/revisions\/13683"}],"wp:featuredmedia":[{"embeddable":true,"href":"https:\/\/pc.sc.gov.br\/index.php?rest_route=\/wp\/v2\/media\/13424"}],"wp:attachment":[{"href":"https:\/\/pc.sc.gov.br\/index.php?rest_route=%2Fwp%2Fv2%2Fmedia&parent=13659"}],"wp:term":[{"taxonomy":"category","embeddable":true,"href":"https:\/\/pc.sc.gov.br\/index.php?rest_route=%2Fwp%2Fv2%2Fcategories&post=13659"},{"taxonomy":"post_tag","embeddable":true,"href":"https:\/\/pc.sc.gov.br\/index.php?rest_route=%2Fwp%2Fv2%2Ftags&post=13659"}],"curies":[{"name":"wp","href":"https:\/\/api.w.org\/{rel}","templated":true}]}}