{"id":13684,"date":"2023-09-20T15:44:50","date_gmt":"2023-09-20T18:44:50","guid":{"rendered":"https:\/\/pc.sc.gov.br\/?p=13684"},"modified":"2023-09-20T15:47:22","modified_gmt":"2023-09-20T18:47:22","slug":"diretoria-de-inteligencia-da-policia-civil-aponta-queda-de-394-no-numero-de-mortes-violentas-em-santa-catarina","status":"publish","type":"post","link":"https:\/\/pc.sc.gov.br\/?p=13684","title":{"rendered":"Diretoria de Intelig\u00eancia da Pol\u00edcia Civil aponta queda de 3,94% no n\u00famero de mortes violentas em Santa Catarina"},"content":{"rendered":"\t\t<div data-elementor-type=\"wp-post\" data-elementor-id=\"13684\" class=\"elementor elementor-13684\" data-elementor-post-type=\"post\">\n\t\t\t\t\t\t<section class=\"elementor-section elementor-top-section elementor-element elementor-element-2fa965f elementor-section-boxed elementor-section-height-default elementor-section-height-default\" data-id=\"2fa965f\" data-element_type=\"section\">\n\t\t\t\t\t\t<div class=\"elementor-container elementor-column-gap-default\">\n\t\t\t\t\t<div class=\"elementor-column elementor-col-100 elementor-top-column elementor-element elementor-element-a0d5d05\" data-id=\"a0d5d05\" data-element_type=\"column\">\n\t\t\t<div class=\"elementor-widget-wrap elementor-element-populated\">\n\t\t\t\t\t\t<div class=\"elementor-element elementor-element-3e8ebb3 elementor-widget elementor-widget-heading\" data-id=\"3e8ebb3\" data-element_type=\"widget\" data-widget_type=\"heading.default\">\n\t\t\t\t<div class=\"elementor-widget-container\">\n\t\t\t\t\t<h2 class=\"elementor-heading-title elementor-size-default\">Diretoria de Intelig\u00eancia da Pol\u00edcia Civil aponta queda de 3,94% no n\u00famero de mortes violentas em Santa Catarina<\/h2>\t\t\t\t<\/div>\n\t\t\t\t<\/div>\n\t\t\t\t\t<\/div>\n\t\t<\/div>\n\t\t\t\t\t<\/div>\n\t\t<\/section>\n\t\t\t\t<section class=\"elementor-section elementor-top-section elementor-element elementor-element-2480206 elementor-section-boxed elementor-section-height-default elementor-section-height-default\" data-id=\"2480206\" data-element_type=\"section\">\n\t\t\t\t\t\t<div class=\"elementor-container elementor-column-gap-default\">\n\t\t\t\t\t<div class=\"elementor-column elementor-col-100 elementor-top-column elementor-element elementor-element-7df3e6e\" data-id=\"7df3e6e\" data-element_type=\"column\">\n\t\t\t<div class=\"elementor-widget-wrap elementor-element-populated\">\n\t\t\t\t\t\t<div class=\"elementor-element elementor-element-a5eac13 elementor-widget elementor-widget-image\" data-id=\"a5eac13\" data-element_type=\"widget\" data-widget_type=\"image.default\">\n\t\t\t\t<div class=\"elementor-widget-container\">\n\t\t\t\t\t\t\t\t\t\t\t\t\t\t\t<img fetchpriority=\"high\" decoding=\"async\" width=\"696\" height=\"522\" src=\"https:\/\/pc.sc.gov.br\/\/wp-content\/uploads\/2023\/09\/CARRO-VIATUIRA-SIRENE-NOITE-POLICIA-CIVIL-PCSC-1024x768.jpg\" class=\"attachment-large size-large wp-image-13378\" alt=\"\" srcset=\"https:\/\/pc.sc.gov.br\/\/wp-content\/uploads\/2023\/09\/CARRO-VIATUIRA-SIRENE-NOITE-POLICIA-CIVIL-PCSC-1024x768.jpg 1024w, https:\/\/pc.sc.gov.br\/\/wp-content\/uploads\/2023\/09\/CARRO-VIATUIRA-SIRENE-NOITE-POLICIA-CIVIL-PCSC-300x225.jpg 300w, https:\/\/pc.sc.gov.br\/\/wp-content\/uploads\/2023\/09\/CARRO-VIATUIRA-SIRENE-NOITE-POLICIA-CIVIL-PCSC-768x576.jpg 768w, https:\/\/pc.sc.gov.br\/\/wp-content\/uploads\/2023\/09\/CARRO-VIATUIRA-SIRENE-NOITE-POLICIA-CIVIL-PCSC.jpg 1280w\" sizes=\"(max-width: 696px) 100vw, 696px\" \/>\t\t\t\t\t\t\t\t\t\t\t\t\t\t\t<\/div>\n\t\t\t\t<\/div>\n\t\t\t\t\t<\/div>\n\t\t<\/div>\n\t\t\t\t\t<\/div>\n\t\t<\/section>\n\t\t\t\t<section class=\"elementor-section elementor-top-section elementor-element elementor-element-9bbcacb elementor-section-boxed elementor-section-height-default elementor-section-height-default\" data-id=\"9bbcacb\" data-element_type=\"section\">\n\t\t\t\t\t\t<div class=\"elementor-container elementor-column-gap-default\">\n\t\t\t\t\t<div class=\"elementor-column elementor-col-100 elementor-top-column elementor-element elementor-element-3f35b61\" data-id=\"3f35b61\" data-element_type=\"column\">\n\t\t\t<div class=\"elementor-widget-wrap elementor-element-populated\">\n\t\t\t\t\t\t<div class=\"elementor-element elementor-element-9a75589 elementor-widget elementor-widget-text-editor\" data-id=\"9a75589\" data-element_type=\"widget\" data-widget_type=\"text-editor.default\">\n\t\t\t\t<div class=\"elementor-widget-container\">\n\t\t\t\t\t\t\t\t\t<p>A an\u00e1lise de dados produzida pela Diretoria de Intelig\u00eancia da Pol\u00edcia Civil de Santa Catarina revelou queda de 3,94% no n\u00famero de mortes violentas no estado. O n\u00famero de latroc\u00ednios tamb\u00e9m segue em queda de 78,95%. O estudo compreende o per\u00edodo de 01 de janeiro a 18 de setembro e os percentuais s\u00e3o calculados com base em igual per\u00edodo do ano passado.<\/p>\n<p>Outro dado que chamou aten\u00e7\u00e3o foi o aumento de 55,92% no cumprimento de mandados de pris\u00e3o, ou seja, em 2023, a PCSC prendeu 4.107 pessoas. As pris\u00f5es ocorreram em 20 estados da federa\u00e7\u00e3o e em 325 munic\u00edpios. Vale destacar que a maior parte das pris\u00f5es efetuadas em outros estados, foram no Paran\u00e1, S\u00e3o Paulo e Rio Grande do Sul, mas tamb\u00e9m houve mandados cumpridos em locais mais distantes como Para\u00edba, Pernambuco e Rond\u00f4nia.<\/p>\n<p>A Pol\u00edcia Civil tamb\u00e9m cumpriu entre 01 de janeiro at\u00e9 18 de setembro, 5.466 mandados de busca e apreens\u00e3o, momento em que as equipes de investiga\u00e7\u00e3o v\u00e3o aos locais, sempre autorizados pelo Poder Judici\u00e1rio, para coletar elementos que v\u00e3o compor o inqu\u00e9rito policial. No ano anterior, no mesmo per\u00edodo, foram 3.556 buscas.<\/p>\n<p>Para o delegado-geral, Ulisses Gabriel, o bom desempenho da PCSC, reflete a qualidade do trabalho de investiga\u00e7\u00e3o. \u201cO uso da tecnologia, aliada \u00e0 capacita\u00e7\u00e3o e o comprometimentos dos policiais civis s\u00e3o itens fundamentais que impactam positivamente a seguran\u00e7a de todos os catarinenses\u201d, assinalou o delegado-geral.<\/p>\n<p>Os mandados de busca e apreens\u00e3o tamb\u00e9m est\u00e3o em alta com 53,71% a mais. No ano de 2022 foram cumpridos 3.556 mandados de busca e apreens\u00e3o. Em 2023 esse n\u00famero chegou a 5.466. Mais de 90% dos mandados de busca s\u00e3o realizados em resid\u00eancias, seguido pelo com\u00e9rcio com cerca de 2,79%.&nbsp;<\/p>\n<p><b>Sete dias&nbsp;<\/b><\/p>\n<p>Para se ter uma dimens\u00e3o do trabalho que vem sendo realizado pela PCSC, apenas nos \u00faltimos sete dias (entre os dias 12-18\/09), as equipes da PCSC prenderam 97 pessoas por meio de cumprimento de mandado de pris\u00e3o ou de apreens\u00e3o de adolescentes, em 58 munic\u00edpios.&nbsp;<\/p>\n<p>Do total de pris\u00f5es, cerca de 21,49% ocorreram no Sul Catarinense; seguido Grande Florian\u00f3polis com&nbsp; 18,18%; regi\u00e3o Serrana com 16,53%; Vale do Itaja\u00ed com 16,53%, Norte Catarinense com 14,88 e regi\u00e3o&nbsp; Oeste com 12,40%.&nbsp;&nbsp;<span style=\"color: var( --e-global-color-text ); font-family: var( --e-global-typography-primary-font-family ), Sans-serif; font-size: var( --e-global-typography-primary-font-size ); font-weight: var( --e-global-typography-primary-font-weight ); letter-spacing: var( --e-global-typography-primary-letter-spacing );\">&nbsp;<\/span><\/p>\t\t\t\t\t\t\t\t<\/div>\n\t\t\t\t<\/div>\n\t\t\t\t\t<\/div>\n\t\t<\/div>\n\t\t\t\t\t<\/div>\n\t\t<\/section>\n\t\t\t\t<\/div>\n\t\t","protected":false},"excerpt":{"rendered":"<p>Diretoria de Intelig\u00eancia da Pol\u00edcia Civil aponta queda de 3,94% no n\u00famero de mortes violentas em Santa Catarina A an\u00e1lise de dados produzida pela Diretoria de Intelig\u00eancia da Pol\u00edcia Civil de Santa Catarina revelou queda de 3,94% no n\u00famero de mortes violentas no estado. O n\u00famero de latroc\u00ednios tamb\u00e9m segue em queda de 78,95%. O [&hellip;]<\/p>\n","protected":false},"author":5,"featured_media":13381,"comment_status":"closed","ping_status":"open","sticky":false,"template":"","format":"standard","meta":{"_monsterinsights_skip_tracking":false,"_monsterinsights_sitenote_active":false,"_monsterinsights_sitenote_note":"","_monsterinsights_sitenote_category":0,"footnotes":""},"categories":[1],"tags":[],"class_list":["post-13684","post","type-post","status-publish","format-standard","has-post-thumbnail","hentry","category-sem-categoria"],"_links":{"self":[{"href":"https:\/\/pc.sc.gov.br\/index.php?rest_route=\/wp\/v2\/posts\/13684","targetHints":{"allow":["GET"]}}],"collection":[{"href":"https:\/\/pc.sc.gov.br\/index.php?rest_route=\/wp\/v2\/posts"}],"about":[{"href":"https:\/\/pc.sc.gov.br\/index.php?rest_route=\/wp\/v2\/types\/post"}],"author":[{"embeddable":true,"href":"https:\/\/pc.sc.gov.br\/index.php?rest_route=\/wp\/v2\/users\/5"}],"replies":[{"embeddable":true,"href":"https:\/\/pc.sc.gov.br\/index.php?rest_route=%2Fwp%2Fv2%2Fcomments&post=13684"}],"version-history":[{"count":4,"href":"https:\/\/pc.sc.gov.br\/index.php?rest_route=\/wp\/v2\/posts\/13684\/revisions"}],"predecessor-version":[{"id":13688,"href":"https:\/\/pc.sc.gov.br\/index.php?rest_route=\/wp\/v2\/posts\/13684\/revisions\/13688"}],"wp:featuredmedia":[{"embeddable":true,"href":"https:\/\/pc.sc.gov.br\/index.php?rest_route=\/wp\/v2\/media\/13381"}],"wp:attachment":[{"href":"https:\/\/pc.sc.gov.br\/index.php?rest_route=%2Fwp%2Fv2%2Fmedia&parent=13684"}],"wp:term":[{"taxonomy":"category","embeddable":true,"href":"https:\/\/pc.sc.gov.br\/index.php?rest_route=%2Fwp%2Fv2%2Fcategories&post=13684"},{"taxonomy":"post_tag","embeddable":true,"href":"https:\/\/pc.sc.gov.br\/index.php?rest_route=%2Fwp%2Fv2%2Ftags&post=13684"}],"curies":[{"name":"wp","href":"https:\/\/api.w.org\/{rel}","templated":true}]}}