{"id":13699,"date":"2023-09-20T16:28:47","date_gmt":"2023-09-20T19:28:47","guid":{"rendered":"https:\/\/pc.sc.gov.br\/?p=13699"},"modified":"2023-09-20T16:29:40","modified_gmt":"2023-09-20T19:29:40","slug":"policia-civil-recebe-dois-veiculos-em-doacao-da-receita-federal-do-brasil","status":"publish","type":"post","link":"https:\/\/pc.sc.gov.br\/?p=13699","title":{"rendered":"Pol\u00edcia Civil recebe dois ve\u00edculos em doa\u00e7\u00e3o da Receita Federal do Brasil"},"content":{"rendered":"\t\t<div data-elementor-type=\"wp-post\" data-elementor-id=\"13699\" class=\"elementor elementor-13699\" data-elementor-post-type=\"post\">\n\t\t\t\t\t\t<section class=\"elementor-section elementor-top-section elementor-element elementor-element-9155ab6 elementor-section-boxed elementor-section-height-default elementor-section-height-default\" data-id=\"9155ab6\" data-element_type=\"section\">\n\t\t\t\t\t\t<div class=\"elementor-container elementor-column-gap-default\">\n\t\t\t\t\t<div class=\"elementor-column elementor-col-100 elementor-top-column elementor-element elementor-element-3ecc45d\" data-id=\"3ecc45d\" data-element_type=\"column\">\n\t\t\t<div class=\"elementor-widget-wrap elementor-element-populated\">\n\t\t\t\t\t\t<div class=\"elementor-element elementor-element-b36865e elementor-widget elementor-widget-heading\" data-id=\"b36865e\" data-element_type=\"widget\" data-widget_type=\"heading.default\">\n\t\t\t\t<div class=\"elementor-widget-container\">\n\t\t\t\t\t<h2 class=\"elementor-heading-title elementor-size-default\"> Pol\u00edcia Civil recebe dois ve\u00edculos em doa\u00e7\u00e3o da Receita Federal do Brasil <\/h2>\t\t\t\t<\/div>\n\t\t\t\t<\/div>\n\t\t\t\t\t<\/div>\n\t\t<\/div>\n\t\t\t\t\t<\/div>\n\t\t<\/section>\n\t\t\t\t<section class=\"elementor-section elementor-top-section elementor-element elementor-element-d08ecc9 elementor-section-boxed elementor-section-height-default elementor-section-height-default\" data-id=\"d08ecc9\" data-element_type=\"section\">\n\t\t\t\t\t\t<div class=\"elementor-container elementor-column-gap-default\">\n\t\t\t\t\t<div class=\"elementor-column elementor-col-100 elementor-top-column elementor-element elementor-element-ff0a8a0\" data-id=\"ff0a8a0\" data-element_type=\"column\">\n\t\t\t<div class=\"elementor-widget-wrap elementor-element-populated\">\n\t\t\t\t\t\t<div class=\"elementor-element elementor-element-6e53143 elementor-widget elementor-widget-image\" data-id=\"6e53143\" data-element_type=\"widget\" data-widget_type=\"image.default\">\n\t\t\t\t<div class=\"elementor-widget-container\">\n\t\t\t\t\t\t\t\t\t\t\t\t\t\t\t<img fetchpriority=\"high\" decoding=\"async\" width=\"696\" height=\"436\" src=\"https:\/\/pc.sc.gov.br\/\/wp-content\/uploads\/2023\/09\/WhatsApp-Image-2023-09-20-at-13.33.34.jpeg\" class=\"attachment-large size-large wp-image-13700\" alt=\"\" srcset=\"https:\/\/pc.sc.gov.br\/\/wp-content\/uploads\/2023\/09\/WhatsApp-Image-2023-09-20-at-13.33.34.jpeg 864w, https:\/\/pc.sc.gov.br\/\/wp-content\/uploads\/2023\/09\/WhatsApp-Image-2023-09-20-at-13.33.34-300x188.jpeg 300w, https:\/\/pc.sc.gov.br\/\/wp-content\/uploads\/2023\/09\/WhatsApp-Image-2023-09-20-at-13.33.34-768x481.jpeg 768w\" sizes=\"(max-width: 696px) 100vw, 696px\" \/>\t\t\t\t\t\t\t\t\t\t\t\t\t\t\t<\/div>\n\t\t\t\t<\/div>\n\t\t\t\t\t<\/div>\n\t\t<\/div>\n\t\t\t\t\t<\/div>\n\t\t<\/section>\n\t\t\t\t<section class=\"elementor-section elementor-top-section elementor-element elementor-element-516d53a elementor-section-boxed elementor-section-height-default elementor-section-height-default\" data-id=\"516d53a\" data-element_type=\"section\">\n\t\t\t\t\t\t<div class=\"elementor-container elementor-column-gap-default\">\n\t\t\t\t\t<div class=\"elementor-column elementor-col-100 elementor-top-column elementor-element elementor-element-9f00a30\" data-id=\"9f00a30\" data-element_type=\"column\">\n\t\t\t<div class=\"elementor-widget-wrap elementor-element-populated\">\n\t\t\t\t\t\t<div class=\"elementor-element elementor-element-8c8bfac elementor-widget elementor-widget-text-editor\" data-id=\"8c8bfac\" data-element_type=\"widget\" data-widget_type=\"text-editor.default\">\n\t\t\t\t<div class=\"elementor-widget-container\">\n\t\t\t\t\t\t\t\t\t<p>Na ter\u00e7a-feira (19), a Pol\u00edcia Civil de Santa Catarina recebeu dois ve\u00edculos em doa\u00e7\u00e3o da Receita Federal do Brasil. Foram doadas duas caminhonetes 4&#215;4, que foram destinadas para o Servi\u00e7o Aeropolicial de Fronteira (SAER-FRON) em Chapec\u00f3 e para a Coordenadoria de Opera\u00e7\u00f5es Policiais com C\u00e3es (COPC), da Pol\u00edcia Civil, N\u00facleo de S\u00e3o Louren\u00e7o do Oeste.<br \/>Os ve\u00edculos foram entregues pelo Auditor Fiscal e Delegado da Receita de Joa\u00e7aba, Mauro Batista Neto, ao Delegado de Pol\u00edcia Civil e Coordenador do SAER-FRON, Albert Dieison Silveira.<br \/>Uma das caminhonetes doadas ser\u00e1 utilizada para transporte de operadores e equipamentos do N\u00facleo de Opera\u00e7\u00f5es com Aeronaves Remotamente Pilotadas (NOARP), unidade rec\u00e9m-criada na Pol\u00edcia Civil, integrante da estrutura do Servi\u00e7o Aeropolicial.<\/p>\t\t\t\t\t\t\t\t<\/div>\n\t\t\t\t<\/div>\n\t\t\t\t\t<\/div>\n\t\t<\/div>\n\t\t\t\t\t<\/div>\n\t\t<\/section>\n\t\t\t\t<\/div>\n\t\t","protected":false},"excerpt":{"rendered":"<p>Pol\u00edcia Civil recebe dois ve\u00edculos em doa\u00e7\u00e3o da Receita Federal do Brasil Na ter\u00e7a-feira (19), a Pol\u00edcia Civil de Santa Catarina recebeu dois ve\u00edculos em doa\u00e7\u00e3o da Receita Federal do Brasil. Foram doadas duas caminhonetes 4&#215;4, que foram destinadas para o Servi\u00e7o Aeropolicial de Fronteira (SAER-FRON) em Chapec\u00f3 e para a Coordenadoria de Opera\u00e7\u00f5es Policiais [&hellip;]<\/p>\n","protected":false},"author":5,"featured_media":13700,"comment_status":"closed","ping_status":"open","sticky":false,"template":"","format":"standard","meta":{"_monsterinsights_skip_tracking":false,"_monsterinsights_sitenote_active":false,"_monsterinsights_sitenote_note":"","_monsterinsights_sitenote_category":0,"footnotes":""},"categories":[1],"tags":[],"class_list":["post-13699","post","type-post","status-publish","format-standard","has-post-thumbnail","hentry","category-sem-categoria"],"_links":{"self":[{"href":"https:\/\/pc.sc.gov.br\/index.php?rest_route=\/wp\/v2\/posts\/13699","targetHints":{"allow":["GET"]}}],"collection":[{"href":"https:\/\/pc.sc.gov.br\/index.php?rest_route=\/wp\/v2\/posts"}],"about":[{"href":"https:\/\/pc.sc.gov.br\/index.php?rest_route=\/wp\/v2\/types\/post"}],"author":[{"embeddable":true,"href":"https:\/\/pc.sc.gov.br\/index.php?rest_route=\/wp\/v2\/users\/5"}],"replies":[{"embeddable":true,"href":"https:\/\/pc.sc.gov.br\/index.php?rest_route=%2Fwp%2Fv2%2Fcomments&post=13699"}],"version-history":[{"count":4,"href":"https:\/\/pc.sc.gov.br\/index.php?rest_route=\/wp\/v2\/posts\/13699\/revisions"}],"predecessor-version":[{"id":13704,"href":"https:\/\/pc.sc.gov.br\/index.php?rest_route=\/wp\/v2\/posts\/13699\/revisions\/13704"}],"wp:featuredmedia":[{"embeddable":true,"href":"https:\/\/pc.sc.gov.br\/index.php?rest_route=\/wp\/v2\/media\/13700"}],"wp:attachment":[{"href":"https:\/\/pc.sc.gov.br\/index.php?rest_route=%2Fwp%2Fv2%2Fmedia&parent=13699"}],"wp:term":[{"taxonomy":"category","embeddable":true,"href":"https:\/\/pc.sc.gov.br\/index.php?rest_route=%2Fwp%2Fv2%2Fcategories&post=13699"},{"taxonomy":"post_tag","embeddable":true,"href":"https:\/\/pc.sc.gov.br\/index.php?rest_route=%2Fwp%2Fv2%2Ftags&post=13699"}],"curies":[{"name":"wp","href":"https:\/\/api.w.org\/{rel}","templated":true}]}}