{"id":13709,"date":"2023-09-20T17:04:50","date_gmt":"2023-09-20T20:04:50","guid":{"rendered":"https:\/\/pc.sc.gov.br\/?p=13709"},"modified":"2023-09-20T17:18:13","modified_gmt":"2023-09-20T20:18:13","slug":"policia-civil-realiza-operacao-terceiro-round-e-prende-um-homem-por-trafico-de-drogas","status":"publish","type":"post","link":"https:\/\/pc.sc.gov.br\/?p=13709","title":{"rendered":"Pol\u00edcia Civil realiza Opera\u00e7\u00e3o Terceiro Round e prende um homem por tr\u00e1fico de drogas e posse ilegal de arma de fogo"},"content":{"rendered":"\t\t<div data-elementor-type=\"wp-post\" data-elementor-id=\"13709\" class=\"elementor elementor-13709\" data-elementor-post-type=\"post\">\n\t\t\t\t\t\t<section class=\"elementor-section elementor-top-section elementor-element elementor-element-8cad8f6 elementor-section-boxed elementor-section-height-default elementor-section-height-default\" data-id=\"8cad8f6\" data-element_type=\"section\">\n\t\t\t\t\t\t<div class=\"elementor-container elementor-column-gap-default\">\n\t\t\t\t\t<div class=\"elementor-column elementor-col-100 elementor-top-column elementor-element elementor-element-0c0e94f\" data-id=\"0c0e94f\" data-element_type=\"column\">\n\t\t\t<div class=\"elementor-widget-wrap elementor-element-populated\">\n\t\t\t\t\t\t<div class=\"elementor-element elementor-element-2145fe8 elementor-widget elementor-widget-heading\" data-id=\"2145fe8\" data-element_type=\"widget\" data-widget_type=\"heading.default\">\n\t\t\t\t<div class=\"elementor-widget-container\">\n\t\t\t\t\t<h2 class=\"elementor-heading-title elementor-size-default\">Pol\u00edcia Civil realiza Opera\u00e7\u00e3o Terceiro Round e prende um homem por tr\u00e1fico de drogas e posse ilegal de arma de fogo<\/h2>\t\t\t\t<\/div>\n\t\t\t\t<\/div>\n\t\t\t\t<div class=\"elementor-element elementor-element-dd53e86 elementor-widget elementor-widget-image\" data-id=\"dd53e86\" data-element_type=\"widget\" data-widget_type=\"image.default\">\n\t\t\t\t<div class=\"elementor-widget-container\">\n\t\t\t\t\t\t\t\t\t\t\t\t\t\t\t<img fetchpriority=\"high\" decoding=\"async\" width=\"696\" height=\"928\" src=\"https:\/\/pc.sc.gov.br\/\/wp-content\/uploads\/2023\/09\/WhatsApp-Image-2023-09-20-at-16.39.03.jpeg\" class=\"attachment-large size-large wp-image-13710\" alt=\"\" srcset=\"https:\/\/pc.sc.gov.br\/\/wp-content\/uploads\/2023\/09\/WhatsApp-Image-2023-09-20-at-16.39.03.jpeg 768w, https:\/\/pc.sc.gov.br\/\/wp-content\/uploads\/2023\/09\/WhatsApp-Image-2023-09-20-at-16.39.03-225x300.jpeg 225w\" sizes=\"(max-width: 696px) 100vw, 696px\" \/>\t\t\t\t\t\t\t\t\t\t\t\t\t\t\t<\/div>\n\t\t\t\t<\/div>\n\t\t\t\t\t<\/div>\n\t\t<\/div>\n\t\t\t\t\t<\/div>\n\t\t<\/section>\n\t\t\t\t<section class=\"elementor-section elementor-top-section elementor-element elementor-element-8cce3f2 elementor-section-boxed elementor-section-height-default elementor-section-height-default\" data-id=\"8cce3f2\" data-element_type=\"section\">\n\t\t\t\t\t\t<div class=\"elementor-container elementor-column-gap-default\">\n\t\t\t\t\t<div class=\"elementor-column elementor-col-100 elementor-top-column elementor-element elementor-element-9ff1da5\" data-id=\"9ff1da5\" data-element_type=\"column\">\n\t\t\t<div class=\"elementor-widget-wrap elementor-element-populated\">\n\t\t\t\t\t\t<div class=\"elementor-element elementor-element-48bbed6 elementor-widget elementor-widget-text-editor\" data-id=\"48bbed6\" data-element_type=\"widget\" data-widget_type=\"text-editor.default\">\n\t\t\t\t<div class=\"elementor-widget-container\">\n\t\t\t\t\t\t\t\t\t<p>Desde ter\u00e7a-feira (19) at\u00e9 a madrugada desta quarta-feira (20), a Pol\u00edcia Civil de Santa Catarina, por meio da Delegacia de Combate \u00e0s Drogas do Departamento de Investiga\u00e7\u00e3o Criminal da Capital (DECOD\/DIC) deflagrou uma opera\u00e7\u00e3o \u201cTerceiro Round&#8221; em combate \u00e0 narcotrafic\u00e2ncia na cidade de Florian\u00f3polis. <br>O nome da opera\u00e7\u00e3o faz refer\u00eancia direta ao principal detido da a\u00e7\u00e3o: um renomado lutador de MMA. O investigado, em raz\u00e3o de envolvimentos anteriores com o tr\u00e1fico de drogas, j\u00e1 havia sido detido nos estados do Paran\u00e1 e do Rio de Janeiro, sendo essa a sua terceira condu\u00e7\u00e3o pela pr\u00e1tica do mesmo delito. Ele foi preso em flagrante por tr\u00e1fico de drogas e posse ilegal de arma de fogo.&nbsp;<br>Ap\u00f3s semanas de investiga\u00e7\u00e3o, a equipe da DECOD conseguiu mapear e identificar as principais atividades criminais do investigado. Os elementos indicam que o suspeito realizava venda de variados tipos de subst\u00e2ncias il\u00edcitas, embora tenha demonstrado especial predile\u00e7\u00e3o pelo tr\u00e1fico de cannabis e seus respectivos derivados.<br>Em a\u00e7\u00e3o coordenada, foi cumprido mandado de busca expedido pela 4\u00aa Vara Criminal da Comarca da Capital, no Bairro Barra da Lagoa, na ilha de Santa Catarina, resultando na apreens\u00e3o de diversos materiais il\u00edcitos e de interesse investigativo, como uma pistola calibre .380 ASP; 39 muni\u00e7\u00f5es de calibre .380 ASP; muni\u00e7\u00f5es calibre .357 Magnum; consider\u00e1veis quantidades de haxixe, Skunk, ecstasy, micropontos de LSD e MDMA; balan\u00e7as de precis\u00e3o; uma m\u00e1quina de embalar a v\u00e1cuo; diversos equipamentos destinados \u00e0 produ\u00e7\u00e3o e manufatura das drogas; e documentos e m\u00eddias que ser\u00e3o analisados e poder\u00e3o auxiliar em investiga\u00e7\u00f5es futuras.<\/p>\t\t\t\t\t\t\t\t<\/div>\n\t\t\t\t<\/div>\n\t\t\t\t\t<\/div>\n\t\t<\/div>\n\t\t\t\t\t<\/div>\n\t\t<\/section>\n\t\t\t\t<\/div>\n\t\t","protected":false},"excerpt":{"rendered":"<p>Pol\u00edcia Civil realiza Opera\u00e7\u00e3o Terceiro Round e prende um homem por tr\u00e1fico de drogas e posse ilegal de arma de fogo Desde ter\u00e7a-feira (19) at\u00e9 a madrugada desta quarta-feira (20), a Pol\u00edcia Civil de Santa Catarina, por meio da Delegacia de Combate \u00e0s Drogas do Departamento de Investiga\u00e7\u00e3o Criminal da Capital (DECOD\/DIC) deflagrou uma opera\u00e7\u00e3o [&hellip;]<\/p>\n","protected":false},"author":5,"featured_media":13710,"comment_status":"closed","ping_status":"open","sticky":false,"template":"","format":"standard","meta":{"_monsterinsights_skip_tracking":false,"_monsterinsights_sitenote_active":false,"_monsterinsights_sitenote_note":"","_monsterinsights_sitenote_category":0,"footnotes":""},"categories":[1],"tags":[],"class_list":["post-13709","post","type-post","status-publish","format-standard","has-post-thumbnail","hentry","category-sem-categoria"],"_links":{"self":[{"href":"https:\/\/pc.sc.gov.br\/index.php?rest_route=\/wp\/v2\/posts\/13709","targetHints":{"allow":["GET"]}}],"collection":[{"href":"https:\/\/pc.sc.gov.br\/index.php?rest_route=\/wp\/v2\/posts"}],"about":[{"href":"https:\/\/pc.sc.gov.br\/index.php?rest_route=\/wp\/v2\/types\/post"}],"author":[{"embeddable":true,"href":"https:\/\/pc.sc.gov.br\/index.php?rest_route=\/wp\/v2\/users\/5"}],"replies":[{"embeddable":true,"href":"https:\/\/pc.sc.gov.br\/index.php?rest_route=%2Fwp%2Fv2%2Fcomments&post=13709"}],"version-history":[{"count":8,"href":"https:\/\/pc.sc.gov.br\/index.php?rest_route=\/wp\/v2\/posts\/13709\/revisions"}],"predecessor-version":[{"id":13718,"href":"https:\/\/pc.sc.gov.br\/index.php?rest_route=\/wp\/v2\/posts\/13709\/revisions\/13718"}],"wp:featuredmedia":[{"embeddable":true,"href":"https:\/\/pc.sc.gov.br\/index.php?rest_route=\/wp\/v2\/media\/13710"}],"wp:attachment":[{"href":"https:\/\/pc.sc.gov.br\/index.php?rest_route=%2Fwp%2Fv2%2Fmedia&parent=13709"}],"wp:term":[{"taxonomy":"category","embeddable":true,"href":"https:\/\/pc.sc.gov.br\/index.php?rest_route=%2Fwp%2Fv2%2Fcategories&post=13709"},{"taxonomy":"post_tag","embeddable":true,"href":"https:\/\/pc.sc.gov.br\/index.php?rest_route=%2Fwp%2Fv2%2Ftags&post=13709"}],"curies":[{"name":"wp","href":"https:\/\/api.w.org\/{rel}","templated":true}]}}