{"id":13719,"date":"2023-09-20T17:26:49","date_gmt":"2023-09-20T20:26:49","guid":{"rendered":"https:\/\/pc.sc.gov.br\/?p=13719"},"modified":"2023-09-20T17:27:38","modified_gmt":"2023-09-20T20:27:38","slug":"policia-civil-prende-casal-suspeito-pela-pratica-de-roubo-e-furto-qualificado-em-curitibanos","status":"publish","type":"post","link":"https:\/\/pc.sc.gov.br\/?p=13719","title":{"rendered":"Pol\u00edcia Civil prende casal suspeito pela pr\u00e1tica de roubo e furto qualificado em Curitibanos"},"content":{"rendered":"\t\t<div data-elementor-type=\"wp-post\" data-elementor-id=\"13719\" class=\"elementor elementor-13719\" data-elementor-post-type=\"post\">\n\t\t\t\t\t\t<section class=\"elementor-section elementor-top-section elementor-element elementor-element-7f3849c elementor-section-boxed elementor-section-height-default elementor-section-height-default\" data-id=\"7f3849c\" data-element_type=\"section\">\n\t\t\t\t\t\t<div class=\"elementor-container elementor-column-gap-default\">\n\t\t\t\t\t<div class=\"elementor-column elementor-col-100 elementor-top-column elementor-element elementor-element-63cffc3\" data-id=\"63cffc3\" data-element_type=\"column\">\n\t\t\t<div class=\"elementor-widget-wrap elementor-element-populated\">\n\t\t\t\t\t\t<div class=\"elementor-element elementor-element-44a8ada elementor-widget elementor-widget-heading\" data-id=\"44a8ada\" data-element_type=\"widget\" data-widget_type=\"heading.default\">\n\t\t\t\t<div class=\"elementor-widget-container\">\n\t\t\t\t\t<h2 class=\"elementor-heading-title elementor-size-default\">Pol\u00edcia Civil prende casal suspeito pela pr\u00e1tica de roubo e furto qualificado em Curitibanos<\/h2>\t\t\t\t<\/div>\n\t\t\t\t<\/div>\n\t\t\t\t\t<\/div>\n\t\t<\/div>\n\t\t\t\t\t<\/div>\n\t\t<\/section>\n\t\t\t\t<section class=\"elementor-section elementor-top-section elementor-element elementor-element-6dfb259 elementor-section-boxed elementor-section-height-default elementor-section-height-default\" data-id=\"6dfb259\" data-element_type=\"section\">\n\t\t\t\t\t\t<div class=\"elementor-container elementor-column-gap-default\">\n\t\t\t\t\t<div class=\"elementor-column elementor-col-100 elementor-top-column elementor-element elementor-element-94e6403\" data-id=\"94e6403\" data-element_type=\"column\">\n\t\t\t<div class=\"elementor-widget-wrap elementor-element-populated\">\n\t\t\t\t\t\t<div class=\"elementor-element elementor-element-6c30a2d elementor-widget elementor-widget-image\" data-id=\"6c30a2d\" data-element_type=\"widget\" data-widget_type=\"image.default\">\n\t\t\t\t<div class=\"elementor-widget-container\">\n\t\t\t\t\t\t\t\t\t\t\t\t\t\t\t<img fetchpriority=\"high\" decoding=\"async\" width=\"696\" height=\"464\" src=\"https:\/\/pc.sc.gov.br\/\/wp-content\/uploads\/2023\/09\/dsc_0720_51468326894_o-1-1024x683.jpg\" class=\"attachment-large size-large wp-image-13621\" alt=\"\" srcset=\"https:\/\/pc.sc.gov.br\/\/wp-content\/uploads\/2023\/09\/dsc_0720_51468326894_o-1-1024x683.jpg 1024w, https:\/\/pc.sc.gov.br\/\/wp-content\/uploads\/2023\/09\/dsc_0720_51468326894_o-1-300x200.jpg 300w, https:\/\/pc.sc.gov.br\/\/wp-content\/uploads\/2023\/09\/dsc_0720_51468326894_o-1-768x512.jpg 768w, https:\/\/pc.sc.gov.br\/\/wp-content\/uploads\/2023\/09\/dsc_0720_51468326894_o-1-1536x1024.jpg 1536w, https:\/\/pc.sc.gov.br\/\/wp-content\/uploads\/2023\/09\/dsc_0720_51468326894_o-1-2048x1365.jpg 2048w\" sizes=\"(max-width: 696px) 100vw, 696px\" \/>\t\t\t\t\t\t\t\t\t\t\t\t\t\t\t<\/div>\n\t\t\t\t<\/div>\n\t\t\t\t\t<\/div>\n\t\t<\/div>\n\t\t\t\t\t<\/div>\n\t\t<\/section>\n\t\t\t\t<section class=\"elementor-section elementor-top-section elementor-element elementor-element-03ed3b5 elementor-section-boxed elementor-section-height-default elementor-section-height-default\" data-id=\"03ed3b5\" data-element_type=\"section\">\n\t\t\t\t\t\t<div class=\"elementor-container elementor-column-gap-default\">\n\t\t\t\t\t<div class=\"elementor-column elementor-col-100 elementor-top-column elementor-element elementor-element-53cfca8\" data-id=\"53cfca8\" data-element_type=\"column\">\n\t\t\t<div class=\"elementor-widget-wrap elementor-element-populated\">\n\t\t\t\t\t\t<div class=\"elementor-element elementor-element-499367a elementor-widget elementor-widget-text-editor\" data-id=\"499367a\" data-element_type=\"widget\" data-widget_type=\"text-editor.default\">\n\t\t\t\t<div class=\"elementor-widget-container\">\n\t\t\t\t\t\t\t\t\t<p>Na quarta-feira (20), a Pol\u00edcia Civil de Santa Catarina, por meio da Delegacia de Pol\u00edcia da Comarca de Curitibanos, cumpriu mandado de pris\u00e3o em desfavor de um casal morador de Curitibanos, suspeitos da pratica de crimes de roubo e furto qualificado na ultima semana. <br \/>O homem j\u00e1 \u00e9 conhecido no meio policial por escolher vitimas em bares da cidade, aproveitando de situa\u00e7\u00e3o de vulnerabilidade em virtude de consumo de \u00e1lcool ou idade, al\u00e9m de promover amea\u00e7as para assegurar a impunidade e debochar da atua\u00e7\u00e3o da Justi\u00e7a. <br \/>Ambos j\u00e1 possuem indiciamentos e j\u00e1 foram presos pela pratica de crimes no Munic\u00edpio.<br \/>Nos \u00faltimos 15 dias, foram cumpridos cinco mandados de pris\u00e3o, todos referente a pr\u00e1tica de crime de roubo ocorrido neste ultimo m\u00eas de setembro em Curitibanos. Trata-se de r\u00e1pida resposta por parte da Policia Civil, Minist\u00e9rio P\u00fablico e Poder Judici\u00e1rio da Comarca de Curitibanos face \u00e0 criminalidade.<\/p>\t\t\t\t\t\t\t\t<\/div>\n\t\t\t\t<\/div>\n\t\t\t\t\t<\/div>\n\t\t<\/div>\n\t\t\t\t\t<\/div>\n\t\t<\/section>\n\t\t\t\t<\/div>\n\t\t","protected":false},"excerpt":{"rendered":"<p>Pol\u00edcia Civil prende casal suspeito pela pr\u00e1tica de roubo e furto qualificado em Curitibanos Na quarta-feira (20), a Pol\u00edcia Civil de Santa Catarina, por meio da Delegacia de Pol\u00edcia da Comarca de Curitibanos, cumpriu mandado de pris\u00e3o em desfavor de um casal morador de Curitibanos, suspeitos da pratica de crimes de roubo e furto qualificado [&hellip;]<\/p>\n","protected":false},"author":5,"featured_media":13621,"comment_status":"closed","ping_status":"open","sticky":false,"template":"","format":"standard","meta":{"_monsterinsights_skip_tracking":false,"_monsterinsights_sitenote_active":false,"_monsterinsights_sitenote_note":"","_monsterinsights_sitenote_category":0,"footnotes":""},"categories":[1],"tags":[],"class_list":["post-13719","post","type-post","status-publish","format-standard","has-post-thumbnail","hentry","category-sem-categoria"],"_links":{"self":[{"href":"https:\/\/pc.sc.gov.br\/index.php?rest_route=\/wp\/v2\/posts\/13719","targetHints":{"allow":["GET"]}}],"collection":[{"href":"https:\/\/pc.sc.gov.br\/index.php?rest_route=\/wp\/v2\/posts"}],"about":[{"href":"https:\/\/pc.sc.gov.br\/index.php?rest_route=\/wp\/v2\/types\/post"}],"author":[{"embeddable":true,"href":"https:\/\/pc.sc.gov.br\/index.php?rest_route=\/wp\/v2\/users\/5"}],"replies":[{"embeddable":true,"href":"https:\/\/pc.sc.gov.br\/index.php?rest_route=%2Fwp%2Fv2%2Fcomments&post=13719"}],"version-history":[{"count":4,"href":"https:\/\/pc.sc.gov.br\/index.php?rest_route=\/wp\/v2\/posts\/13719\/revisions"}],"predecessor-version":[{"id":13723,"href":"https:\/\/pc.sc.gov.br\/index.php?rest_route=\/wp\/v2\/posts\/13719\/revisions\/13723"}],"wp:featuredmedia":[{"embeddable":true,"href":"https:\/\/pc.sc.gov.br\/index.php?rest_route=\/wp\/v2\/media\/13621"}],"wp:attachment":[{"href":"https:\/\/pc.sc.gov.br\/index.php?rest_route=%2Fwp%2Fv2%2Fmedia&parent=13719"}],"wp:term":[{"taxonomy":"category","embeddable":true,"href":"https:\/\/pc.sc.gov.br\/index.php?rest_route=%2Fwp%2Fv2%2Fcategories&post=13719"},{"taxonomy":"post_tag","embeddable":true,"href":"https:\/\/pc.sc.gov.br\/index.php?rest_route=%2Fwp%2Fv2%2Ftags&post=13719"}],"curies":[{"name":"wp","href":"https:\/\/api.w.org\/{rel}","templated":true}]}}