{"id":13724,"date":"2023-09-20T17:33:22","date_gmt":"2023-09-20T20:33:22","guid":{"rendered":"https:\/\/pc.sc.gov.br\/?p=13724"},"modified":"2023-09-20T17:36:31","modified_gmt":"2023-09-20T20:36:31","slug":"policia-civil-prende-homem-em-flagrante-pelo-crime-exploracao-sexual-de-adolescente-em-ascurra","status":"publish","type":"post","link":"https:\/\/pc.sc.gov.br\/?p=13724","title":{"rendered":"Pol\u00edcia Civil prende homem em flagrante pelo crime explora\u00e7\u00e3o sexual de adolescente em Ascurra"},"content":{"rendered":"\t\t<div data-elementor-type=\"wp-post\" data-elementor-id=\"13724\" class=\"elementor elementor-13724\" data-elementor-post-type=\"post\">\n\t\t\t\t\t\t<section class=\"elementor-section elementor-top-section elementor-element elementor-element-6a43fb3 elementor-section-boxed elementor-section-height-default elementor-section-height-default\" data-id=\"6a43fb3\" data-element_type=\"section\">\n\t\t\t\t\t\t<div class=\"elementor-container elementor-column-gap-default\">\n\t\t\t\t\t<div class=\"elementor-column elementor-col-100 elementor-top-column elementor-element elementor-element-20a7f4a\" data-id=\"20a7f4a\" data-element_type=\"column\">\n\t\t\t<div class=\"elementor-widget-wrap elementor-element-populated\">\n\t\t\t\t\t\t<div class=\"elementor-element elementor-element-3d66ced elementor-widget elementor-widget-heading\" data-id=\"3d66ced\" data-element_type=\"widget\" data-widget_type=\"heading.default\">\n\t\t\t\t<div class=\"elementor-widget-container\">\n\t\t\t\t\t<h2 class=\"elementor-heading-title elementor-size-default\">Pol\u00edcia Civil prende homem em flagrante pelo crime de explora\u00e7\u00e3o sexual de adolescente em Ascurra<\/h2>\t\t\t\t<\/div>\n\t\t\t\t<\/div>\n\t\t\t\t\t<\/div>\n\t\t<\/div>\n\t\t\t\t\t<\/div>\n\t\t<\/section>\n\t\t\t\t<section class=\"elementor-section elementor-top-section elementor-element elementor-element-2896f36 elementor-section-boxed elementor-section-height-default elementor-section-height-default\" data-id=\"2896f36\" data-element_type=\"section\">\n\t\t\t\t\t\t<div class=\"elementor-container elementor-column-gap-default\">\n\t\t\t\t\t<div class=\"elementor-column elementor-col-100 elementor-top-column elementor-element elementor-element-d109de0\" data-id=\"d109de0\" data-element_type=\"column\">\n\t\t\t<div class=\"elementor-widget-wrap elementor-element-populated\">\n\t\t\t\t\t\t<div class=\"elementor-element elementor-element-d9c6c7d elementor-widget elementor-widget-image\" data-id=\"d9c6c7d\" data-element_type=\"widget\" data-widget_type=\"image.default\">\n\t\t\t\t<div class=\"elementor-widget-container\">\n\t\t\t\t\t\t\t\t\t\t\t\t\t\t\t<img fetchpriority=\"high\" decoding=\"async\" width=\"696\" height=\"522\" src=\"https:\/\/pc.sc.gov.br\/\/wp-content\/uploads\/2023\/09\/32eac3c5-82d9-4bd9-b90d-e5862efe8c7f-fotor-20230920173257-1024x768.jpg\" class=\"attachment-large size-large wp-image-13725\" alt=\"\" srcset=\"https:\/\/pc.sc.gov.br\/\/wp-content\/uploads\/2023\/09\/32eac3c5-82d9-4bd9-b90d-e5862efe8c7f-fotor-20230920173257-1024x768.jpg 1024w, https:\/\/pc.sc.gov.br\/\/wp-content\/uploads\/2023\/09\/32eac3c5-82d9-4bd9-b90d-e5862efe8c7f-fotor-20230920173257-300x225.jpg 300w, https:\/\/pc.sc.gov.br\/\/wp-content\/uploads\/2023\/09\/32eac3c5-82d9-4bd9-b90d-e5862efe8c7f-fotor-20230920173257-768x576.jpg 768w, https:\/\/pc.sc.gov.br\/\/wp-content\/uploads\/2023\/09\/32eac3c5-82d9-4bd9-b90d-e5862efe8c7f-fotor-20230920173257.jpg 1140w\" sizes=\"(max-width: 696px) 100vw, 696px\" \/>\t\t\t\t\t\t\t\t\t\t\t\t\t\t\t<\/div>\n\t\t\t\t<\/div>\n\t\t\t\t\t<\/div>\n\t\t<\/div>\n\t\t\t\t\t<\/div>\n\t\t<\/section>\n\t\t\t\t<section class=\"elementor-section elementor-top-section elementor-element elementor-element-a08650c elementor-section-boxed elementor-section-height-default elementor-section-height-default\" data-id=\"a08650c\" data-element_type=\"section\">\n\t\t\t\t\t\t<div class=\"elementor-container elementor-column-gap-default\">\n\t\t\t\t\t<div class=\"elementor-column elementor-col-100 elementor-top-column elementor-element elementor-element-5ebd8ac\" data-id=\"5ebd8ac\" data-element_type=\"column\">\n\t\t\t<div class=\"elementor-widget-wrap elementor-element-populated\">\n\t\t\t\t\t\t<div class=\"elementor-element elementor-element-a0939a0 elementor-widget elementor-widget-text-editor\" data-id=\"a0939a0\" data-element_type=\"widget\" data-widget_type=\"text-editor.default\">\n\t\t\t\t<div class=\"elementor-widget-container\">\n\t\t\t\t\t\t\t\t\t<p>A Pol\u00edcia Civil de Santa Catarina, por meio da Delegacia da Comarca de Ascurra, prendeu um homem, em flagrante, pelo crime de explora\u00e7\u00e3o sexual de crian\u00e7a. O fato ocorreu na segunda-feira (18), no Centro, da Ascurra.&nbsp;<span style=\"font-family: var( --e-global-typography-primary-font-family ), Sans-serif; font-size: var( --e-global-typography-primary-font-size ); font-weight: var( --e-global-typography-primary-font-weight ); letter-spacing: var( --e-global-typography-primary-letter-spacing );\">A investiga\u00e7\u00e3o come\u00e7ou na \u00faltima sexta-feira (15) quando familiares da v\u00edtima procuraram a delegacia para informar que um homem, em tese, morador de Blumenau, que estaria aliciando sua filha adolescente com a finalidade de realizar programas sexuais pelo valor de R$ 500 e que o investigado insistia em marcar um encontro com a menina.<\/span><\/p>\n<p>As investiga\u00e7\u00f5es apontaram que \u201coutra pessoa\u201d estaria intermediando o encontro, atrav\u00e9s do aplicativo whatsapp, que ocorreria na pra\u00e7a localizada no Centro de Ascurra.&nbsp;<span style=\"font-family: var( --e-global-typography-primary-font-family ), Sans-serif; font-size: var( --e-global-typography-primary-font-size ); font-weight: var( --e-global-typography-primary-font-weight ); letter-spacing: var( --e-global-typography-primary-letter-spacing );\">Diante disso, no in\u00edcio da tarde de segunda-feira, uma equipe policial se deslocou para a mencionada pra\u00e7a e conseguiu flagrar o exato momento em que o investigado chegou com o seu ve\u00edculo e foi em dire\u00e7\u00e3o \u00e0 garota, sentando ao seu lado, nas escadarias de uma escola.<\/span><\/p>\n<p>O investigado foi abordado na companhia da adolescente, no exato momento em que ele a estava aliciando tendo sido apreendido com ele, um aparelho celular, R$ 800 em esp\u00e9cie, que em tese, seriam para pagar o encontro sexual e comprimido de estimulante sexual.<\/p>\n<p>Durante a apura\u00e7\u00e3o, o Setor de Investiga\u00e7\u00e3o conseguiu identificar que, na verdade, o autuado n\u00e3o era apenas o cliente, mas se utilizava de um outro n\u00famero para se passar por intermediador dos programas sexuais com adolescentes. Inclusive, al\u00e9m dos programas sexuais com menores de idade, o autuado oferecia R$ 200,00 (duzentos reais) para que as adolescentes gravassem v\u00eddeos delas fazendo sexo com animais.&nbsp;<\/p>\n<p>Com base nas informa\u00e7\u00f5es levantadas pela pol\u00edcia civil, o suspeito foi preso em flagrante delito e o Delegado de Policia representou pela decreta\u00e7\u00e3o da pris\u00e3o preventiva do suspeito, para fins de garantia da ordem p\u00fablica, considerando os indicativos de que o criminoso tamb\u00e9m direcionava as suas a\u00e7\u00f5es para outras adolescentes, al\u00e9m de busca e apreens\u00e3o domiciliar.<\/p>\n<p>Na ter\u00e7a-feira (19) foi cumprido mandado de busca e apreens\u00e3o na resid\u00eancia do investigado, tendo sido apreendidos diversos materiais digitais com imagens de potenciais outras v\u00edtimas adolescentes, de cidades vizinhas, bem como centenas de v\u00eddeos de cenas de sexo envolvendo animais.<\/p>\n<p><b>Colabore com a Pol\u00edcia Civil, por interm\u00e9dio da delegacia de Ascurra<\/b><\/p>\n<p><b>Den\u00fancias pelo whatsapp (47) 9 9793 6769 &#8211; Sigilo Absoluto<\/b><\/p>\n<div>&nbsp;<\/div>\t\t\t\t\t\t\t\t<\/div>\n\t\t\t\t<\/div>\n\t\t\t\t\t<\/div>\n\t\t<\/div>\n\t\t\t\t\t<\/div>\n\t\t<\/section>\n\t\t\t\t<\/div>\n\t\t","protected":false},"excerpt":{"rendered":"<p>Pol\u00edcia Civil prende homem em flagrante pelo crime de explora\u00e7\u00e3o sexual de adolescente em Ascurra A Pol\u00edcia Civil de Santa Catarina, por meio da Delegacia da Comarca de Ascurra, prendeu um homem, em flagrante, pelo crime de explora\u00e7\u00e3o sexual de crian\u00e7a. O fato ocorreu na segunda-feira (18), no Centro, da Ascurra.&nbsp;A investiga\u00e7\u00e3o come\u00e7ou na \u00faltima [&hellip;]<\/p>\n","protected":false},"author":5,"featured_media":13725,"comment_status":"closed","ping_status":"open","sticky":false,"template":"","format":"standard","meta":{"_monsterinsights_skip_tracking":false,"_monsterinsights_sitenote_active":false,"_monsterinsights_sitenote_note":"","_monsterinsights_sitenote_category":0,"footnotes":""},"categories":[1],"tags":[],"class_list":["post-13724","post","type-post","status-publish","format-standard","has-post-thumbnail","hentry","category-sem-categoria"],"_links":{"self":[{"href":"https:\/\/pc.sc.gov.br\/index.php?rest_route=\/wp\/v2\/posts\/13724","targetHints":{"allow":["GET"]}}],"collection":[{"href":"https:\/\/pc.sc.gov.br\/index.php?rest_route=\/wp\/v2\/posts"}],"about":[{"href":"https:\/\/pc.sc.gov.br\/index.php?rest_route=\/wp\/v2\/types\/post"}],"author":[{"embeddable":true,"href":"https:\/\/pc.sc.gov.br\/index.php?rest_route=\/wp\/v2\/users\/5"}],"replies":[{"embeddable":true,"href":"https:\/\/pc.sc.gov.br\/index.php?rest_route=%2Fwp%2Fv2%2Fcomments&post=13724"}],"version-history":[{"count":4,"href":"https:\/\/pc.sc.gov.br\/index.php?rest_route=\/wp\/v2\/posts\/13724\/revisions"}],"predecessor-version":[{"id":13729,"href":"https:\/\/pc.sc.gov.br\/index.php?rest_route=\/wp\/v2\/posts\/13724\/revisions\/13729"}],"wp:featuredmedia":[{"embeddable":true,"href":"https:\/\/pc.sc.gov.br\/index.php?rest_route=\/wp\/v2\/media\/13725"}],"wp:attachment":[{"href":"https:\/\/pc.sc.gov.br\/index.php?rest_route=%2Fwp%2Fv2%2Fmedia&parent=13724"}],"wp:term":[{"taxonomy":"category","embeddable":true,"href":"https:\/\/pc.sc.gov.br\/index.php?rest_route=%2Fwp%2Fv2%2Fcategories&post=13724"},{"taxonomy":"post_tag","embeddable":true,"href":"https:\/\/pc.sc.gov.br\/index.php?rest_route=%2Fwp%2Fv2%2Ftags&post=13724"}],"curies":[{"name":"wp","href":"https:\/\/api.w.org\/{rel}","templated":true}]}}