{"id":13730,"date":"2023-09-20T20:09:08","date_gmt":"2023-09-20T23:09:08","guid":{"rendered":"https:\/\/pc.sc.gov.br\/?p=13730"},"modified":"2023-09-20T20:10:28","modified_gmt":"2023-09-20T23:10:28","slug":"policia-civil-prende-homem-em-flagrante-pelo-crime-de-maus-tratos-qualificado-contra-cao-em-palhoca","status":"publish","type":"post","link":"https:\/\/pc.sc.gov.br\/?p=13730","title":{"rendered":"Pol\u00edcia Civil prende homem em flagrante pelo crime de maus-tratos qualificado contra c\u00e3o em Palho\u00e7a"},"content":{"rendered":"\t\t<div data-elementor-type=\"wp-post\" data-elementor-id=\"13730\" class=\"elementor elementor-13730\" data-elementor-post-type=\"post\">\n\t\t\t\t\t\t<section class=\"elementor-section elementor-top-section elementor-element elementor-element-c81f1c0 elementor-section-boxed elementor-section-height-default elementor-section-height-default\" data-id=\"c81f1c0\" data-element_type=\"section\">\n\t\t\t\t\t\t<div class=\"elementor-container elementor-column-gap-default\">\n\t\t\t\t\t<div class=\"elementor-column elementor-col-100 elementor-top-column elementor-element elementor-element-829f3e2\" data-id=\"829f3e2\" data-element_type=\"column\">\n\t\t\t<div class=\"elementor-widget-wrap elementor-element-populated\">\n\t\t\t\t\t\t<div class=\"elementor-element elementor-element-17f6137 elementor-widget elementor-widget-heading\" data-id=\"17f6137\" data-element_type=\"widget\" data-widget_type=\"heading.default\">\n\t\t\t\t<div class=\"elementor-widget-container\">\n\t\t\t\t\t<h2 class=\"elementor-heading-title elementor-size-default\">Pol\u00edcia Civil prende homem em flagrante pelo crime de maus-tratos qualificado contra c\u00e3o em Palho\u00e7a<\/h2>\t\t\t\t<\/div>\n\t\t\t\t<\/div>\n\t\t\t\t\t<\/div>\n\t\t<\/div>\n\t\t\t\t\t<\/div>\n\t\t<\/section>\n\t\t\t\t<section class=\"elementor-section elementor-top-section elementor-element elementor-element-10ab1c3 elementor-section-boxed elementor-section-height-default elementor-section-height-default\" data-id=\"10ab1c3\" data-element_type=\"section\">\n\t\t\t\t\t\t<div class=\"elementor-container elementor-column-gap-default\">\n\t\t\t\t\t<div class=\"elementor-column elementor-col-100 elementor-top-column elementor-element elementor-element-ba14e16\" data-id=\"ba14e16\" data-element_type=\"column\">\n\t\t\t<div class=\"elementor-widget-wrap elementor-element-populated\">\n\t\t\t\t\t\t<div class=\"elementor-element elementor-element-5e2a0c3 elementor-widget elementor-widget-image\" data-id=\"5e2a0c3\" data-element_type=\"widget\" data-widget_type=\"image.default\">\n\t\t\t\t<div class=\"elementor-widget-container\">\n\t\t\t\t\t\t\t\t\t\t\t\t\t\t\t<img fetchpriority=\"high\" decoding=\"async\" width=\"696\" height=\"928\" src=\"https:\/\/pc.sc.gov.br\/\/wp-content\/uploads\/2023\/09\/WhatsApp-Image-2023-09-20-at-19.38.03-1-768x1024.jpeg\" class=\"attachment-large size-large wp-image-13733\" alt=\"\" srcset=\"https:\/\/pc.sc.gov.br\/\/wp-content\/uploads\/2023\/09\/WhatsApp-Image-2023-09-20-at-19.38.03-1-768x1024.jpeg 768w, https:\/\/pc.sc.gov.br\/\/wp-content\/uploads\/2023\/09\/WhatsApp-Image-2023-09-20-at-19.38.03-1-225x300.jpeg 225w, https:\/\/pc.sc.gov.br\/\/wp-content\/uploads\/2023\/09\/WhatsApp-Image-2023-09-20-at-19.38.03-1-1152x1536.jpeg 1152w, https:\/\/pc.sc.gov.br\/\/wp-content\/uploads\/2023\/09\/WhatsApp-Image-2023-09-20-at-19.38.03-1.jpeg 1200w\" sizes=\"(max-width: 696px) 100vw, 696px\" \/>\t\t\t\t\t\t\t\t\t\t\t\t\t\t\t<\/div>\n\t\t\t\t<\/div>\n\t\t\t\t<div class=\"elementor-element elementor-element-b59caa5 elementor-widget elementor-widget-text-editor\" data-id=\"b59caa5\" data-element_type=\"widget\" data-widget_type=\"text-editor.default\">\n\t\t\t\t<div class=\"elementor-widget-container\">\n\t\t\t\t\t\t\t\t\t<p>Nesta quarta-feira (20), a Pol\u00edcia Civil de Santa Catarina, por meio da Divis\u00e3o de Prote\u00e7\u00e3o Animal do Departamento de Investiga\u00e7\u00e3o Criminal da Capital (DPA\/DIC), em opera\u00e7\u00e3o conjunta com a Diretoria de Bem-Estar Animal de Palho\u00e7a, prendeu em flagrante um homem pelo crime de maus-tratos qualificado contra c\u00e3o, mantido em confinamento, em um com\u00e9rcio de Palho\u00e7a.<br \/>Ap\u00f3s receber den\u00fancia de que uma cachorra, mesti\u00e7a com a ra\u00e7a Boxer, ficava ao longo de todo dia presa em um cub\u00edculo fechado, nas depend\u00eancias de um estabelecimento comercial, as equipes efetuaram verifica\u00e7\u00e3o conjunta no local, confirmando as condi\u00e7\u00f5es inaceit\u00e1veis em que se encontrava o c\u00e3o.<br \/>A cachorra foi localizada em ambiente de cerca de 1m x 1m, completamente fechado, insalubre, sem acesso \u00e0 \u00e1gua, alimenta\u00e7\u00e3o e descanso adequado, sequer com luminosidade e aera\u00e7\u00e3o. Importante destacar que o recipiente que seria para a hidrata\u00e7\u00e3o do can\u00eddeo estava completamente furado, de forma que n\u00e3o mantinha \u00e1gua em seu interior.<br \/>Ao ser retirada do local, a cachorra apresentava bastante ansiedade e estava ofegante, em especial devido \u00e0s altas temperaturas dos \u00faltimos dias. Em entrevistas com os envolvidos, verificou-se que o animal apenas sa\u00eda daquele espa\u00e7o no turno da noite, para fazer a guarda do im\u00f3vel.<br \/>\u201cKIARA\u201d foi resgatada e est\u00e1 sob os cuidados de fiel deposit\u00e1rio, at\u00e9 a finaliza\u00e7\u00e3o dos tr\u00e2mites para a ado\u00e7\u00e3o respons\u00e1vel.<br \/>Formalizado o procedimento criminal na Central de Plant\u00e3o Policial de Palho\u00e7a, o preso permanece \u00e0 disposi\u00e7\u00e3o do Poder Judici\u00e1rio.<\/p>\t\t\t\t\t\t\t\t<\/div>\n\t\t\t\t<\/div>\n\t\t\t\t\t<\/div>\n\t\t<\/div>\n\t\t\t\t\t<\/div>\n\t\t<\/section>\n\t\t\t\t<section class=\"elementor-section elementor-top-section elementor-element elementor-element-38355a8 elementor-section-boxed elementor-section-height-default elementor-section-height-default\" data-id=\"38355a8\" data-element_type=\"section\">\n\t\t\t\t\t\t<div class=\"elementor-container elementor-column-gap-default\">\n\t\t\t\t\t<div class=\"elementor-column elementor-col-100 elementor-top-column elementor-element elementor-element-a161faa\" data-id=\"a161faa\" data-element_type=\"column\">\n\t\t\t<div class=\"elementor-widget-wrap elementor-element-populated\">\n\t\t\t\t\t\t<div class=\"elementor-element elementor-element-638ce5a elementor-widget elementor-widget-image\" data-id=\"638ce5a\" data-element_type=\"widget\" data-widget_type=\"image.default\">\n\t\t\t\t<div class=\"elementor-widget-container\">\n\t\t\t\t\t\t\t\t\t\t\t\t\t\t\t<img decoding=\"async\" width=\"696\" height=\"928\" src=\"https:\/\/pc.sc.gov.br\/\/wp-content\/uploads\/2023\/09\/WhatsApp-Image-2023-09-20-at-19.38.43-768x1024.jpeg\" class=\"attachment-large size-large wp-image-13734\" alt=\"\" srcset=\"https:\/\/pc.sc.gov.br\/\/wp-content\/uploads\/2023\/09\/WhatsApp-Image-2023-09-20-at-19.38.43-768x1024.jpeg 768w, https:\/\/pc.sc.gov.br\/\/wp-content\/uploads\/2023\/09\/WhatsApp-Image-2023-09-20-at-19.38.43-225x300.jpeg 225w, https:\/\/pc.sc.gov.br\/\/wp-content\/uploads\/2023\/09\/WhatsApp-Image-2023-09-20-at-19.38.43-1152x1536.jpeg 1152w, https:\/\/pc.sc.gov.br\/\/wp-content\/uploads\/2023\/09\/WhatsApp-Image-2023-09-20-at-19.38.43.jpeg 1200w\" sizes=\"(max-width: 696px) 100vw, 696px\" \/>\t\t\t\t\t\t\t\t\t\t\t\t\t\t\t<\/div>\n\t\t\t\t<\/div>\n\t\t\t\t\t<\/div>\n\t\t<\/div>\n\t\t\t\t\t<\/div>\n\t\t<\/section>\n\t\t\t\t<\/div>\n\t\t","protected":false},"excerpt":{"rendered":"<p>Pol\u00edcia Civil prende homem em flagrante pelo crime de maus-tratos qualificado contra c\u00e3o em Palho\u00e7a Nesta quarta-feira (20), a Pol\u00edcia Civil de Santa Catarina, por meio da Divis\u00e3o de Prote\u00e7\u00e3o Animal do Departamento de Investiga\u00e7\u00e3o Criminal da Capital (DPA\/DIC), em opera\u00e7\u00e3o conjunta com a Diretoria de Bem-Estar Animal de Palho\u00e7a, prendeu em flagrante um homem [&hellip;]<\/p>\n","protected":false},"author":5,"featured_media":13731,"comment_status":"closed","ping_status":"open","sticky":false,"template":"","format":"standard","meta":{"_monsterinsights_skip_tracking":false,"_monsterinsights_sitenote_active":false,"_monsterinsights_sitenote_note":"","_monsterinsights_sitenote_category":0,"footnotes":""},"categories":[1],"tags":[],"class_list":["post-13730","post","type-post","status-publish","format-standard","has-post-thumbnail","hentry","category-sem-categoria"],"_links":{"self":[{"href":"https:\/\/pc.sc.gov.br\/index.php?rest_route=\/wp\/v2\/posts\/13730","targetHints":{"allow":["GET"]}}],"collection":[{"href":"https:\/\/pc.sc.gov.br\/index.php?rest_route=\/wp\/v2\/posts"}],"about":[{"href":"https:\/\/pc.sc.gov.br\/index.php?rest_route=\/wp\/v2\/types\/post"}],"author":[{"embeddable":true,"href":"https:\/\/pc.sc.gov.br\/index.php?rest_route=\/wp\/v2\/users\/5"}],"replies":[{"embeddable":true,"href":"https:\/\/pc.sc.gov.br\/index.php?rest_route=%2Fwp%2Fv2%2Fcomments&post=13730"}],"version-history":[{"count":4,"href":"https:\/\/pc.sc.gov.br\/index.php?rest_route=\/wp\/v2\/posts\/13730\/revisions"}],"predecessor-version":[{"id":13737,"href":"https:\/\/pc.sc.gov.br\/index.php?rest_route=\/wp\/v2\/posts\/13730\/revisions\/13737"}],"wp:featuredmedia":[{"embeddable":true,"href":"https:\/\/pc.sc.gov.br\/index.php?rest_route=\/wp\/v2\/media\/13731"}],"wp:attachment":[{"href":"https:\/\/pc.sc.gov.br\/index.php?rest_route=%2Fwp%2Fv2%2Fmedia&parent=13730"}],"wp:term":[{"taxonomy":"category","embeddable":true,"href":"https:\/\/pc.sc.gov.br\/index.php?rest_route=%2Fwp%2Fv2%2Fcategories&post=13730"},{"taxonomy":"post_tag","embeddable":true,"href":"https:\/\/pc.sc.gov.br\/index.php?rest_route=%2Fwp%2Fv2%2Ftags&post=13730"}],"curies":[{"name":"wp","href":"https:\/\/api.w.org\/{rel}","templated":true}]}}