{"id":13738,"date":"2023-09-21T13:32:39","date_gmt":"2023-09-21T16:32:39","guid":{"rendered":"https:\/\/pc.sc.gov.br\/?p=13738"},"modified":"2023-09-21T13:36:00","modified_gmt":"2023-09-21T16:36:00","slug":"policia-civil-prende-dois-investigados-por-roubo-a-veiculo-em-florianopolis","status":"publish","type":"post","link":"https:\/\/pc.sc.gov.br\/?p=13738","title":{"rendered":"Pol\u00edcia Civil prende dois investigados por roubo a ve\u00edculo em Florian\u00f3polis"},"content":{"rendered":"\t\t<div data-elementor-type=\"wp-post\" data-elementor-id=\"13738\" class=\"elementor elementor-13738\" data-elementor-post-type=\"post\">\n\t\t\t\t\t\t<section class=\"elementor-section elementor-top-section elementor-element elementor-element-494223a elementor-section-boxed elementor-section-height-default elementor-section-height-default\" data-id=\"494223a\" data-element_type=\"section\">\n\t\t\t\t\t\t<div class=\"elementor-container elementor-column-gap-default\">\n\t\t\t\t\t<div class=\"elementor-column elementor-col-100 elementor-top-column elementor-element elementor-element-f80be16\" data-id=\"f80be16\" data-element_type=\"column\">\n\t\t\t<div class=\"elementor-widget-wrap elementor-element-populated\">\n\t\t\t\t\t\t<div class=\"elementor-element elementor-element-162d17f elementor-widget elementor-widget-heading\" data-id=\"162d17f\" data-element_type=\"widget\" data-widget_type=\"heading.default\">\n\t\t\t\t<div class=\"elementor-widget-container\">\n\t\t\t\t\t<h2 class=\"elementor-heading-title elementor-size-default\">Pol\u00edcia Civil prende dois investigados por roubo a ve\u00edculo em Florian\u00f3polis<\/h2>\t\t\t\t<\/div>\n\t\t\t\t<\/div>\n\t\t\t\t\t<\/div>\n\t\t<\/div>\n\t\t\t\t\t<\/div>\n\t\t<\/section>\n\t\t\t\t<section class=\"elementor-section elementor-top-section elementor-element elementor-element-b92eced elementor-section-boxed elementor-section-height-default elementor-section-height-default\" data-id=\"b92eced\" data-element_type=\"section\">\n\t\t\t\t\t\t<div class=\"elementor-container elementor-column-gap-default\">\n\t\t\t\t\t<div class=\"elementor-column elementor-col-100 elementor-top-column elementor-element elementor-element-37163e9\" data-id=\"37163e9\" data-element_type=\"column\">\n\t\t\t<div class=\"elementor-widget-wrap elementor-element-populated\">\n\t\t\t\t\t\t<div class=\"elementor-element elementor-element-104d57d elementor-widget elementor-widget-image\" data-id=\"104d57d\" data-element_type=\"widget\" data-widget_type=\"image.default\">\n\t\t\t\t<div class=\"elementor-widget-container\">\n\t\t\t\t\t\t\t\t\t\t\t\t\t\t\t<img fetchpriority=\"high\" decoding=\"async\" width=\"696\" height=\"454\" src=\"https:\/\/pc.sc.gov.br\/\/wp-content\/uploads\/2023\/08\/viaturas-PC-SC-02-e1759169298711-1024x668.jpg\" class=\"attachment-large size-large wp-image-13050\" alt=\"\" srcset=\"https:\/\/pc.sc.gov.br\/\/wp-content\/uploads\/2023\/08\/viaturas-PC-SC-02-e1759169298711-1024x668.jpg 1024w, https:\/\/pc.sc.gov.br\/\/wp-content\/uploads\/2023\/08\/viaturas-PC-SC-02-e1759169298711-300x196.jpg 300w, https:\/\/pc.sc.gov.br\/\/wp-content\/uploads\/2023\/08\/viaturas-PC-SC-02-e1759169298711-768x501.jpg 768w, https:\/\/pc.sc.gov.br\/\/wp-content\/uploads\/2023\/08\/viaturas-PC-SC-02-e1759169298711.jpg 1068w\" sizes=\"(max-width: 696px) 100vw, 696px\" \/>\t\t\t\t\t\t\t\t\t\t\t\t\t\t\t<\/div>\n\t\t\t\t<\/div>\n\t\t\t\t\t<\/div>\n\t\t<\/div>\n\t\t\t\t\t<\/div>\n\t\t<\/section>\n\t\t\t\t<section class=\"elementor-section elementor-top-section elementor-element elementor-element-b8ffd4f elementor-section-boxed elementor-section-height-default elementor-section-height-default\" data-id=\"b8ffd4f\" data-element_type=\"section\">\n\t\t\t\t\t\t<div class=\"elementor-container elementor-column-gap-default\">\n\t\t\t\t\t<div class=\"elementor-column elementor-col-100 elementor-top-column elementor-element elementor-element-d669029\" data-id=\"d669029\" data-element_type=\"column\">\n\t\t\t<div class=\"elementor-widget-wrap elementor-element-populated\">\n\t\t\t\t\t\t<div class=\"elementor-element elementor-element-0618f38 elementor-widget elementor-widget-text-editor\" data-id=\"0618f38\" data-element_type=\"widget\" data-widget_type=\"text-editor.default\">\n\t\t\t\t<div class=\"elementor-widget-container\">\n\t\t\t\t\t\t\t\t\t<p>Na quarta-feira (20), a Pol\u00edcia Civil de Santa Catarina, por meio do Departamento de Investiga\u00e7\u00e3o Criminal da Grande Florian\u00f3polis, coordenado pela Delegacia de Repress\u00e3o a Roubos da Capital (DIC\/DRR), deu cumprimento a dois mandados de pris\u00e3o tempor\u00e1ria e de busca e apreens\u00e3o, expedidos em desfavor de dois investigados pelo delito roubo a ve\u00edculo na \u00e1rea do sul de Florian\u00f3polis. As pris\u00f5es ocorreram no bairro Carianos, tamb\u00e9m na Capital.&nbsp;<br>De acordo com o apurado, ambos os investigados, mediante arma de fogo, a bordo de uma motocicleta, renderam a v\u00edtima, ingressaram no seu ve\u00edculo e a levaram como ref\u00e9m at\u00e9 a lagoa pequena, no bairro Campeche. Em seguida, a v\u00edtima foi amarrada e deixada ao relento. <br>Na oportunidade, foram subtra\u00eddos o ve\u00edculo e demais pertences da v\u00edtima, como telefone, cart\u00f5es e documentos. Os investigados foram conduzidos \u00e0 Delegacia de Repress\u00e3o a Roubos da Capital para interrogat\u00f3rio e, posteriormente, apresentados ao Sistema Prisional.<\/p>\t\t\t\t\t\t\t\t<\/div>\n\t\t\t\t<\/div>\n\t\t\t\t\t<\/div>\n\t\t<\/div>\n\t\t\t\t\t<\/div>\n\t\t<\/section>\n\t\t\t\t<\/div>\n\t\t","protected":false},"excerpt":{"rendered":"<p>Pol\u00edcia Civil prende dois investigados por roubo a ve\u00edculo em Florian\u00f3polis Na quarta-feira (20), a Pol\u00edcia Civil de Santa Catarina, por meio do Departamento de Investiga\u00e7\u00e3o Criminal da Grande Florian\u00f3polis, coordenado pela Delegacia de Repress\u00e3o a Roubos da Capital (DIC\/DRR), deu cumprimento a dois mandados de pris\u00e3o tempor\u00e1ria e de busca e apreens\u00e3o, expedidos em [&hellip;]<\/p>\n","protected":false},"author":5,"featured_media":13050,"comment_status":"closed","ping_status":"open","sticky":false,"template":"","format":"standard","meta":{"_monsterinsights_skip_tracking":false,"_monsterinsights_sitenote_active":false,"_monsterinsights_sitenote_note":"","_monsterinsights_sitenote_category":0,"footnotes":""},"categories":[1],"tags":[],"class_list":["post-13738","post","type-post","status-publish","format-standard","has-post-thumbnail","hentry","category-sem-categoria"],"_links":{"self":[{"href":"https:\/\/pc.sc.gov.br\/index.php?rest_route=\/wp\/v2\/posts\/13738","targetHints":{"allow":["GET"]}}],"collection":[{"href":"https:\/\/pc.sc.gov.br\/index.php?rest_route=\/wp\/v2\/posts"}],"about":[{"href":"https:\/\/pc.sc.gov.br\/index.php?rest_route=\/wp\/v2\/types\/post"}],"author":[{"embeddable":true,"href":"https:\/\/pc.sc.gov.br\/index.php?rest_route=\/wp\/v2\/users\/5"}],"replies":[{"embeddable":true,"href":"https:\/\/pc.sc.gov.br\/index.php?rest_route=%2Fwp%2Fv2%2Fcomments&post=13738"}],"version-history":[{"count":7,"href":"https:\/\/pc.sc.gov.br\/index.php?rest_route=\/wp\/v2\/posts\/13738\/revisions"}],"predecessor-version":[{"id":13745,"href":"https:\/\/pc.sc.gov.br\/index.php?rest_route=\/wp\/v2\/posts\/13738\/revisions\/13745"}],"wp:featuredmedia":[{"embeddable":true,"href":"https:\/\/pc.sc.gov.br\/index.php?rest_route=\/wp\/v2\/media\/13050"}],"wp:attachment":[{"href":"https:\/\/pc.sc.gov.br\/index.php?rest_route=%2Fwp%2Fv2%2Fmedia&parent=13738"}],"wp:term":[{"taxonomy":"category","embeddable":true,"href":"https:\/\/pc.sc.gov.br\/index.php?rest_route=%2Fwp%2Fv2%2Fcategories&post=13738"},{"taxonomy":"post_tag","embeddable":true,"href":"https:\/\/pc.sc.gov.br\/index.php?rest_route=%2Fwp%2Fv2%2Ftags&post=13738"}],"curies":[{"name":"wp","href":"https:\/\/api.w.org\/{rel}","templated":true}]}}