{"id":13752,"date":"2023-09-21T13:50:37","date_gmt":"2023-09-21T16:50:37","guid":{"rendered":"https:\/\/pc.sc.gov.br\/?p=13752"},"modified":"2023-09-21T13:54:18","modified_gmt":"2023-09-21T16:54:18","slug":"operacao-conjunta-entre-policia-civil-e-policia-federal-resulta-na-prisao-de-dois-foragidos-em-penha","status":"publish","type":"post","link":"https:\/\/pc.sc.gov.br\/?p=13752","title":{"rendered":"Opera\u00e7\u00e3o conjunta entre Pol\u00edcia Civil e Pol\u00edcia Federal resulta na pris\u00e3o de dois foragidos em Penha"},"content":{"rendered":"\t\t<div data-elementor-type=\"wp-post\" data-elementor-id=\"13752\" class=\"elementor elementor-13752\" data-elementor-post-type=\"post\">\n\t\t\t\t\t\t<section class=\"elementor-section elementor-top-section elementor-element elementor-element-6092db2 elementor-section-boxed elementor-section-height-default elementor-section-height-default\" data-id=\"6092db2\" data-element_type=\"section\">\n\t\t\t\t\t\t<div class=\"elementor-container elementor-column-gap-default\">\n\t\t\t\t\t<div class=\"elementor-column elementor-col-100 elementor-top-column elementor-element elementor-element-4b80eb8\" data-id=\"4b80eb8\" data-element_type=\"column\">\n\t\t\t<div class=\"elementor-widget-wrap elementor-element-populated\">\n\t\t\t\t\t\t<div class=\"elementor-element elementor-element-9de2cd2 elementor-widget elementor-widget-heading\" data-id=\"9de2cd2\" data-element_type=\"widget\" data-widget_type=\"heading.default\">\n\t\t\t\t<div class=\"elementor-widget-container\">\n\t\t\t\t\t<h2 class=\"elementor-heading-title elementor-size-default\">A\u00e7\u00e3o conjunta entre Pol\u00edcia Civil e Pol\u00edcia Federal resulta na pris\u00e3o de dois foragidos em Penha<\/h2>\t\t\t\t<\/div>\n\t\t\t\t<\/div>\n\t\t\t\t\t<\/div>\n\t\t<\/div>\n\t\t\t\t\t<\/div>\n\t\t<\/section>\n\t\t\t\t<section class=\"elementor-section elementor-top-section elementor-element elementor-element-722c50d elementor-section-boxed elementor-section-height-default elementor-section-height-default\" data-id=\"722c50d\" data-element_type=\"section\">\n\t\t\t\t\t\t<div class=\"elementor-container elementor-column-gap-default\">\n\t\t\t\t\t<div class=\"elementor-column elementor-col-100 elementor-top-column elementor-element elementor-element-3127f8a\" data-id=\"3127f8a\" data-element_type=\"column\">\n\t\t\t<div class=\"elementor-widget-wrap elementor-element-populated\">\n\t\t\t\t\t\t<div class=\"elementor-element elementor-element-acc729e elementor-widget elementor-widget-image\" data-id=\"acc729e\" data-element_type=\"widget\" data-widget_type=\"image.default\">\n\t\t\t\t<div class=\"elementor-widget-container\">\n\t\t\t\t\t\t\t\t\t\t\t\t\t\t\t<img fetchpriority=\"high\" decoding=\"async\" width=\"696\" height=\"464\" src=\"https:\/\/pc.sc.gov.br\/\/wp-content\/uploads\/2023\/08\/dsc_0720_51468326894_o-1-1-768x512-1.jpg\" class=\"attachment-large size-large wp-image-12791\" alt=\"\" srcset=\"https:\/\/pc.sc.gov.br\/\/wp-content\/uploads\/2023\/08\/dsc_0720_51468326894_o-1-1-768x512-1.jpg 768w, https:\/\/pc.sc.gov.br\/\/wp-content\/uploads\/2023\/08\/dsc_0720_51468326894_o-1-1-768x512-1-300x200.jpg 300w\" sizes=\"(max-width: 696px) 100vw, 696px\" \/>\t\t\t\t\t\t\t\t\t\t\t\t\t\t\t<\/div>\n\t\t\t\t<\/div>\n\t\t\t\t\t<\/div>\n\t\t<\/div>\n\t\t\t\t\t<\/div>\n\t\t<\/section>\n\t\t\t\t<section class=\"elementor-section elementor-top-section elementor-element elementor-element-e7dc619 elementor-section-boxed elementor-section-height-default elementor-section-height-default\" data-id=\"e7dc619\" data-element_type=\"section\">\n\t\t\t\t\t\t<div class=\"elementor-container elementor-column-gap-default\">\n\t\t\t\t\t<div class=\"elementor-column elementor-col-100 elementor-top-column elementor-element elementor-element-dbf0f20\" data-id=\"dbf0f20\" data-element_type=\"column\">\n\t\t\t<div class=\"elementor-widget-wrap elementor-element-populated\">\n\t\t\t\t\t\t<div class=\"elementor-element elementor-element-9ae79bf elementor-widget elementor-widget-text-editor\" data-id=\"9ae79bf\" data-element_type=\"widget\" data-widget_type=\"text-editor.default\">\n\t\t\t\t<div class=\"elementor-widget-container\">\n\t\t\t\t\t\t\t\t\t<p>A a\u00e7\u00e3o conjunta entre a Pol\u00edcia Federal e a Pol\u00edcia Civil, por meio da delegacia de Navegantes, resultou na pris\u00e3o de um homem e uma mulher, ambos foragidos da justi\u00e7a que estavam residindo em Penha.<\/p>\n<p>O homem foi condenado pelo crime de roubo e a mulher estava com pris\u00e3o preventiva decretada por envolvimento em um homic\u00eddio. Ap\u00f3s v\u00e1rias dilig\u00eancias investigativas, os policiais localizaram a dupla e cumpriram os mandados de pris\u00e3o.&nbsp;&nbsp;<span style=\"font-family: var( --e-global-typography-primary-font-family ), Sans-serif; font-size: var( --e-global-typography-primary-font-size ); font-weight: var( --e-global-typography-primary-font-weight ); letter-spacing: var( --e-global-typography-primary-letter-spacing );\">Ap\u00f3s os tr\u00e2mites de praxe, ambos foram conduzidos ao Complexo Penitenci\u00e1rio do Vale do Itaja\u00ed, onde ficar\u00e3o \u00e0 disposi\u00e7\u00e3o da Justi\u00e7a.<\/span><\/p>\n<div>&nbsp;<\/div>\t\t\t\t\t\t\t\t<\/div>\n\t\t\t\t<\/div>\n\t\t\t\t\t<\/div>\n\t\t<\/div>\n\t\t\t\t\t<\/div>\n\t\t<\/section>\n\t\t\t\t<\/div>\n\t\t","protected":false},"excerpt":{"rendered":"<p>A\u00e7\u00e3o conjunta entre Pol\u00edcia Civil e Pol\u00edcia Federal resulta na pris\u00e3o de dois foragidos em Penha A a\u00e7\u00e3o conjunta entre a Pol\u00edcia Federal e a Pol\u00edcia Civil, por meio da delegacia de Navegantes, resultou na pris\u00e3o de um homem e uma mulher, ambos foragidos da justi\u00e7a que estavam residindo em Penha. O homem foi condenado [&hellip;]<\/p>\n","protected":false},"author":5,"featured_media":12199,"comment_status":"closed","ping_status":"open","sticky":false,"template":"","format":"standard","meta":{"_monsterinsights_skip_tracking":false,"_monsterinsights_sitenote_active":false,"_monsterinsights_sitenote_note":"","_monsterinsights_sitenote_category":0,"footnotes":""},"categories":[1],"tags":[],"class_list":["post-13752","post","type-post","status-publish","format-standard","has-post-thumbnail","hentry","category-sem-categoria"],"_links":{"self":[{"href":"https:\/\/pc.sc.gov.br\/index.php?rest_route=\/wp\/v2\/posts\/13752","targetHints":{"allow":["GET"]}}],"collection":[{"href":"https:\/\/pc.sc.gov.br\/index.php?rest_route=\/wp\/v2\/posts"}],"about":[{"href":"https:\/\/pc.sc.gov.br\/index.php?rest_route=\/wp\/v2\/types\/post"}],"author":[{"embeddable":true,"href":"https:\/\/pc.sc.gov.br\/index.php?rest_route=\/wp\/v2\/users\/5"}],"replies":[{"embeddable":true,"href":"https:\/\/pc.sc.gov.br\/index.php?rest_route=%2Fwp%2Fv2%2Fcomments&post=13752"}],"version-history":[{"count":8,"href":"https:\/\/pc.sc.gov.br\/index.php?rest_route=\/wp\/v2\/posts\/13752\/revisions"}],"predecessor-version":[{"id":13760,"href":"https:\/\/pc.sc.gov.br\/index.php?rest_route=\/wp\/v2\/posts\/13752\/revisions\/13760"}],"wp:featuredmedia":[{"embeddable":true,"href":"https:\/\/pc.sc.gov.br\/index.php?rest_route=\/wp\/v2\/media\/12199"}],"wp:attachment":[{"href":"https:\/\/pc.sc.gov.br\/index.php?rest_route=%2Fwp%2Fv2%2Fmedia&parent=13752"}],"wp:term":[{"taxonomy":"category","embeddable":true,"href":"https:\/\/pc.sc.gov.br\/index.php?rest_route=%2Fwp%2Fv2%2Fcategories&post=13752"},{"taxonomy":"post_tag","embeddable":true,"href":"https:\/\/pc.sc.gov.br\/index.php?rest_route=%2Fwp%2Fv2%2Ftags&post=13752"}],"curies":[{"name":"wp","href":"https:\/\/api.w.org\/{rel}","templated":true}]}}