{"id":13761,"date":"2023-09-21T18:20:11","date_gmt":"2023-09-21T21:20:11","guid":{"rendered":"https:\/\/pc.sc.gov.br\/?p=13761"},"modified":"2023-09-21T18:21:07","modified_gmt":"2023-09-21T21:21:07","slug":"policia-civil-prende-homem-por-roubo-a-veiculo-em-sao-jose","status":"publish","type":"post","link":"https:\/\/pc.sc.gov.br\/?p=13761","title":{"rendered":"Pol\u00edcia Civil prende homem por roubo a ve\u00edculo em S\u00e3o Jos\u00e9"},"content":{"rendered":"\t\t<div data-elementor-type=\"wp-post\" data-elementor-id=\"13761\" class=\"elementor elementor-13761\" data-elementor-post-type=\"post\">\n\t\t\t\t\t\t<section class=\"elementor-section elementor-top-section elementor-element elementor-element-fb1e4a1 elementor-section-boxed elementor-section-height-default elementor-section-height-default\" data-id=\"fb1e4a1\" data-element_type=\"section\">\n\t\t\t\t\t\t<div class=\"elementor-container elementor-column-gap-default\">\n\t\t\t\t\t<div class=\"elementor-column elementor-col-100 elementor-top-column elementor-element elementor-element-e390587\" data-id=\"e390587\" data-element_type=\"column\">\n\t\t\t<div class=\"elementor-widget-wrap elementor-element-populated\">\n\t\t\t\t\t\t<div class=\"elementor-element elementor-element-41a0b2e elementor-widget elementor-widget-heading\" data-id=\"41a0b2e\" data-element_type=\"widget\" data-widget_type=\"heading.default\">\n\t\t\t\t<div class=\"elementor-widget-container\">\n\t\t\t\t\t<h2 class=\"elementor-heading-title elementor-size-default\">Pol\u00edcia Civil prende homem por roubo a ve\u00edculo em S\u00e3o Jos\u00e9<\/h2>\t\t\t\t<\/div>\n\t\t\t\t<\/div>\n\t\t\t\t\t<\/div>\n\t\t<\/div>\n\t\t\t\t\t<\/div>\n\t\t<\/section>\n\t\t\t\t<section class=\"elementor-section elementor-top-section elementor-element elementor-element-be52dfd elementor-section-boxed elementor-section-height-default elementor-section-height-default\" data-id=\"be52dfd\" data-element_type=\"section\">\n\t\t\t\t\t\t<div class=\"elementor-container elementor-column-gap-default\">\n\t\t\t\t\t<div class=\"elementor-column elementor-col-100 elementor-top-column elementor-element elementor-element-ef7b868\" data-id=\"ef7b868\" data-element_type=\"column\">\n\t\t\t<div class=\"elementor-widget-wrap elementor-element-populated\">\n\t\t\t\t\t\t<div class=\"elementor-element elementor-element-d7b484f elementor-widget elementor-widget-image\" data-id=\"d7b484f\" data-element_type=\"widget\" data-widget_type=\"image.default\">\n\t\t\t\t<div class=\"elementor-widget-container\">\n\t\t\t\t\t\t\t\t\t\t\t\t\t\t\t<img fetchpriority=\"high\" decoding=\"async\" width=\"696\" height=\"563\" src=\"https:\/\/pc.sc.gov.br\/\/wp-content\/uploads\/2023\/09\/WhatsApp-Image-2023-08-16-at-17.44.22-1-1024x829.jpeg\" class=\"attachment-large size-large wp-image-13412\" alt=\"\" srcset=\"https:\/\/pc.sc.gov.br\/\/wp-content\/uploads\/2023\/09\/WhatsApp-Image-2023-08-16-at-17.44.22-1-1024x829.jpeg 1024w, https:\/\/pc.sc.gov.br\/\/wp-content\/uploads\/2023\/09\/WhatsApp-Image-2023-08-16-at-17.44.22-1-300x243.jpeg 300w, https:\/\/pc.sc.gov.br\/\/wp-content\/uploads\/2023\/09\/WhatsApp-Image-2023-08-16-at-17.44.22-1-768x622.jpeg 768w, https:\/\/pc.sc.gov.br\/\/wp-content\/uploads\/2023\/09\/WhatsApp-Image-2023-08-16-at-17.44.22-1.jpeg 1317w\" sizes=\"(max-width: 696px) 100vw, 696px\" \/>\t\t\t\t\t\t\t\t\t\t\t\t\t\t\t<\/div>\n\t\t\t\t<\/div>\n\t\t\t\t\t<\/div>\n\t\t<\/div>\n\t\t\t\t\t<\/div>\n\t\t<\/section>\n\t\t\t\t<section class=\"elementor-section elementor-top-section elementor-element elementor-element-1439a2e elementor-section-boxed elementor-section-height-default elementor-section-height-default\" data-id=\"1439a2e\" data-element_type=\"section\">\n\t\t\t\t\t\t<div class=\"elementor-container elementor-column-gap-default\">\n\t\t\t\t\t<div class=\"elementor-column elementor-col-100 elementor-top-column elementor-element elementor-element-88649ed\" data-id=\"88649ed\" data-element_type=\"column\">\n\t\t\t<div class=\"elementor-widget-wrap elementor-element-populated\">\n\t\t\t\t\t\t<div class=\"elementor-element elementor-element-0b492b6 elementor-widget elementor-widget-text-editor\" data-id=\"0b492b6\" data-element_type=\"widget\" data-widget_type=\"text-editor.default\">\n\t\t\t\t<div class=\"elementor-widget-container\">\n\t\t\t\t\t\t\t\t\t<p>Nesta quinta-feira (21), a Pol\u00edcia Civil de Santa Catarina, por meio do Departamento de Investiga\u00e7\u00e3o Criminal da Grande Florian\u00f3polis DIC\/DRR, em conjunto com a Delegacia de Capturas da Diretoria Estadual de Investiga\u00e7\u00f5es Criminais, deram cumprimento ao mandado de pris\u00e3o tempor\u00e1ria em desfavor de um homem investigado pelo delito de roubo a ve\u00edculo na \u00e1rea do sul de Florian\u00f3polis.<br \/>De acordo com o apurado, o investigado tamb\u00e9m foi o respons\u00e1vel por investir contra um policial civil, subtraindo sua arma de fogo quando a equipe desta especializada tentava prend\u00ea-lo. <br \/>O investigado vinha sendo monitorado pelas equipes da DRR e da Delegacia de Capturas. O investigado foi preso no bairro Areias, em S\u00e3o Jos\u00e9, e levado ao Pres\u00eddio da Capital.<\/p>\t\t\t\t\t\t\t\t<\/div>\n\t\t\t\t<\/div>\n\t\t\t\t\t<\/div>\n\t\t<\/div>\n\t\t\t\t\t<\/div>\n\t\t<\/section>\n\t\t\t\t<\/div>\n\t\t","protected":false},"excerpt":{"rendered":"<p>Pol\u00edcia Civil prende homem por roubo a ve\u00edculo em S\u00e3o Jos\u00e9 Nesta quinta-feira (21), a Pol\u00edcia Civil de Santa Catarina, por meio do Departamento de Investiga\u00e7\u00e3o Criminal da Grande Florian\u00f3polis DIC\/DRR, em conjunto com a Delegacia de Capturas da Diretoria Estadual de Investiga\u00e7\u00f5es Criminais, deram cumprimento ao mandado de pris\u00e3o tempor\u00e1ria em desfavor de um [&hellip;]<\/p>\n","protected":false},"author":5,"featured_media":13412,"comment_status":"closed","ping_status":"open","sticky":false,"template":"","format":"standard","meta":{"_monsterinsights_skip_tracking":false,"_monsterinsights_sitenote_active":false,"_monsterinsights_sitenote_note":"","_monsterinsights_sitenote_category":0,"footnotes":""},"categories":[1],"tags":[],"class_list":["post-13761","post","type-post","status-publish","format-standard","has-post-thumbnail","hentry","category-sem-categoria"],"_links":{"self":[{"href":"https:\/\/pc.sc.gov.br\/index.php?rest_route=\/wp\/v2\/posts\/13761","targetHints":{"allow":["GET"]}}],"collection":[{"href":"https:\/\/pc.sc.gov.br\/index.php?rest_route=\/wp\/v2\/posts"}],"about":[{"href":"https:\/\/pc.sc.gov.br\/index.php?rest_route=\/wp\/v2\/types\/post"}],"author":[{"embeddable":true,"href":"https:\/\/pc.sc.gov.br\/index.php?rest_route=\/wp\/v2\/users\/5"}],"replies":[{"embeddable":true,"href":"https:\/\/pc.sc.gov.br\/index.php?rest_route=%2Fwp%2Fv2%2Fcomments&post=13761"}],"version-history":[{"count":4,"href":"https:\/\/pc.sc.gov.br\/index.php?rest_route=\/wp\/v2\/posts\/13761\/revisions"}],"predecessor-version":[{"id":13765,"href":"https:\/\/pc.sc.gov.br\/index.php?rest_route=\/wp\/v2\/posts\/13761\/revisions\/13765"}],"wp:featuredmedia":[{"embeddable":true,"href":"https:\/\/pc.sc.gov.br\/index.php?rest_route=\/wp\/v2\/media\/13412"}],"wp:attachment":[{"href":"https:\/\/pc.sc.gov.br\/index.php?rest_route=%2Fwp%2Fv2%2Fmedia&parent=13761"}],"wp:term":[{"taxonomy":"category","embeddable":true,"href":"https:\/\/pc.sc.gov.br\/index.php?rest_route=%2Fwp%2Fv2%2Fcategories&post=13761"},{"taxonomy":"post_tag","embeddable":true,"href":"https:\/\/pc.sc.gov.br\/index.php?rest_route=%2Fwp%2Fv2%2Ftags&post=13761"}],"curies":[{"name":"wp","href":"https:\/\/api.w.org\/{rel}","templated":true}]}}