{"id":13767,"date":"2023-09-22T13:28:16","date_gmt":"2023-09-22T16:28:16","guid":{"rendered":"https:\/\/pc.sc.gov.br\/?p=13767"},"modified":"2023-09-22T13:30:09","modified_gmt":"2023-09-22T16:30:09","slug":"delegacia-de-pessoas-desaparecidas-da-policia-civil-completa-10-anos-de-atividades","status":"publish","type":"post","link":"https:\/\/pc.sc.gov.br\/?p=13767","title":{"rendered":"Delegacia de Pessoas Desaparecidas da Pol\u00edcia Civil completa 10 anos de atividades"},"content":{"rendered":"\t\t<div data-elementor-type=\"wp-post\" data-elementor-id=\"13767\" class=\"elementor elementor-13767\" data-elementor-post-type=\"post\">\n\t\t\t\t\t\t<section class=\"elementor-section elementor-top-section elementor-element elementor-element-22a103f elementor-section-boxed elementor-section-height-default elementor-section-height-default\" data-id=\"22a103f\" data-element_type=\"section\">\n\t\t\t\t\t\t<div class=\"elementor-container elementor-column-gap-default\">\n\t\t\t\t\t<div class=\"elementor-column elementor-col-100 elementor-top-column elementor-element elementor-element-41323f4\" data-id=\"41323f4\" data-element_type=\"column\">\n\t\t\t<div class=\"elementor-widget-wrap elementor-element-populated\">\n\t\t\t\t\t\t<div class=\"elementor-element elementor-element-485dc07 elementor-widget elementor-widget-heading\" data-id=\"485dc07\" data-element_type=\"widget\" data-widget_type=\"heading.default\">\n\t\t\t\t<div class=\"elementor-widget-container\">\n\t\t\t\t\t<h2 class=\"elementor-heading-title elementor-size-default\">Delegacia de Pessoas Desaparecidas da Pol\u00edcia Civil completa 10 anos de atividades<\/h2>\t\t\t\t<\/div>\n\t\t\t\t<\/div>\n\t\t\t\t\t<\/div>\n\t\t<\/div>\n\t\t\t\t\t<\/div>\n\t\t<\/section>\n\t\t\t\t<section class=\"elementor-section elementor-top-section elementor-element elementor-element-e40d7fd elementor-section-boxed elementor-section-height-default elementor-section-height-default\" data-id=\"e40d7fd\" data-element_type=\"section\">\n\t\t\t\t\t\t<div class=\"elementor-container elementor-column-gap-default\">\n\t\t\t\t\t<div class=\"elementor-column elementor-col-100 elementor-top-column elementor-element elementor-element-687c279\" data-id=\"687c279\" data-element_type=\"column\">\n\t\t\t<div class=\"elementor-widget-wrap elementor-element-populated\">\n\t\t\t\t\t\t<div class=\"elementor-element elementor-element-534bc0a elementor-widget elementor-widget-image\" data-id=\"534bc0a\" data-element_type=\"widget\" data-widget_type=\"image.default\">\n\t\t\t\t<div class=\"elementor-widget-container\">\n\t\t\t\t\t\t\t\t\t\t\t\t\t\t\t<img fetchpriority=\"high\" decoding=\"async\" width=\"696\" height=\"440\" src=\"https:\/\/pc.sc.gov.br\/\/wp-content\/uploads\/2023\/09\/DESAPARECIDOS-10-ANOS-1024x648.jpg\" class=\"attachment-large size-large wp-image-13768\" alt=\"\" srcset=\"https:\/\/pc.sc.gov.br\/\/wp-content\/uploads\/2023\/09\/DESAPARECIDOS-10-ANOS-1024x648.jpg 1024w, https:\/\/pc.sc.gov.br\/\/wp-content\/uploads\/2023\/09\/DESAPARECIDOS-10-ANOS-300x190.jpg 300w, https:\/\/pc.sc.gov.br\/\/wp-content\/uploads\/2023\/09\/DESAPARECIDOS-10-ANOS-768x486.jpg 768w, https:\/\/pc.sc.gov.br\/\/wp-content\/uploads\/2023\/09\/DESAPARECIDOS-10-ANOS-1536x971.jpg 1536w, https:\/\/pc.sc.gov.br\/\/wp-content\/uploads\/2023\/09\/DESAPARECIDOS-10-ANOS-2048x1295.jpg 2048w\" sizes=\"(max-width: 696px) 100vw, 696px\" \/>\t\t\t\t\t\t\t\t\t\t\t\t\t\t\t<\/div>\n\t\t\t\t<\/div>\n\t\t\t\t\t<\/div>\n\t\t<\/div>\n\t\t\t\t\t<\/div>\n\t\t<\/section>\n\t\t\t\t<section class=\"elementor-section elementor-top-section elementor-element elementor-element-a303d0e elementor-section-boxed elementor-section-height-default elementor-section-height-default\" data-id=\"a303d0e\" data-element_type=\"section\">\n\t\t\t\t\t\t<div class=\"elementor-container elementor-column-gap-default\">\n\t\t\t\t\t<div class=\"elementor-column elementor-col-100 elementor-top-column elementor-element elementor-element-125822a\" data-id=\"125822a\" data-element_type=\"column\">\n\t\t\t<div class=\"elementor-widget-wrap elementor-element-populated\">\n\t\t\t\t\t\t<div class=\"elementor-element elementor-element-b6b9963 elementor-widget elementor-widget-text-editor\" data-id=\"b6b9963\" data-element_type=\"widget\" data-widget_type=\"text-editor.default\">\n\t\t\t\t<div class=\"elementor-widget-container\">\n\t\t\t\t\t\t\t\t\t<p>A Delegacia de Pessoas Desaparecidas (DPD), da Pol\u00edcia Civil de Santa Catarina, completou 10 anos de atividades e, para marcar a data, foi realizada na quinta-feira (21) uma solenidade no Hotel Castelmar, em Florian\u00f3polis. O encontro foi para homenagear e agradecer a todas as institui\u00e7\u00f5es parceiras, p\u00fablicas e privadas, e aos volunt\u00e1rios que atuam na busca de pessoas desaparecidas.&nbsp;&nbsp;<\/p>\n<p>Com atua\u00e7\u00e3o em \u00e2mbito estadual, a unidade especializada tem entre as suas atribui\u00e7\u00f5es realizar investiga\u00e7\u00f5es para identifica\u00e7\u00e3o, localiza\u00e7\u00e3o e buscas de pessoas desaparecidas. No evento o titular da Delegacia de Pessoas Desaparecidas, delegado Wanderley Redondo, agradeceu aos colegas de trabalho e a todas as institui\u00e7\u00f5es que contribuem para que pessoas desaparecidas sejam encontradas. \u201cQuando inauguramos a delegacia t\u00ednhamos 18,5 mil boletins de ocorr\u00eancia com registro de desaparecidos. A parceria da Pol\u00edcia Civil com todas as institui\u00e7\u00f5es p\u00fablicas e privadas fez com que consegu\u00edssemos baixar este n\u00famero para cerca de 1,5 mil\u201d, disse o delegado. Ele destacou os avan\u00e7os que a tecnologia tem proporcionado no trabalho de investiga\u00e7\u00e3o, como, por exemplo, o banco de DNA. \u201cImportante dizer que cada caso resolvido contou com a participa\u00e7\u00e3o de cada um de voc\u00eas, que hoje aqui representam as suas institui\u00e7\u00f5es\u201d, assinalou.<\/p>\n<p>Em sua manifesta\u00e7\u00e3o, o prefeito de Florian\u00f3polis Top\u00e1zio Neto destacou a import\u00e2ncia desse trabalho. \u201cO depoimento das pessoas que est\u00e3o aqui, expressa o que a delegacia faz. A pessoa em situa\u00e7\u00e3o de rua, recebe atendimento da secretaria de Assist\u00eancia Social&nbsp; da prefeitura e a identifica\u00e7\u00e3o dessas pessoas devolve a dignidade e permite o resgate da vida dessas pessoas\u201d, assinalou<\/p>\n<p>O delegado-geral, Ulisses Gabriel, destacou o importante papel do delegado Aldo Pinheiro D\u00b4Avila na cria\u00e7\u00e3o da especializada. \u201cO delegado Aldo, \u00e0 \u00e9poca delegado-geral, constitui a unidade policial, ciente que era preciso uma especializada para buscar esses 18,5 mil&nbsp; desaparecidos\u201d.&nbsp;<\/p>\n<p>Ulisses Gabriel enfatizou que os resultados alcan\u00e7ados pela DPD s\u00e3o fruto de um trabalho integrado que a unidade mant\u00e9m com todas as institui\u00e7\u00f5es. \u201cE essa uni\u00e3o das institui\u00e7\u00f5es \u00e9 que trazem os bons resultados, como no caso do menino que foi levado para S\u00e3o Paulo e o contato entre a nossa PM e a PM de S\u00e3o Paulo permitiu a localiza\u00e7\u00e3o e o retorno do menino,\u201d disse.<\/p>\n<p>&nbsp;O evento tamb\u00e9m contou com a presen\u00e7a do promotor do MPSC, Daniel Paladino, do desembargador do TJSC, Sidney Dallabrida; da perita-geral da Pol\u00edcia Cient\u00edfica, Andressa Fronza, representantes da Pol\u00edcia Militar, do Corpo de Bombeiros, da Guarda Municipal de Florian\u00f3polis, Pol\u00edcia Rodovi\u00e1ria Federal, Pol\u00edcia Federal, representantes dos Conselhos de Seguran\u00e7a, volunt\u00e1rios e institui\u00e7\u00f5es parceiras.<\/p>\n<p>Os n\u00fameros refletem o compromisso dos policiais que em parceria com volunt\u00e1rios, familiares e demais for\u00e7as de seguran\u00e7a buscam incansavelmente seus entes queridos. Na verdade, quando falamos de pessoas desaparecidas, temos que enxergar al\u00e9m da estat\u00edstica porque s\u00e3o pessoas, hist\u00f3rias e fam\u00edlias que s\u00e3o impactadas com cada um desses desaparecimentos.&nbsp;<\/p>\n<p>Nem todas as hist\u00f3rias narradas nos boletins de ocorr\u00eancia tiveram um final feliz, mas os policiais, que em algum momento integraram a delegacia, t\u00eam dezenas de hist\u00f3rias que resultaram em reencontro.&nbsp;<\/p>\n<p>Uma delas est\u00e1 para sempre na mem\u00f3ria da agente de pol\u00edcia Marcia Hendgs, que assim como os colegas de trabalho, conviveu com os desafios di\u00e1rios da delegacia. Depois de receber o pedido de uma m\u00e3e desesperada para encontrar a filha, a equipe de policiais da DPD fez a investiga\u00e7\u00e3o e localizou a jovem. Passado um tempo, a jovem que havia sido localizada e entregue a seus familiares, que morava em outro estado, ligou para a policial informando que o nome da filha que estava a caminho seria Marcia. At\u00e9 hoje elas mant\u00eam contato.<\/p>\n<div>&nbsp;<\/div>\t\t\t\t\t\t\t\t<\/div>\n\t\t\t\t<\/div>\n\t\t\t\t\t<\/div>\n\t\t<\/div>\n\t\t\t\t\t<\/div>\n\t\t<\/section>\n\t\t\t\t<\/div>\n\t\t","protected":false},"excerpt":{"rendered":"<p>Delegacia de Pessoas Desaparecidas da Pol\u00edcia Civil completa 10 anos de atividades A Delegacia de Pessoas Desaparecidas (DPD), da Pol\u00edcia Civil de Santa Catarina, completou 10 anos de atividades e, para marcar a data, foi realizada na quinta-feira (21) uma solenidade no Hotel Castelmar, em Florian\u00f3polis. O encontro foi para homenagear e agradecer a todas [&hellip;]<\/p>\n","protected":false},"author":5,"featured_media":13768,"comment_status":"closed","ping_status":"open","sticky":false,"template":"","format":"standard","meta":{"_monsterinsights_skip_tracking":false,"_monsterinsights_sitenote_active":false,"_monsterinsights_sitenote_note":"","_monsterinsights_sitenote_category":0,"footnotes":""},"categories":[1],"tags":[],"class_list":["post-13767","post","type-post","status-publish","format-standard","has-post-thumbnail","hentry","category-sem-categoria"],"_links":{"self":[{"href":"https:\/\/pc.sc.gov.br\/index.php?rest_route=\/wp\/v2\/posts\/13767","targetHints":{"allow":["GET"]}}],"collection":[{"href":"https:\/\/pc.sc.gov.br\/index.php?rest_route=\/wp\/v2\/posts"}],"about":[{"href":"https:\/\/pc.sc.gov.br\/index.php?rest_route=\/wp\/v2\/types\/post"}],"author":[{"embeddable":true,"href":"https:\/\/pc.sc.gov.br\/index.php?rest_route=\/wp\/v2\/users\/5"}],"replies":[{"embeddable":true,"href":"https:\/\/pc.sc.gov.br\/index.php?rest_route=%2Fwp%2Fv2%2Fcomments&post=13767"}],"version-history":[{"count":4,"href":"https:\/\/pc.sc.gov.br\/index.php?rest_route=\/wp\/v2\/posts\/13767\/revisions"}],"predecessor-version":[{"id":13773,"href":"https:\/\/pc.sc.gov.br\/index.php?rest_route=\/wp\/v2\/posts\/13767\/revisions\/13773"}],"wp:featuredmedia":[{"embeddable":true,"href":"https:\/\/pc.sc.gov.br\/index.php?rest_route=\/wp\/v2\/media\/13768"}],"wp:attachment":[{"href":"https:\/\/pc.sc.gov.br\/index.php?rest_route=%2Fwp%2Fv2%2Fmedia&parent=13767"}],"wp:term":[{"taxonomy":"category","embeddable":true,"href":"https:\/\/pc.sc.gov.br\/index.php?rest_route=%2Fwp%2Fv2%2Fcategories&post=13767"},{"taxonomy":"post_tag","embeddable":true,"href":"https:\/\/pc.sc.gov.br\/index.php?rest_route=%2Fwp%2Fv2%2Ftags&post=13767"}],"curies":[{"name":"wp","href":"https:\/\/api.w.org\/{rel}","templated":true}]}}