{"id":13801,"date":"2023-09-22T14:10:51","date_gmt":"2023-09-22T17:10:51","guid":{"rendered":"https:\/\/pc.sc.gov.br\/?p=13801"},"modified":"2023-09-22T14:11:47","modified_gmt":"2023-09-22T17:11:47","slug":"policia-civil-deflagra-operacao-pe-de-coelho-e-prende-tres-pessoas-por-triplo-homicidio-em-sao-jose","status":"publish","type":"post","link":"https:\/\/pc.sc.gov.br\/?p=13801","title":{"rendered":"Pol\u00edcia Civil deflagra opera\u00e7\u00e3o \u201cP\u00e9 de Coelho\u201d e prende tr\u00eas pessoas por triplo homic\u00eddio em S\u00e3o Jos\u00e9"},"content":{"rendered":"\t\t<div data-elementor-type=\"wp-post\" data-elementor-id=\"13801\" class=\"elementor elementor-13801\" data-elementor-post-type=\"post\">\n\t\t\t\t\t\t<section class=\"elementor-section elementor-top-section elementor-element elementor-element-95caadf elementor-section-boxed elementor-section-height-default elementor-section-height-default\" data-id=\"95caadf\" data-element_type=\"section\">\n\t\t\t\t\t\t<div class=\"elementor-container elementor-column-gap-default\">\n\t\t\t\t\t<div class=\"elementor-column elementor-col-100 elementor-top-column elementor-element elementor-element-e18e8f3\" data-id=\"e18e8f3\" data-element_type=\"column\">\n\t\t\t<div class=\"elementor-widget-wrap elementor-element-populated\">\n\t\t\t\t\t\t<div class=\"elementor-element elementor-element-c3cadd2 elementor-widget elementor-widget-heading\" data-id=\"c3cadd2\" data-element_type=\"widget\" data-widget_type=\"heading.default\">\n\t\t\t\t<div class=\"elementor-widget-container\">\n\t\t\t\t\t<h2 class=\"elementor-heading-title elementor-size-default\">Pol\u00edcia Civil deflagra opera\u00e7\u00e3o \u201cP\u00e9 de Coelho\u201d e prende tr\u00eas pessoas  por triplo homic\u00eddio em S\u00e3o Jos\u00e9<\/h2>\t\t\t\t<\/div>\n\t\t\t\t<\/div>\n\t\t\t\t\t<\/div>\n\t\t<\/div>\n\t\t\t\t\t<\/div>\n\t\t<\/section>\n\t\t\t\t<section class=\"elementor-section elementor-top-section elementor-element elementor-element-75503ca elementor-section-boxed elementor-section-height-default elementor-section-height-default\" data-id=\"75503ca\" data-element_type=\"section\">\n\t\t\t\t\t\t<div class=\"elementor-container elementor-column-gap-default\">\n\t\t\t\t\t<div class=\"elementor-column elementor-col-100 elementor-top-column elementor-element elementor-element-c8ab42b\" data-id=\"c8ab42b\" data-element_type=\"column\">\n\t\t\t<div class=\"elementor-widget-wrap elementor-element-populated\">\n\t\t\t\t\t\t<div class=\"elementor-element elementor-element-1331cce elementor-widget elementor-widget-image\" data-id=\"1331cce\" data-element_type=\"widget\" data-widget_type=\"image.default\">\n\t\t\t\t<div class=\"elementor-widget-container\">\n\t\t\t\t\t\t\t\t\t\t\t\t\t\t\t<img fetchpriority=\"high\" decoding=\"async\" width=\"576\" height=\"1024\" src=\"https:\/\/pc.sc.gov.br\/\/wp-content\/uploads\/2023\/09\/WhatsApp-Image-2023-09-22-at-14.08.58.jpeg\" class=\"attachment-large size-large wp-image-13802\" alt=\"\" srcset=\"https:\/\/pc.sc.gov.br\/\/wp-content\/uploads\/2023\/09\/WhatsApp-Image-2023-09-22-at-14.08.58.jpeg 576w, https:\/\/pc.sc.gov.br\/\/wp-content\/uploads\/2023\/09\/WhatsApp-Image-2023-09-22-at-14.08.58-169x300.jpeg 169w\" sizes=\"(max-width: 576px) 100vw, 576px\" \/>\t\t\t\t\t\t\t\t\t\t\t\t\t\t\t<\/div>\n\t\t\t\t<\/div>\n\t\t\t\t\t<\/div>\n\t\t<\/div>\n\t\t\t\t\t<\/div>\n\t\t<\/section>\n\t\t\t\t<section class=\"elementor-section elementor-top-section elementor-element elementor-element-c823ca7 elementor-section-boxed elementor-section-height-default elementor-section-height-default\" data-id=\"c823ca7\" data-element_type=\"section\">\n\t\t\t\t\t\t<div class=\"elementor-container elementor-column-gap-default\">\n\t\t\t\t\t<div class=\"elementor-column elementor-col-100 elementor-top-column elementor-element elementor-element-334d841\" data-id=\"334d841\" data-element_type=\"column\">\n\t\t\t<div class=\"elementor-widget-wrap elementor-element-populated\">\n\t\t\t\t\t\t<div class=\"elementor-element elementor-element-c053b2c elementor-widget elementor-widget-text-editor\" data-id=\"c053b2c\" data-element_type=\"widget\" data-widget_type=\"text-editor.default\">\n\t\t\t\t<div class=\"elementor-widget-container\">\n\t\t\t\t\t\t\t\t\t<p>No decorrer desta semana, a Pol\u00edcia Civil de Santa Catarina, por meio da Divis\u00e3o de Investiga\u00e7\u00e3o Criminal de S\u00e3o Jos\u00e9, deflagrou a opera\u00e7\u00e3o &#8220;P\u00e9 de Coelho&#8221; com o objetivo de prender os autores de um triplo homic\u00eddio ocorrido no bairro Bela Vista, em S\u00e3o Jos\u00e9.<span style=\"font-family: var( --e-global-typography-primary-font-family ), Sans-serif; font-size: var( --e-global-typography-primary-font-size ); font-weight: var( --e-global-typography-primary-font-weight ); letter-spacing: var( --e-global-typography-primary-letter-spacing );\">&nbsp;<\/span><\/p><p>As mortes ocorreram no dia 11 de junho de 2021, mediante emboscada e com armas de fogo de grosso calibre. A motiva\u00e7\u00e3o teria sido por brigas entre fac\u00e7\u00f5es criminosas atuantes no munic\u00edpio. Ap\u00f3s dois anos de trabalho investigativo, a equipe policial logrou \u00eaxito em identificar e prender os suspeitos do crime.<span style=\"font-family: var( --e-global-typography-primary-font-family ), Sans-serif; font-size: var( --e-global-typography-primary-font-size ); font-weight: var( --e-global-typography-primary-font-weight ); letter-spacing: var( --e-global-typography-primary-letter-spacing );\">&nbsp;<\/span><\/p><p>A opera\u00e7\u00e3o se deu em duas etapas. Na quarta-feira (20), foram cumpridos dois mandados de pris\u00e3o e um de busca e apreens\u00e3o. J\u00e1 na sexta-feira (22), foram cumpridos um mandado de pris\u00e3o e seis de busca e apreens\u00e3o. Durante as buscas realizadas foram coletados mais elementos de informa\u00e7\u00e3o, que ser\u00e3o analisados a fim de verificar a participa\u00e7\u00e3o de outros indiv\u00edduos no crime.<\/p>\t\t\t\t\t\t\t\t<\/div>\n\t\t\t\t<\/div>\n\t\t\t\t\t<\/div>\n\t\t<\/div>\n\t\t\t\t\t<\/div>\n\t\t<\/section>\n\t\t\t\t<\/div>\n\t\t","protected":false},"excerpt":{"rendered":"<p>Pol\u00edcia Civil deflagra opera\u00e7\u00e3o \u201cP\u00e9 de Coelho\u201d e prende tr\u00eas pessoas por triplo homic\u00eddio em S\u00e3o Jos\u00e9 No decorrer desta semana, a Pol\u00edcia Civil de Santa Catarina, por meio da Divis\u00e3o de Investiga\u00e7\u00e3o Criminal de S\u00e3o Jos\u00e9, deflagrou a opera\u00e7\u00e3o &#8220;P\u00e9 de Coelho&#8221; com o objetivo de prender os autores de um triplo homic\u00eddio ocorrido [&hellip;]<\/p>\n","protected":false},"author":5,"featured_media":13802,"comment_status":"closed","ping_status":"open","sticky":false,"template":"","format":"standard","meta":{"_monsterinsights_skip_tracking":false,"_monsterinsights_sitenote_active":false,"_monsterinsights_sitenote_note":"","_monsterinsights_sitenote_category":0,"footnotes":""},"categories":[1],"tags":[],"class_list":["post-13801","post","type-post","status-publish","format-standard","has-post-thumbnail","hentry","category-sem-categoria"],"_links":{"self":[{"href":"https:\/\/pc.sc.gov.br\/index.php?rest_route=\/wp\/v2\/posts\/13801","targetHints":{"allow":["GET"]}}],"collection":[{"href":"https:\/\/pc.sc.gov.br\/index.php?rest_route=\/wp\/v2\/posts"}],"about":[{"href":"https:\/\/pc.sc.gov.br\/index.php?rest_route=\/wp\/v2\/types\/post"}],"author":[{"embeddable":true,"href":"https:\/\/pc.sc.gov.br\/index.php?rest_route=\/wp\/v2\/users\/5"}],"replies":[{"embeddable":true,"href":"https:\/\/pc.sc.gov.br\/index.php?rest_route=%2Fwp%2Fv2%2Fcomments&post=13801"}],"version-history":[{"count":4,"href":"https:\/\/pc.sc.gov.br\/index.php?rest_route=\/wp\/v2\/posts\/13801\/revisions"}],"predecessor-version":[{"id":13806,"href":"https:\/\/pc.sc.gov.br\/index.php?rest_route=\/wp\/v2\/posts\/13801\/revisions\/13806"}],"wp:featuredmedia":[{"embeddable":true,"href":"https:\/\/pc.sc.gov.br\/index.php?rest_route=\/wp\/v2\/media\/13802"}],"wp:attachment":[{"href":"https:\/\/pc.sc.gov.br\/index.php?rest_route=%2Fwp%2Fv2%2Fmedia&parent=13801"}],"wp:term":[{"taxonomy":"category","embeddable":true,"href":"https:\/\/pc.sc.gov.br\/index.php?rest_route=%2Fwp%2Fv2%2Fcategories&post=13801"},{"taxonomy":"post_tag","embeddable":true,"href":"https:\/\/pc.sc.gov.br\/index.php?rest_route=%2Fwp%2Fv2%2Ftags&post=13801"}],"curies":[{"name":"wp","href":"https:\/\/api.w.org\/{rel}","templated":true}]}}