{"id":13807,"date":"2023-09-22T14:32:28","date_gmt":"2023-09-22T17:32:28","guid":{"rendered":"https:\/\/pc.sc.gov.br\/?p=13807"},"modified":"2023-09-22T16:19:33","modified_gmt":"2023-09-22T19:19:33","slug":"delegacia-de-capturas-da-deic-prende-mais-duas-pessoas-pelos-crimes-de-homicidio-qualificado","status":"publish","type":"post","link":"https:\/\/pc.sc.gov.br\/?p=13807","title":{"rendered":"Delegacia de Capturas da DEIC prende mais duas pessoas pelos crimes de homic\u00eddio qualificado"},"content":{"rendered":"\t\t<div data-elementor-type=\"wp-post\" data-elementor-id=\"13807\" class=\"elementor elementor-13807\" data-elementor-post-type=\"post\">\n\t\t\t\t\t\t<section class=\"elementor-section elementor-top-section elementor-element elementor-element-7979aaf elementor-section-boxed elementor-section-height-default elementor-section-height-default\" data-id=\"7979aaf\" data-element_type=\"section\">\n\t\t\t\t\t\t<div class=\"elementor-container elementor-column-gap-default\">\n\t\t\t\t\t<div class=\"elementor-column elementor-col-100 elementor-top-column elementor-element elementor-element-26dbaad\" data-id=\"26dbaad\" data-element_type=\"column\">\n\t\t\t<div class=\"elementor-widget-wrap elementor-element-populated\">\n\t\t\t\t\t\t<div class=\"elementor-element elementor-element-ad5d369 elementor-widget elementor-widget-heading\" data-id=\"ad5d369\" data-element_type=\"widget\" data-widget_type=\"heading.default\">\n\t\t\t\t<div class=\"elementor-widget-container\">\n\t\t\t\t\t<h2 class=\"elementor-heading-title elementor-size-default\">Delegacia de Capturas da DEIC prende mais duas pessoas pelos crimes de homic\u00eddio qualificado<\/h2>\t\t\t\t<\/div>\n\t\t\t\t<\/div>\n\t\t\t\t\t<\/div>\n\t\t<\/div>\n\t\t\t\t\t<\/div>\n\t\t<\/section>\n\t\t\t\t<section class=\"elementor-section elementor-top-section elementor-element elementor-element-55c80fd elementor-section-boxed elementor-section-height-default elementor-section-height-default\" data-id=\"55c80fd\" data-element_type=\"section\">\n\t\t\t\t\t\t<div class=\"elementor-container elementor-column-gap-default\">\n\t\t\t\t\t<div class=\"elementor-column elementor-col-100 elementor-top-column elementor-element elementor-element-eabc055\" data-id=\"eabc055\" data-element_type=\"column\">\n\t\t\t<div class=\"elementor-widget-wrap elementor-element-populated\">\n\t\t\t\t\t\t<div class=\"elementor-element elementor-element-b823523 elementor-widget elementor-widget-image\" data-id=\"b823523\" data-element_type=\"widget\" data-widget_type=\"image.default\">\n\t\t\t\t<div class=\"elementor-widget-container\">\n\t\t\t\t\t\t\t\t\t\t\t\t\t\t\t<img fetchpriority=\"high\" decoding=\"async\" width=\"696\" height=\"521\" src=\"https:\/\/pc.sc.gov.br\/\/wp-content\/uploads\/2023\/09\/WhatsApp-Image-2022-12-20-at-11.07.13-768x575-1.jpeg\" class=\"attachment-large size-large wp-image-13400\" alt=\"\" srcset=\"https:\/\/pc.sc.gov.br\/\/wp-content\/uploads\/2023\/09\/WhatsApp-Image-2022-12-20-at-11.07.13-768x575-1.jpeg 768w, https:\/\/pc.sc.gov.br\/\/wp-content\/uploads\/2023\/09\/WhatsApp-Image-2022-12-20-at-11.07.13-768x575-1-300x225.jpeg 300w\" sizes=\"(max-width: 696px) 100vw, 696px\" \/>\t\t\t\t\t\t\t\t\t\t\t\t\t\t\t<\/div>\n\t\t\t\t<\/div>\n\t\t\t\t\t<\/div>\n\t\t<\/div>\n\t\t\t\t\t<\/div>\n\t\t<\/section>\n\t\t\t\t<section class=\"elementor-section elementor-top-section elementor-element elementor-element-b2a3e8f elementor-section-boxed elementor-section-height-default elementor-section-height-default\" data-id=\"b2a3e8f\" data-element_type=\"section\">\n\t\t\t\t\t\t<div class=\"elementor-container elementor-column-gap-default\">\n\t\t\t\t\t<div class=\"elementor-column elementor-col-100 elementor-top-column elementor-element elementor-element-416c123\" data-id=\"416c123\" data-element_type=\"column\">\n\t\t\t<div class=\"elementor-widget-wrap elementor-element-populated\">\n\t\t\t\t\t\t<div class=\"elementor-element elementor-element-5b0b25b elementor-widget elementor-widget-text-editor\" data-id=\"5b0b25b\" data-element_type=\"widget\" data-widget_type=\"text-editor.default\">\n\t\t\t\t<div class=\"elementor-widget-container\">\n\t\t\t\t\t\t\t\t\t<p>Nesta quinta-feira (21), a Pol\u00edcia Civil de Santa Catarina, por meio da Delegacia de Capturas da Diretoria Estadual de Investiga\u00e7\u00f5es Criminais, prendeu mais duas pessoas pelo cometimento de dois crimes distintos de homic\u00eddio qualificado. Uma das pris\u00f5es ocorreu em Pouso Redondo e outra em Blumenau. <br><b>Pris\u00e3o em Pouso Redondo<\/b><br>Em uma das a\u00e7\u00f5es, a delegacia especializada da DEIC prestou apoio \u00e0 Delegacia de Pol\u00edcia do Munic\u00edpio de Pouso Redondo e cumpriu mandado de pris\u00e3o expedido contra um homem pelo crime de homic\u00eddio qualificado, previsto no art. 121, 2\u00b0, do C\u00f3digo Penal. A ordem judicial \u00e9 oriunda da Vara Criminal da Comarca de Curitibanos.<\/p>\n<p>Ap\u00f3s competente trabalho investigativo da Divis\u00e3o de Investiga\u00e7\u00e3o Criminal de Curitibanos, foi expedido o mandado de pris\u00e3o contra o homem. Ap\u00f3s diversas dilig\u00eancias investigativas, foi poss\u00edvel descobrir o paradeiro do homem, que estava na cidade de Pouso Redondo.<\/p>\n<p><b>Pris\u00e3o em Blumenau<\/b><br>A outra pris\u00e3o foi realizada pela Delegacia de Capturas da DEIC em conjunto com a Divis\u00e3o de Investiga\u00e7\u00e3o Criminal de Blumenau. Foi cumprido o mandado de pris\u00e3o expedido em desfavor de um homem pelo crime de homic\u00eddio qualificado. A ordem judicial \u00e9 oriunda do Tribunal de Justi\u00e7a do Estado do Rio Grande do Sul.<\/p>\n<p>Ap\u00f3s diversas dilig\u00eancias investigativas, foi poss\u00edvel descobrir o paradeiro do homem, que estava em Blumenau.<\/p>\n<p>Den\u00fancias e informa\u00e7\u00f5es relacionadas a foragidos da Justi\u00e7a podem ser encaminhadas para o e-mail deic-capturas@pc.sc.gov.br. O anonimato \u00e9 garantido.<\/p>\t\t\t\t\t\t\t\t<\/div>\n\t\t\t\t<\/div>\n\t\t\t\t\t<\/div>\n\t\t<\/div>\n\t\t\t\t\t<\/div>\n\t\t<\/section>\n\t\t\t\t<\/div>\n\t\t","protected":false},"excerpt":{"rendered":"<p>Delegacia de Capturas da DEIC prende mais duas pessoas pelos crimes de homic\u00eddio qualificado Nesta quinta-feira (21), a Pol\u00edcia Civil de Santa Catarina, por meio da Delegacia de Capturas da Diretoria Estadual de Investiga\u00e7\u00f5es Criminais, prendeu mais duas pessoas pelo cometimento de dois crimes distintos de homic\u00eddio qualificado. Uma das pris\u00f5es ocorreu em Pouso Redondo [&hellip;]<\/p>\n","protected":false},"author":5,"featured_media":13400,"comment_status":"closed","ping_status":"open","sticky":false,"template":"","format":"standard","meta":{"_monsterinsights_skip_tracking":false,"_monsterinsights_sitenote_active":false,"_monsterinsights_sitenote_note":"","_monsterinsights_sitenote_category":0,"footnotes":""},"categories":[1],"tags":[],"class_list":["post-13807","post","type-post","status-publish","format-standard","has-post-thumbnail","hentry","category-sem-categoria"],"_links":{"self":[{"href":"https:\/\/pc.sc.gov.br\/index.php?rest_route=\/wp\/v2\/posts\/13807","targetHints":{"allow":["GET"]}}],"collection":[{"href":"https:\/\/pc.sc.gov.br\/index.php?rest_route=\/wp\/v2\/posts"}],"about":[{"href":"https:\/\/pc.sc.gov.br\/index.php?rest_route=\/wp\/v2\/types\/post"}],"author":[{"embeddable":true,"href":"https:\/\/pc.sc.gov.br\/index.php?rest_route=\/wp\/v2\/users\/5"}],"replies":[{"embeddable":true,"href":"https:\/\/pc.sc.gov.br\/index.php?rest_route=%2Fwp%2Fv2%2Fcomments&post=13807"}],"version-history":[{"count":8,"href":"https:\/\/pc.sc.gov.br\/index.php?rest_route=\/wp\/v2\/posts\/13807\/revisions"}],"predecessor-version":[{"id":13816,"href":"https:\/\/pc.sc.gov.br\/index.php?rest_route=\/wp\/v2\/posts\/13807\/revisions\/13816"}],"wp:featuredmedia":[{"embeddable":true,"href":"https:\/\/pc.sc.gov.br\/index.php?rest_route=\/wp\/v2\/media\/13400"}],"wp:attachment":[{"href":"https:\/\/pc.sc.gov.br\/index.php?rest_route=%2Fwp%2Fv2%2Fmedia&parent=13807"}],"wp:term":[{"taxonomy":"category","embeddable":true,"href":"https:\/\/pc.sc.gov.br\/index.php?rest_route=%2Fwp%2Fv2%2Fcategories&post=13807"},{"taxonomy":"post_tag","embeddable":true,"href":"https:\/\/pc.sc.gov.br\/index.php?rest_route=%2Fwp%2Fv2%2Ftags&post=13807"}],"curies":[{"name":"wp","href":"https:\/\/api.w.org\/{rel}","templated":true}]}}