{"id":13813,"date":"2023-09-22T16:19:55","date_gmt":"2023-09-22T19:19:55","guid":{"rendered":"https:\/\/pc.sc.gov.br\/?p=13813"},"modified":"2023-09-22T16:21:10","modified_gmt":"2023-09-22T19:21:10","slug":"policia-civil-prende-autor-de-furtos-em-rio-negrinho","status":"publish","type":"post","link":"https:\/\/pc.sc.gov.br\/?p=13813","title":{"rendered":"Pol\u00edcia Civil prende autor de furtos em Rio Negrinho"},"content":{"rendered":"\t\t<div data-elementor-type=\"wp-post\" data-elementor-id=\"13813\" class=\"elementor elementor-13813\" data-elementor-post-type=\"post\">\n\t\t\t\t\t\t<section class=\"elementor-section elementor-top-section elementor-element elementor-element-fed6be5 elementor-section-boxed elementor-section-height-default elementor-section-height-default\" data-id=\"fed6be5\" data-element_type=\"section\">\n\t\t\t\t\t\t<div class=\"elementor-container elementor-column-gap-default\">\n\t\t\t\t\t<div class=\"elementor-column elementor-col-100 elementor-top-column elementor-element elementor-element-ff379fa\" data-id=\"ff379fa\" data-element_type=\"column\">\n\t\t\t<div class=\"elementor-widget-wrap elementor-element-populated\">\n\t\t\t\t\t\t<div class=\"elementor-element elementor-element-80cb8c7 elementor-widget elementor-widget-heading\" data-id=\"80cb8c7\" data-element_type=\"widget\" data-widget_type=\"heading.default\">\n\t\t\t\t<div class=\"elementor-widget-container\">\n\t\t\t\t\t<h2 class=\"elementor-heading-title elementor-size-default\">Pol\u00edcia Civil prende autor de furtos em Rio Negrinho<\/h2>\t\t\t\t<\/div>\n\t\t\t\t<\/div>\n\t\t\t\t\t<\/div>\n\t\t<\/div>\n\t\t\t\t\t<\/div>\n\t\t<\/section>\n\t\t\t\t<section class=\"elementor-section elementor-top-section elementor-element elementor-element-733227e elementor-section-boxed elementor-section-height-default elementor-section-height-default\" data-id=\"733227e\" data-element_type=\"section\">\n\t\t\t\t\t\t<div class=\"elementor-container elementor-column-gap-default\">\n\t\t\t\t\t<div class=\"elementor-column elementor-col-100 elementor-top-column elementor-element elementor-element-8674a3e\" data-id=\"8674a3e\" data-element_type=\"column\">\n\t\t\t<div class=\"elementor-widget-wrap elementor-element-populated\">\n\t\t\t\t\t\t<div class=\"elementor-element elementor-element-1c2361b elementor-widget elementor-widget-image\" data-id=\"1c2361b\" data-element_type=\"widget\" data-widget_type=\"image.default\">\n\t\t\t\t<div class=\"elementor-widget-container\">\n\t\t\t\t\t\t\t\t\t\t\t\t\t\t\t<img fetchpriority=\"high\" decoding=\"async\" width=\"696\" height=\"522\" src=\"https:\/\/pc.sc.gov.br\/\/wp-content\/uploads\/2023\/09\/CARRO-VIATUIRA-SIRENE-NOITE-POLICIA-CIVIL-PCSC-1-1024x768.jpg\" class=\"attachment-large size-large wp-image-13381\" alt=\"\" srcset=\"https:\/\/pc.sc.gov.br\/\/wp-content\/uploads\/2023\/09\/CARRO-VIATUIRA-SIRENE-NOITE-POLICIA-CIVIL-PCSC-1-1024x768.jpg 1024w, https:\/\/pc.sc.gov.br\/\/wp-content\/uploads\/2023\/09\/CARRO-VIATUIRA-SIRENE-NOITE-POLICIA-CIVIL-PCSC-1-300x225.jpg 300w, https:\/\/pc.sc.gov.br\/\/wp-content\/uploads\/2023\/09\/CARRO-VIATUIRA-SIRENE-NOITE-POLICIA-CIVIL-PCSC-1-768x576.jpg 768w, https:\/\/pc.sc.gov.br\/\/wp-content\/uploads\/2023\/09\/CARRO-VIATUIRA-SIRENE-NOITE-POLICIA-CIVIL-PCSC-1.jpg 1280w\" sizes=\"(max-width: 696px) 100vw, 696px\" \/>\t\t\t\t\t\t\t\t\t\t\t\t\t\t\t<\/div>\n\t\t\t\t<\/div>\n\t\t\t\t\t<\/div>\n\t\t<\/div>\n\t\t\t\t\t<\/div>\n\t\t<\/section>\n\t\t\t\t<section class=\"elementor-section elementor-top-section elementor-element elementor-element-8623f8f elementor-section-boxed elementor-section-height-default elementor-section-height-default\" data-id=\"8623f8f\" data-element_type=\"section\">\n\t\t\t\t\t\t<div class=\"elementor-container elementor-column-gap-default\">\n\t\t\t\t\t<div class=\"elementor-column elementor-col-100 elementor-top-column elementor-element elementor-element-18ca711\" data-id=\"18ca711\" data-element_type=\"column\">\n\t\t\t<div class=\"elementor-widget-wrap elementor-element-populated\">\n\t\t\t\t\t\t<div class=\"elementor-element elementor-element-1564915 elementor-widget elementor-widget-text-editor\" data-id=\"1564915\" data-element_type=\"widget\" data-widget_type=\"text-editor.default\">\n\t\t\t\t<div class=\"elementor-widget-container\">\n\t\t\t\t\t\t\t\t\t<p>A Pol\u00edcia Civil de Santa Catarina, por meio da Delegacia de Rio Negrinho, realizou a pris\u00e3o preventiva de um suspeito de cometer diversos furtos em resid\u00eancia e empresas no munic\u00edpio.<\/p><p>As investiga\u00e7\u00f5es apontaram o investigado como autor de pelo menos tr\u00eas furtos, ocorridos em uma resid\u00eancia no bairro S\u00e3o Rafael, em uma empresa no mesmo bairro e em uma \u00f3tica localizada no Centro.<\/p><p>O suspeito, que costuma praticar os crimes de madrugada, ap\u00f3s arrombamento agia principalmente nos bairros S\u00e3o Rafael e Barro Preto.<span style=\"font-family: var( --e-global-typography-primary-font-family ), Sans-serif; font-size: var( --e-global-typography-primary-font-size ); font-weight: var( --e-global-typography-primary-font-weight ); letter-spacing: var( --e-global-typography-primary-letter-spacing );\">&nbsp;<\/span><\/p><p>A autoridade policial representou pela pris\u00e3o preventiva do suspeito eap\u00f3s dilig\u00eancia de investiga\u00e7\u00e3o, ele foi localizado por agentes da Pol\u00edcia Civil no bairro Barro Preto.<\/p><p>Depois das formalidades legais, o detido, que conta com diversas passagens pelo crime de furto qualificado, ser\u00e1 encaminhado ao pres\u00eddio de Mafra, ficando \u00e0 disposi\u00e7\u00e3o da Justi\u00e7a.<\/p>\t\t\t\t\t\t\t\t<\/div>\n\t\t\t\t<\/div>\n\t\t\t\t\t<\/div>\n\t\t<\/div>\n\t\t\t\t\t<\/div>\n\t\t<\/section>\n\t\t\t\t<\/div>\n\t\t","protected":false},"excerpt":{"rendered":"<p>Pol\u00edcia Civil prende autor de furtos em Rio Negrinho A Pol\u00edcia Civil de Santa Catarina, por meio da Delegacia de Rio Negrinho, realizou a pris\u00e3o preventiva de um suspeito de cometer diversos furtos em resid\u00eancia e empresas no munic\u00edpio. As investiga\u00e7\u00f5es apontaram o investigado como autor de pelo menos tr\u00eas furtos, ocorridos em uma resid\u00eancia [&hellip;]<\/p>\n","protected":false},"author":5,"featured_media":13381,"comment_status":"closed","ping_status":"open","sticky":false,"template":"","format":"standard","meta":{"_monsterinsights_skip_tracking":false,"_monsterinsights_sitenote_active":false,"_monsterinsights_sitenote_note":"","_monsterinsights_sitenote_category":0,"footnotes":""},"categories":[1],"tags":[],"class_list":["post-13813","post","type-post","status-publish","format-standard","has-post-thumbnail","hentry","category-sem-categoria"],"_links":{"self":[{"href":"https:\/\/pc.sc.gov.br\/index.php?rest_route=\/wp\/v2\/posts\/13813","targetHints":{"allow":["GET"]}}],"collection":[{"href":"https:\/\/pc.sc.gov.br\/index.php?rest_route=\/wp\/v2\/posts"}],"about":[{"href":"https:\/\/pc.sc.gov.br\/index.php?rest_route=\/wp\/v2\/types\/post"}],"author":[{"embeddable":true,"href":"https:\/\/pc.sc.gov.br\/index.php?rest_route=\/wp\/v2\/users\/5"}],"replies":[{"embeddable":true,"href":"https:\/\/pc.sc.gov.br\/index.php?rest_route=%2Fwp%2Fv2%2Fcomments&post=13813"}],"version-history":[{"count":4,"href":"https:\/\/pc.sc.gov.br\/index.php?rest_route=\/wp\/v2\/posts\/13813\/revisions"}],"predecessor-version":[{"id":13820,"href":"https:\/\/pc.sc.gov.br\/index.php?rest_route=\/wp\/v2\/posts\/13813\/revisions\/13820"}],"wp:featuredmedia":[{"embeddable":true,"href":"https:\/\/pc.sc.gov.br\/index.php?rest_route=\/wp\/v2\/media\/13381"}],"wp:attachment":[{"href":"https:\/\/pc.sc.gov.br\/index.php?rest_route=%2Fwp%2Fv2%2Fmedia&parent=13813"}],"wp:term":[{"taxonomy":"category","embeddable":true,"href":"https:\/\/pc.sc.gov.br\/index.php?rest_route=%2Fwp%2Fv2%2Fcategories&post=13813"},{"taxonomy":"post_tag","embeddable":true,"href":"https:\/\/pc.sc.gov.br\/index.php?rest_route=%2Fwp%2Fv2%2Ftags&post=13813"}],"curies":[{"name":"wp","href":"https:\/\/api.w.org\/{rel}","templated":true}]}}