{"id":13821,"date":"2023-09-22T17:01:32","date_gmt":"2023-09-22T20:01:32","guid":{"rendered":"https:\/\/pc.sc.gov.br\/?p=13821"},"modified":"2023-09-22T17:02:30","modified_gmt":"2023-09-22T20:02:30","slug":"dupla-e-condenada-a-pena-de-23-anos-de-reclusao-por-extorsao-e-estupro-apos-investigacao-da-policia-civil-em-criciuma","status":"publish","type":"post","link":"https:\/\/pc.sc.gov.br\/?p=13821","title":{"rendered":"Dupla \u00e9 condenada a pena de 23 anos de reclus\u00e3o por extors\u00e3o e estupro, ap\u00f3s investiga\u00e7\u00e3o da Pol\u00edcia Civil em Crici\u00fama"},"content":{"rendered":"\t\t<div data-elementor-type=\"wp-post\" data-elementor-id=\"13821\" class=\"elementor elementor-13821\" data-elementor-post-type=\"post\">\n\t\t\t\t\t\t<section class=\"elementor-section elementor-top-section elementor-element elementor-element-04aa0fc elementor-section-boxed elementor-section-height-default elementor-section-height-default\" data-id=\"04aa0fc\" data-element_type=\"section\">\n\t\t\t\t\t\t<div class=\"elementor-container elementor-column-gap-default\">\n\t\t\t\t\t<div class=\"elementor-column elementor-col-100 elementor-top-column elementor-element elementor-element-0e9b5c7\" data-id=\"0e9b5c7\" data-element_type=\"column\">\n\t\t\t<div class=\"elementor-widget-wrap elementor-element-populated\">\n\t\t\t\t\t\t<div class=\"elementor-element elementor-element-a58072d elementor-widget elementor-widget-heading\" data-id=\"a58072d\" data-element_type=\"widget\" data-widget_type=\"heading.default\">\n\t\t\t\t<div class=\"elementor-widget-container\">\n\t\t\t\t\t<h2 class=\"elementor-heading-title elementor-size-default\">Dupla \u00e9 condenada a pena de 23 anos de reclus\u00e3o por extors\u00e3o e estupro, ap\u00f3s investiga\u00e7\u00e3o da Pol\u00edcia Civil em Crici\u00fama<\/h2>\t\t\t\t<\/div>\n\t\t\t\t<\/div>\n\t\t\t\t\t<\/div>\n\t\t<\/div>\n\t\t\t\t\t<\/div>\n\t\t<\/section>\n\t\t\t\t<section class=\"elementor-section elementor-top-section elementor-element elementor-element-464d3bb elementor-section-boxed elementor-section-height-default elementor-section-height-default\" data-id=\"464d3bb\" data-element_type=\"section\">\n\t\t\t\t\t\t<div class=\"elementor-container elementor-column-gap-default\">\n\t\t\t\t\t<div class=\"elementor-column elementor-col-100 elementor-top-column elementor-element elementor-element-4b70446\" data-id=\"4b70446\" data-element_type=\"column\">\n\t\t\t<div class=\"elementor-widget-wrap elementor-element-populated\">\n\t\t\t\t\t\t<div class=\"elementor-element elementor-element-ba11cb0 elementor-widget elementor-widget-image\" data-id=\"ba11cb0\" data-element_type=\"widget\" data-widget_type=\"image.default\">\n\t\t\t\t<div class=\"elementor-widget-container\">\n\t\t\t\t\t\t\t\t\t\t\t\t\t\t\t<img fetchpriority=\"high\" decoding=\"async\" width=\"696\" height=\"347\" src=\"https:\/\/pc.sc.gov.br\/\/wp-content\/uploads\/2023\/09\/DIC-DE-CRICIUMA-1024x511.jpeg\" class=\"attachment-large size-large wp-image-13822\" alt=\"\" srcset=\"https:\/\/pc.sc.gov.br\/\/wp-content\/uploads\/2023\/09\/DIC-DE-CRICIUMA-1024x511.jpeg 1024w, https:\/\/pc.sc.gov.br\/\/wp-content\/uploads\/2023\/09\/DIC-DE-CRICIUMA-300x150.jpeg 300w, https:\/\/pc.sc.gov.br\/\/wp-content\/uploads\/2023\/09\/DIC-DE-CRICIUMA-768x383.jpeg 768w, https:\/\/pc.sc.gov.br\/\/wp-content\/uploads\/2023\/09\/DIC-DE-CRICIUMA.jpeg 1338w\" sizes=\"(max-width: 696px) 100vw, 696px\" \/>\t\t\t\t\t\t\t\t\t\t\t\t\t\t\t<\/div>\n\t\t\t\t<\/div>\n\t\t\t\t\t<\/div>\n\t\t<\/div>\n\t\t\t\t\t<\/div>\n\t\t<\/section>\n\t\t\t\t<section class=\"elementor-section elementor-top-section elementor-element elementor-element-cf007f8 elementor-section-boxed elementor-section-height-default elementor-section-height-default\" data-id=\"cf007f8\" data-element_type=\"section\">\n\t\t\t\t\t\t<div class=\"elementor-container elementor-column-gap-default\">\n\t\t\t\t\t<div class=\"elementor-column elementor-col-100 elementor-top-column elementor-element elementor-element-aac35da\" data-id=\"aac35da\" data-element_type=\"column\">\n\t\t\t<div class=\"elementor-widget-wrap elementor-element-populated\">\n\t\t\t\t\t\t<div class=\"elementor-element elementor-element-5ef7318 elementor-widget elementor-widget-text-editor\" data-id=\"5ef7318\" data-element_type=\"widget\" data-widget_type=\"text-editor.default\">\n\t\t\t\t<div class=\"elementor-widget-container\">\n\t\t\t\t\t\t\t\t\t<p>A Pol\u00edcia Civil de Santa Catarina, por meio da Divis\u00e3o de Repress\u00e3o a Roubos (DRR\/DIC Crici\u00fama) , coordenada pelo Delegado Yuri Miqueluzzi, realizou o indiciamento de duas pessoas que atuavam como profissionais do sexo, por crimes de roubo, extors\u00e3o e estupro, ocorridos na regi\u00e3o central de Crici\u00fama. Houve representa\u00e7\u00e3o pela Pol\u00edcia por pris\u00f5es preventivas de duas pessoas investigadas, deferidas pelo Poder Judici\u00e1rio ap\u00f3s parecer favor\u00e1vel do Minist\u00e9rio P\u00fablico.<\/p><p>Uma das pessoas indiciadas foi presa por policiais civis na cidade de Maring\u00e1 (PR), em agosto do ano passado. A segunda pessoa investigada tamb\u00e9m foi capturada por policiais civis e federais no Aeroporto Internacional de Florian\u00f3polis, quando chegava da cidade vinda de Jo\u00e3o Pessoa (PB), em janeiro deste ano.<\/p><p>Com as pris\u00f5es realizadas, a instru\u00e7\u00e3o processual evoluiu, sendo finalizada com a condena\u00e7\u00e3o em 15 anos de reclus\u00e3o por extors\u00e3o qualificada e estupro para um dos envolvidos e em 8 anos de reclus\u00e3o por extors\u00e3o qualificada para a segunda pessoa envolvida no crime. A senten\u00e7a foi proferida pela 2\u00aa Vara Criminal da Comarca de Crici\u00fama, com atua\u00e7\u00e3o da 2\u00aa Promotoria de Justi\u00e7a da Comarca de Crici\u00fama na acusa\u00e7\u00e3o.<\/p><div>\u00a0<\/div>\t\t\t\t\t\t\t\t<\/div>\n\t\t\t\t<\/div>\n\t\t\t\t\t<\/div>\n\t\t<\/div>\n\t\t\t\t\t<\/div>\n\t\t<\/section>\n\t\t\t\t<\/div>\n\t\t","protected":false},"excerpt":{"rendered":"<p>Dupla \u00e9 condenada a pena de 23 anos de reclus\u00e3o por extors\u00e3o e estupro, ap\u00f3s investiga\u00e7\u00e3o da Pol\u00edcia Civil em Crici\u00fama A Pol\u00edcia Civil de Santa Catarina, por meio da Divis\u00e3o de Repress\u00e3o a Roubos (DRR\/DIC Crici\u00fama) , coordenada pelo Delegado Yuri Miqueluzzi, realizou o indiciamento de duas pessoas que atuavam como profissionais do sexo, [&hellip;]<\/p>\n","protected":false},"author":5,"featured_media":13822,"comment_status":"closed","ping_status":"open","sticky":false,"template":"","format":"standard","meta":{"_monsterinsights_skip_tracking":false,"_monsterinsights_sitenote_active":false,"_monsterinsights_sitenote_note":"","_monsterinsights_sitenote_category":0,"footnotes":""},"categories":[1],"tags":[],"class_list":["post-13821","post","type-post","status-publish","format-standard","has-post-thumbnail","hentry","category-sem-categoria"],"_links":{"self":[{"href":"https:\/\/pc.sc.gov.br\/index.php?rest_route=\/wp\/v2\/posts\/13821","targetHints":{"allow":["GET"]}}],"collection":[{"href":"https:\/\/pc.sc.gov.br\/index.php?rest_route=\/wp\/v2\/posts"}],"about":[{"href":"https:\/\/pc.sc.gov.br\/index.php?rest_route=\/wp\/v2\/types\/post"}],"author":[{"embeddable":true,"href":"https:\/\/pc.sc.gov.br\/index.php?rest_route=\/wp\/v2\/users\/5"}],"replies":[{"embeddable":true,"href":"https:\/\/pc.sc.gov.br\/index.php?rest_route=%2Fwp%2Fv2%2Fcomments&post=13821"}],"version-history":[{"count":4,"href":"https:\/\/pc.sc.gov.br\/index.php?rest_route=\/wp\/v2\/posts\/13821\/revisions"}],"predecessor-version":[{"id":13826,"href":"https:\/\/pc.sc.gov.br\/index.php?rest_route=\/wp\/v2\/posts\/13821\/revisions\/13826"}],"wp:featuredmedia":[{"embeddable":true,"href":"https:\/\/pc.sc.gov.br\/index.php?rest_route=\/wp\/v2\/media\/13822"}],"wp:attachment":[{"href":"https:\/\/pc.sc.gov.br\/index.php?rest_route=%2Fwp%2Fv2%2Fmedia&parent=13821"}],"wp:term":[{"taxonomy":"category","embeddable":true,"href":"https:\/\/pc.sc.gov.br\/index.php?rest_route=%2Fwp%2Fv2%2Fcategories&post=13821"},{"taxonomy":"post_tag","embeddable":true,"href":"https:\/\/pc.sc.gov.br\/index.php?rest_route=%2Fwp%2Fv2%2Ftags&post=13821"}],"curies":[{"name":"wp","href":"https:\/\/api.w.org\/{rel}","templated":true}]}}