{"id":13858,"date":"2023-09-26T14:10:20","date_gmt":"2023-09-26T17:10:20","guid":{"rendered":"https:\/\/pc.sc.gov.br\/?p=13858"},"modified":"2023-09-26T14:11:32","modified_gmt":"2023-09-26T17:11:32","slug":"pcsc-presta-apoio-para-a-policia-civil-de-sao-paulo-no-cumprimento-de-mandados-na-capital","status":"publish","type":"post","link":"https:\/\/pc.sc.gov.br\/?p=13858","title":{"rendered":"PCSC presta apoio para a Pol\u00edcia Civil de S\u00e3o Paulo no cumprimento de mandados na Capital"},"content":{"rendered":"\t\t<div data-elementor-type=\"wp-post\" data-elementor-id=\"13858\" class=\"elementor elementor-13858\" data-elementor-post-type=\"post\">\n\t\t\t\t\t\t<section class=\"elementor-section elementor-top-section elementor-element elementor-element-549797f elementor-section-boxed elementor-section-height-default elementor-section-height-default\" data-id=\"549797f\" data-element_type=\"section\">\n\t\t\t\t\t\t<div class=\"elementor-container elementor-column-gap-default\">\n\t\t\t\t\t<div class=\"elementor-column elementor-col-100 elementor-top-column elementor-element elementor-element-c899588\" data-id=\"c899588\" data-element_type=\"column\">\n\t\t\t<div class=\"elementor-widget-wrap elementor-element-populated\">\n\t\t\t\t\t\t<div class=\"elementor-element elementor-element-6ee894f elementor-widget elementor-widget-heading\" data-id=\"6ee894f\" data-element_type=\"widget\" data-widget_type=\"heading.default\">\n\t\t\t\t<div class=\"elementor-widget-container\">\n\t\t\t\t\t<h2 class=\"elementor-heading-title elementor-size-default\">PCSC presta apoio para a Pol\u00edcia Civil de S\u00e3o Paulo no cumprimento de mandados na Capital<\/h2>\t\t\t\t<\/div>\n\t\t\t\t<\/div>\n\t\t\t\t\t<\/div>\n\t\t<\/div>\n\t\t\t\t\t<\/div>\n\t\t<\/section>\n\t\t\t\t<section class=\"elementor-section elementor-top-section elementor-element elementor-element-b9c2bef elementor-section-boxed elementor-section-height-default elementor-section-height-default\" data-id=\"b9c2bef\" data-element_type=\"section\">\n\t\t\t\t\t\t<div class=\"elementor-container elementor-column-gap-default\">\n\t\t\t\t\t<div class=\"elementor-column elementor-col-100 elementor-top-column elementor-element elementor-element-e7557ae\" data-id=\"e7557ae\" data-element_type=\"column\">\n\t\t\t<div class=\"elementor-widget-wrap elementor-element-populated\">\n\t\t\t\t\t\t<div class=\"elementor-element elementor-element-853aeff elementor-widget elementor-widget-image\" data-id=\"853aeff\" data-element_type=\"widget\" data-widget_type=\"image.default\">\n\t\t\t\t<div class=\"elementor-widget-container\">\n\t\t\t\t\t\t\t\t\t\t\t\t\t\t\t<img fetchpriority=\"high\" decoding=\"async\" width=\"696\" height=\"522\" src=\"https:\/\/pc.sc.gov.br\/\/wp-content\/uploads\/2023\/09\/CARRO-VIATUIRA-SIRENE-NOITE-POLICIA-CIVIL-PCSC-2-1024x768.jpg\" class=\"attachment-large size-large wp-image-13859\" alt=\"\" srcset=\"https:\/\/pc.sc.gov.br\/\/wp-content\/uploads\/2023\/09\/CARRO-VIATUIRA-SIRENE-NOITE-POLICIA-CIVIL-PCSC-2-1024x768.jpg 1024w, https:\/\/pc.sc.gov.br\/\/wp-content\/uploads\/2023\/09\/CARRO-VIATUIRA-SIRENE-NOITE-POLICIA-CIVIL-PCSC-2-300x225.jpg 300w, https:\/\/pc.sc.gov.br\/\/wp-content\/uploads\/2023\/09\/CARRO-VIATUIRA-SIRENE-NOITE-POLICIA-CIVIL-PCSC-2-768x576.jpg 768w, https:\/\/pc.sc.gov.br\/\/wp-content\/uploads\/2023\/09\/CARRO-VIATUIRA-SIRENE-NOITE-POLICIA-CIVIL-PCSC-2.jpg 1280w\" sizes=\"(max-width: 696px) 100vw, 696px\" \/>\t\t\t\t\t\t\t\t\t\t\t\t\t\t\t<\/div>\n\t\t\t\t<\/div>\n\t\t\t\t\t<\/div>\n\t\t<\/div>\n\t\t\t\t\t<\/div>\n\t\t<\/section>\n\t\t\t\t<section class=\"elementor-section elementor-top-section elementor-element elementor-element-7e72765 elementor-section-boxed elementor-section-height-default elementor-section-height-default\" data-id=\"7e72765\" data-element_type=\"section\">\n\t\t\t\t\t\t<div class=\"elementor-container elementor-column-gap-default\">\n\t\t\t\t\t<div class=\"elementor-column elementor-col-100 elementor-top-column elementor-element elementor-element-3a8cabc\" data-id=\"3a8cabc\" data-element_type=\"column\">\n\t\t\t<div class=\"elementor-widget-wrap elementor-element-populated\">\n\t\t\t\t\t\t<div class=\"elementor-element elementor-element-9696efc elementor-widget elementor-widget-text-editor\" data-id=\"9696efc\" data-element_type=\"widget\" data-widget_type=\"text-editor.default\">\n\t\t\t\t<div class=\"elementor-widget-container\">\n\t\t\t\t\t\t\t\t\t<p>A Pol\u00edcia Civil de Santa Catarina, por meio da DIC\/DCE (Delegacia de Combate a Estelionatos), em conjunto com a equipe do Cyber GAECO, do Minist\u00e9rio P\u00fablico de Santa Catarina, prestou apoio nesta ter\u00e7a-feira (26) \u00e0 Pol\u00edcia Civil de S\u00e3o Paulo.<span style=\"font-family: var( --e-global-typography-primary-font-family ), Sans-serif; font-size: var( --e-global-typography-primary-font-size ); font-weight: var( --e-global-typography-primary-font-weight ); letter-spacing: var( --e-global-typography-primary-letter-spacing );\">&nbsp;<\/span><\/p><p>Os policiais civis deram cumprimento a mandados de busca e apreens\u00e3o domiciliares, na Grande Florian\u00f3polis, visando apurar crime de estelionato, envolvendo investimentos em criptoativos que teriam gerado um preju\u00edzo \u00e0 v\u00edtima no valor de R$ 341.456,45.<span style=\"font-family: var( --e-global-typography-primary-font-family ), Sans-serif; font-size: var( --e-global-typography-primary-font-size ); font-weight: var( --e-global-typography-primary-font-weight ); letter-spacing: var( --e-global-typography-primary-letter-spacing );\">&nbsp;<\/span><\/p><p>As investiga\u00e7\u00f5es seguem tramitando no estado de origem.<\/p>\t\t\t\t\t\t\t\t<\/div>\n\t\t\t\t<\/div>\n\t\t\t\t\t<\/div>\n\t\t<\/div>\n\t\t\t\t\t<\/div>\n\t\t<\/section>\n\t\t\t\t<\/div>\n\t\t","protected":false},"excerpt":{"rendered":"<p>PCSC presta apoio para a Pol\u00edcia Civil de S\u00e3o Paulo no cumprimento de mandados na Capital A Pol\u00edcia Civil de Santa Catarina, por meio da DIC\/DCE (Delegacia de Combate a Estelionatos), em conjunto com a equipe do Cyber GAECO, do Minist\u00e9rio P\u00fablico de Santa Catarina, prestou apoio nesta ter\u00e7a-feira (26) \u00e0 Pol\u00edcia Civil de S\u00e3o [&hellip;]<\/p>\n","protected":false},"author":5,"featured_media":13859,"comment_status":"closed","ping_status":"open","sticky":false,"template":"","format":"standard","meta":{"_monsterinsights_skip_tracking":false,"_monsterinsights_sitenote_active":false,"_monsterinsights_sitenote_note":"","_monsterinsights_sitenote_category":0,"footnotes":""},"categories":[1],"tags":[],"class_list":["post-13858","post","type-post","status-publish","format-standard","has-post-thumbnail","hentry","category-sem-categoria"],"_links":{"self":[{"href":"https:\/\/pc.sc.gov.br\/index.php?rest_route=\/wp\/v2\/posts\/13858","targetHints":{"allow":["GET"]}}],"collection":[{"href":"https:\/\/pc.sc.gov.br\/index.php?rest_route=\/wp\/v2\/posts"}],"about":[{"href":"https:\/\/pc.sc.gov.br\/index.php?rest_route=\/wp\/v2\/types\/post"}],"author":[{"embeddable":true,"href":"https:\/\/pc.sc.gov.br\/index.php?rest_route=\/wp\/v2\/users\/5"}],"replies":[{"embeddable":true,"href":"https:\/\/pc.sc.gov.br\/index.php?rest_route=%2Fwp%2Fv2%2Fcomments&post=13858"}],"version-history":[{"count":4,"href":"https:\/\/pc.sc.gov.br\/index.php?rest_route=\/wp\/v2\/posts\/13858\/revisions"}],"predecessor-version":[{"id":13863,"href":"https:\/\/pc.sc.gov.br\/index.php?rest_route=\/wp\/v2\/posts\/13858\/revisions\/13863"}],"wp:featuredmedia":[{"embeddable":true,"href":"https:\/\/pc.sc.gov.br\/index.php?rest_route=\/wp\/v2\/media\/13859"}],"wp:attachment":[{"href":"https:\/\/pc.sc.gov.br\/index.php?rest_route=%2Fwp%2Fv2%2Fmedia&parent=13858"}],"wp:term":[{"taxonomy":"category","embeddable":true,"href":"https:\/\/pc.sc.gov.br\/index.php?rest_route=%2Fwp%2Fv2%2Fcategories&post=13858"},{"taxonomy":"post_tag","embeddable":true,"href":"https:\/\/pc.sc.gov.br\/index.php?rest_route=%2Fwp%2Fv2%2Ftags&post=13858"}],"curies":[{"name":"wp","href":"https:\/\/api.w.org\/{rel}","templated":true}]}}