{"id":13928,"date":"2023-09-28T17:38:12","date_gmt":"2023-09-28T20:38:12","guid":{"rendered":"https:\/\/pc.sc.gov.br\/?p=13928"},"modified":"2023-09-28T18:01:41","modified_gmt":"2023-09-28T21:01:41","slug":"policia-civil-interdita-casa-noturna-localizada-no-bairro-estreito-em-florianopolis","status":"publish","type":"post","link":"https:\/\/pc.sc.gov.br\/?p=13928","title":{"rendered":"Pol\u00edcia Civil interdita casa noturna localizada no bairro Estreito, em Florian\u00f3polis"},"content":{"rendered":"\t\t<div data-elementor-type=\"wp-post\" data-elementor-id=\"13928\" class=\"elementor elementor-13928\" data-elementor-post-type=\"post\">\n\t\t\t\t\t\t<section class=\"elementor-section elementor-top-section elementor-element elementor-element-9a5a2c1 elementor-section-boxed elementor-section-height-default elementor-section-height-default\" data-id=\"9a5a2c1\" data-element_type=\"section\">\n\t\t\t\t\t\t<div class=\"elementor-container elementor-column-gap-default\">\n\t\t\t\t\t<div class=\"elementor-column elementor-col-100 elementor-top-column elementor-element elementor-element-de73ed8\" data-id=\"de73ed8\" data-element_type=\"column\">\n\t\t\t<div class=\"elementor-widget-wrap elementor-element-populated\">\n\t\t\t\t\t\t<div class=\"elementor-element elementor-element-34fab4e elementor-widget elementor-widget-heading\" data-id=\"34fab4e\" data-element_type=\"widget\" data-widget_type=\"heading.default\">\n\t\t\t\t<div class=\"elementor-widget-container\">\n\t\t\t\t\t<h2 class=\"elementor-heading-title elementor-size-default\">Pol\u00edcia Civil interdita casa noturna localizada no bairro Estreito, em Florian\u00f3polis<\/h2>\t\t\t\t<\/div>\n\t\t\t\t<\/div>\n\t\t\t\t\t<\/div>\n\t\t<\/div>\n\t\t\t\t\t<\/div>\n\t\t<\/section>\n\t\t\t\t<section class=\"elementor-section elementor-top-section elementor-element elementor-element-b2d151a elementor-section-boxed elementor-section-height-default elementor-section-height-default\" data-id=\"b2d151a\" data-element_type=\"section\">\n\t\t\t\t\t\t<div class=\"elementor-container elementor-column-gap-default\">\n\t\t\t\t\t<div class=\"elementor-column elementor-col-100 elementor-top-column elementor-element elementor-element-08863bd\" data-id=\"08863bd\" data-element_type=\"column\">\n\t\t\t<div class=\"elementor-widget-wrap elementor-element-populated\">\n\t\t\t\t\t\t<div class=\"elementor-element elementor-element-6a6507d elementor-widget elementor-widget-image\" data-id=\"6a6507d\" data-element_type=\"widget\" data-widget_type=\"image.default\">\n\t\t\t\t<div class=\"elementor-widget-container\">\n\t\t\t\t\t\t\t\t\t\t\t\t\t\t\t<img fetchpriority=\"high\" decoding=\"async\" width=\"696\" height=\"410\" src=\"https:\/\/pc.sc.gov.br\/\/wp-content\/uploads\/2023\/09\/33c9e97d-68b4-4493-be1d-d9b16e021bd0-fotor-20230928173539.jpg\" class=\"attachment-large size-large wp-image-13929\" alt=\"\" srcset=\"https:\/\/pc.sc.gov.br\/\/wp-content\/uploads\/2023\/09\/33c9e97d-68b4-4493-be1d-d9b16e021bd0-fotor-20230928173539.jpg 961w, https:\/\/pc.sc.gov.br\/\/wp-content\/uploads\/2023\/09\/33c9e97d-68b4-4493-be1d-d9b16e021bd0-fotor-20230928173539-300x177.jpg 300w, https:\/\/pc.sc.gov.br\/\/wp-content\/uploads\/2023\/09\/33c9e97d-68b4-4493-be1d-d9b16e021bd0-fotor-20230928173539-768x452.jpg 768w\" sizes=\"(max-width: 696px) 100vw, 696px\" \/>\t\t\t\t\t\t\t\t\t\t\t\t\t\t\t<\/div>\n\t\t\t\t<\/div>\n\t\t\t\t\t<\/div>\n\t\t<\/div>\n\t\t\t\t\t<\/div>\n\t\t<\/section>\n\t\t\t\t<section class=\"elementor-section elementor-top-section elementor-element elementor-element-1442058 elementor-section-boxed elementor-section-height-default elementor-section-height-default\" data-id=\"1442058\" data-element_type=\"section\">\n\t\t\t\t\t\t<div class=\"elementor-container elementor-column-gap-default\">\n\t\t\t\t\t<div class=\"elementor-column elementor-col-100 elementor-top-column elementor-element elementor-element-83520bf\" data-id=\"83520bf\" data-element_type=\"column\">\n\t\t\t<div class=\"elementor-widget-wrap elementor-element-populated\">\n\t\t\t\t\t\t<div class=\"elementor-element elementor-element-064596c elementor-widget elementor-widget-text-editor\" data-id=\"064596c\" data-element_type=\"widget\" data-widget_type=\"text-editor.default\">\n\t\t\t\t<div class=\"elementor-widget-container\">\n\t\t\t\t\t\t\t\t\t<p>A Pol\u00edcia Civil de Santa Catarina, por meio da Ger\u00eancia de Fiscaliza\u00e7\u00e3o de Jogos, Divers\u00f5es P\u00fablicas e Produtos Controlados, interditou nesta quinta-feira (28) uma casa noturna localizada no bairro Estreito,&nbsp; regi\u00e3o Continental de Florian\u00f3polis.<\/p>\n<p>O estabelecimento apresentava uma s\u00e9rie de irregularidades administrativas, tais como aus\u00eancia de alvar\u00e1 do Corpo de Bombeiros e alvar\u00e1 de funcionamento da prefeitura. Al\u00e9m disso, o estabelecimento estava gerando grande perturba\u00e7\u00e3o de sossego, sendo que na noite do dia 23\/09 ocorreram disparos de arma de fogo por parte de um homem que estava frequentando a casa noturna.&nbsp;<\/p>\n<p>Segundo o delegado Gustavo Kremer em breve outras estabelecimentos devem receber medidas en\u00e9rgicas por parte da Policia Civil, considerando a prote\u00e7\u00e3o da integridade f\u00edsica dos frequentadores e do sossego alheio. \u201cEm Florian\u00f3polis, a depender da pol\u00edcia civil, nenhuma casa noturna ir\u00e1 funcionar de maneira irregular\u201d, assinalou o delegado Gustavo Kremer.<\/p>\t\t\t\t\t\t\t\t<\/div>\n\t\t\t\t<\/div>\n\t\t\t\t\t<\/div>\n\t\t<\/div>\n\t\t\t\t\t<\/div>\n\t\t<\/section>\n\t\t\t\t<section class=\"elementor-section elementor-top-section elementor-element elementor-element-b2f1684 elementor-section-boxed elementor-section-height-default elementor-section-height-default\" data-id=\"b2f1684\" data-element_type=\"section\">\n\t\t\t\t\t\t<div class=\"elementor-container elementor-column-gap-default\">\n\t\t\t\t\t<div class=\"elementor-column elementor-col-100 elementor-top-column elementor-element elementor-element-5e2989f\" data-id=\"5e2989f\" data-element_type=\"column\">\n\t\t\t<div class=\"elementor-widget-wrap elementor-element-populated\">\n\t\t\t\t\t\t<div class=\"elementor-element elementor-element-7e3786e elementor-widget__width-auto elementor-widget elementor-widget-video\" data-id=\"7e3786e\" data-element_type=\"widget\" data-settings=\"{&quot;video_type&quot;:&quot;hosted&quot;,&quot;controls&quot;:&quot;yes&quot;}\" data-widget_type=\"video.default\">\n\t\t\t\t<div class=\"elementor-widget-container\">\n\t\t\t\t\t\t\t<div class=\"e-hosted-video elementor-wrapper elementor-open-inline\">\n\t\t\t\t\t<video class=\"elementor-video\" src=\"https:\/\/pc.sc.gov.br\/wp-content\/uploads\/2023\/09\/WhatsApp-Video-2023-09-28-at-17.43.52-1.mp4\" controls=\"\" preload=\"metadata\"><\/video>\n\t\t\t\t<\/div>\n\t\t\t\t\t\t<\/div>\n\t\t\t\t<\/div>\n\t\t\t\t\t<\/div>\n\t\t<\/div>\n\t\t\t\t\t<\/div>\n\t\t<\/section>\n\t\t\t\t<\/div>\n\t\t","protected":false},"excerpt":{"rendered":"<p>Pol\u00edcia Civil interdita casa noturna localizada no bairro Estreito, em Florian\u00f3polis A Pol\u00edcia Civil de Santa Catarina, por meio da Ger\u00eancia de Fiscaliza\u00e7\u00e3o de Jogos, Divers\u00f5es P\u00fablicas e Produtos Controlados, interditou nesta quinta-feira (28) uma casa noturna localizada no bairro Estreito,&nbsp; regi\u00e3o Continental de Florian\u00f3polis. O estabelecimento apresentava uma s\u00e9rie de irregularidades administrativas, tais como [&hellip;]<\/p>\n","protected":false},"author":5,"featured_media":13929,"comment_status":"closed","ping_status":"open","sticky":false,"template":"","format":"standard","meta":{"_monsterinsights_skip_tracking":false,"_monsterinsights_sitenote_active":false,"_monsterinsights_sitenote_note":"","_monsterinsights_sitenote_category":0,"footnotes":""},"categories":[1],"tags":[],"class_list":["post-13928","post","type-post","status-publish","format-standard","has-post-thumbnail","hentry","category-sem-categoria"],"_links":{"self":[{"href":"https:\/\/pc.sc.gov.br\/index.php?rest_route=\/wp\/v2\/posts\/13928","targetHints":{"allow":["GET"]}}],"collection":[{"href":"https:\/\/pc.sc.gov.br\/index.php?rest_route=\/wp\/v2\/posts"}],"about":[{"href":"https:\/\/pc.sc.gov.br\/index.php?rest_route=\/wp\/v2\/types\/post"}],"author":[{"embeddable":true,"href":"https:\/\/pc.sc.gov.br\/index.php?rest_route=\/wp\/v2\/users\/5"}],"replies":[{"embeddable":true,"href":"https:\/\/pc.sc.gov.br\/index.php?rest_route=%2Fwp%2Fv2%2Fcomments&post=13928"}],"version-history":[{"count":16,"href":"https:\/\/pc.sc.gov.br\/index.php?rest_route=\/wp\/v2\/posts\/13928\/revisions"}],"predecessor-version":[{"id":13949,"href":"https:\/\/pc.sc.gov.br\/index.php?rest_route=\/wp\/v2\/posts\/13928\/revisions\/13949"}],"wp:featuredmedia":[{"embeddable":true,"href":"https:\/\/pc.sc.gov.br\/index.php?rest_route=\/wp\/v2\/media\/13929"}],"wp:attachment":[{"href":"https:\/\/pc.sc.gov.br\/index.php?rest_route=%2Fwp%2Fv2%2Fmedia&parent=13928"}],"wp:term":[{"taxonomy":"category","embeddable":true,"href":"https:\/\/pc.sc.gov.br\/index.php?rest_route=%2Fwp%2Fv2%2Fcategories&post=13928"},{"taxonomy":"post_tag","embeddable":true,"href":"https:\/\/pc.sc.gov.br\/index.php?rest_route=%2Fwp%2Fv2%2Ftags&post=13928"}],"curies":[{"name":"wp","href":"https:\/\/api.w.org\/{rel}","templated":true}]}}