{"id":14003,"date":"2023-09-29T12:53:49","date_gmt":"2023-09-29T15:53:49","guid":{"rendered":"https:\/\/pc.sc.gov.br\/?p=14003"},"modified":"2023-09-29T12:55:38","modified_gmt":"2023-09-29T15:55:38","slug":"draco-da-deic-deflagra-operacao-sintonia-que-resulta-em-prisoes-e-apreensao-de-cerca-de-66-kg-de-droga","status":"publish","type":"post","link":"https:\/\/pc.sc.gov.br\/?p=14003","title":{"rendered":"DRACO da DEIC deflagra opera\u00e7\u00e3o \u201cSintonia\u201d que resulta em pris\u00f5es e apreens\u00e3o de cerca de 66 kg de droga"},"content":{"rendered":"\t\t<div data-elementor-type=\"wp-post\" data-elementor-id=\"14003\" class=\"elementor elementor-14003\" data-elementor-post-type=\"post\">\n\t\t\t\t\t\t<section class=\"elementor-section elementor-top-section elementor-element elementor-element-09434ab elementor-section-boxed elementor-section-height-default elementor-section-height-default\" data-id=\"09434ab\" data-element_type=\"section\">\n\t\t\t\t\t\t<div class=\"elementor-container elementor-column-gap-default\">\n\t\t\t\t\t<div class=\"elementor-column elementor-col-100 elementor-top-column elementor-element elementor-element-330439a\" data-id=\"330439a\" data-element_type=\"column\">\n\t\t\t<div class=\"elementor-widget-wrap elementor-element-populated\">\n\t\t\t\t\t\t<div class=\"elementor-element elementor-element-092e58d elementor-widget elementor-widget-heading\" data-id=\"092e58d\" data-element_type=\"widget\" data-widget_type=\"heading.default\">\n\t\t\t\t<div class=\"elementor-widget-container\">\n\t\t\t\t\t<h2 class=\"elementor-heading-title elementor-size-default\">DRACO da DEIC deflagra opera\u00e7\u00e3o \u201cSintonia\u201d que resulta em pris\u00f5es e apreens\u00e3o de cerca de 66  kg de droga<\/h2>\t\t\t\t<\/div>\n\t\t\t\t<\/div>\n\t\t\t\t\t<\/div>\n\t\t<\/div>\n\t\t\t\t\t<\/div>\n\t\t<\/section>\n\t\t\t\t<section class=\"elementor-section elementor-top-section elementor-element elementor-element-69d7d64 elementor-section-boxed elementor-section-height-default elementor-section-height-default\" data-id=\"69d7d64\" data-element_type=\"section\">\n\t\t\t\t\t\t<div class=\"elementor-container elementor-column-gap-default\">\n\t\t\t\t\t<div class=\"elementor-column elementor-col-100 elementor-top-column elementor-element elementor-element-633d129\" data-id=\"633d129\" data-element_type=\"column\">\n\t\t\t<div class=\"elementor-widget-wrap elementor-element-populated\">\n\t\t\t\t\t\t<div class=\"elementor-element elementor-element-3ab5771 elementor-widget elementor-widget-image\" data-id=\"3ab5771\" data-element_type=\"widget\" data-widget_type=\"image.default\">\n\t\t\t\t<div class=\"elementor-widget-container\">\n\t\t\t\t\t\t\t\t\t\t\t\t\t\t\t<img fetchpriority=\"high\" decoding=\"async\" width=\"696\" height=\"522\" src=\"https:\/\/pc.sc.gov.br\/\/wp-content\/uploads\/2023\/09\/WhatsApp-Image-2023-09-29-at-08.35.21-1024x768.jpeg\" class=\"attachment-large size-large wp-image-14004\" alt=\"\" srcset=\"https:\/\/pc.sc.gov.br\/\/wp-content\/uploads\/2023\/09\/WhatsApp-Image-2023-09-29-at-08.35.21-1024x768.jpeg 1024w, https:\/\/pc.sc.gov.br\/\/wp-content\/uploads\/2023\/09\/WhatsApp-Image-2023-09-29-at-08.35.21-300x225.jpeg 300w, https:\/\/pc.sc.gov.br\/\/wp-content\/uploads\/2023\/09\/WhatsApp-Image-2023-09-29-at-08.35.21-768x576.jpeg 768w, https:\/\/pc.sc.gov.br\/\/wp-content\/uploads\/2023\/09\/WhatsApp-Image-2023-09-29-at-08.35.21.jpeg 1280w\" sizes=\"(max-width: 696px) 100vw, 696px\" \/>\t\t\t\t\t\t\t\t\t\t\t\t\t\t\t<\/div>\n\t\t\t\t<\/div>\n\t\t\t\t\t<\/div>\n\t\t<\/div>\n\t\t\t\t\t<\/div>\n\t\t<\/section>\n\t\t\t\t<section class=\"elementor-section elementor-top-section elementor-element elementor-element-a5352e1 elementor-section-boxed elementor-section-height-default elementor-section-height-default\" data-id=\"a5352e1\" data-element_type=\"section\">\n\t\t\t\t\t\t<div class=\"elementor-container elementor-column-gap-default\">\n\t\t\t\t\t<div class=\"elementor-column elementor-col-100 elementor-top-column elementor-element elementor-element-4cf6d9e\" data-id=\"4cf6d9e\" data-element_type=\"column\">\n\t\t\t<div class=\"elementor-widget-wrap elementor-element-populated\">\n\t\t\t\t\t\t<div class=\"elementor-element elementor-element-02e03cd elementor-widget elementor-widget-text-editor\" data-id=\"02e03cd\" data-element_type=\"widget\" data-widget_type=\"text-editor.default\">\n\t\t\t\t<div class=\"elementor-widget-container\">\n\t\t\t\t\t\t\t\t\t<p>Nesta sexta-feira (29), a Pol\u00edcia Civil de Santa Catarina, por meio da Delegacia de Repress\u00e3o ao Crime Organizado da Diretoria Estadual de Investiga\u00e7\u00f5es Criminais (DRACO\/DEIC), deflagrou A opera\u00e7\u00e3o policial \u201cSintonia\u201d, que visa desarticular uma estrutura jur\u00eddica que, de forma criminosa, atua repassando informa\u00e7\u00f5es da c\u00fapula para demais integrantes de uma organiza\u00e7\u00e3o criminosa investigada.<br>Na a\u00e7\u00e3o, cerca de 40 policiais civis da DEIC cumpriram mandados de busca e apreens\u00e3o, provenientes de investiga\u00e7\u00e3o da DRACO, expedidos pela Vara Criminal da Vara Metropolitana de Florian\u00f3polis, ap\u00f3s parecer favor\u00e1vel da 39\u00aa Promotoria de Justi\u00e7a da Capital.<br>Foram cumpridos mandados de busca e apreens\u00e3o nas resid\u00eancias e escrit\u00f3rios de dois advogados investigados, os quais ficam localizados na regi\u00e3o de Grande Florian\u00f3polis. Acompanham as dilig\u00eancias quatro representantes da Comiss\u00e3o de Prerrogativas da OAB\/SC.<br>Duas pessoas foram presas em flagrante por tr\u00e1fico de drogas, sendo apreendidos aproximadamente 66 kg de maconha, celulares, anota\u00e7\u00f5es, balan\u00e7a e material para embalar drogas. Ainda foi apreendido um ve\u00edculo utilizado pelos investigados. Nas demais resid\u00eancias, tamb\u00e9m foram apreendidos diversos telefones e objetos relacionados \u00e0 investiga\u00e7\u00e3o.<\/p>\n<p><b>Confira o v\u00eddeo do Delegado de Pol\u00edcia Ant\u00f4nio Cl\u00e1udio Seixas Joca, titular da DRACO\/DEIC, falando sobre a opera\u00e7\u00e3o: <\/b><\/p>\t\t\t\t\t\t\t\t<\/div>\n\t\t\t\t<\/div>\n\t\t\t\t\t<\/div>\n\t\t<\/div>\n\t\t\t\t\t<\/div>\n\t\t<\/section>\n\t\t\t\t<section class=\"elementor-section elementor-top-section elementor-element elementor-element-ae17755 elementor-section-boxed elementor-section-height-default elementor-section-height-default\" data-id=\"ae17755\" data-element_type=\"section\">\n\t\t\t\t\t\t<div class=\"elementor-container elementor-column-gap-default\">\n\t\t\t\t\t<div class=\"elementor-column elementor-col-100 elementor-top-column elementor-element elementor-element-f87558a\" data-id=\"f87558a\" data-element_type=\"column\">\n\t\t\t<div class=\"elementor-widget-wrap elementor-element-populated\">\n\t\t\t\t\t\t<div class=\"elementor-element elementor-element-bd64996 elementor-widget elementor-widget-video\" data-id=\"bd64996\" data-element_type=\"widget\" data-settings=\"{&quot;video_type&quot;:&quot;hosted&quot;,&quot;controls&quot;:&quot;yes&quot;}\" data-widget_type=\"video.default\">\n\t\t\t\t<div class=\"elementor-widget-container\">\n\t\t\t\t\t\t\t<div class=\"e-hosted-video elementor-wrapper elementor-open-inline\">\n\t\t\t\t\t<video class=\"elementor-video\" src=\"https:\/\/pc.sc.gov.br\/wp-content\/uploads\/2023\/09\/WhatsApp-Video-2023-09-29-at-10.14.37.mp4\" controls=\"\" preload=\"metadata\"><\/video>\n\t\t\t\t<\/div>\n\t\t\t\t\t\t<\/div>\n\t\t\t\t<\/div>\n\t\t\t\t\t<\/div>\n\t\t<\/div>\n\t\t\t\t\t<\/div>\n\t\t<\/section>\n\t\t\t\t<\/div>\n\t\t","protected":false},"excerpt":{"rendered":"<p>DRACO da DEIC deflagra opera\u00e7\u00e3o \u201cSintonia\u201d que resulta em pris\u00f5es e apreens\u00e3o de cerca de 66 kg de droga Nesta sexta-feira (29), a Pol\u00edcia Civil de Santa Catarina, por meio da Delegacia de Repress\u00e3o ao Crime Organizado da Diretoria Estadual de Investiga\u00e7\u00f5es Criminais (DRACO\/DEIC), deflagrou A opera\u00e7\u00e3o policial \u201cSintonia\u201d, que visa desarticular uma estrutura jur\u00eddica [&hellip;]<\/p>\n","protected":false},"author":5,"featured_media":14004,"comment_status":"closed","ping_status":"open","sticky":false,"template":"","format":"standard","meta":{"_monsterinsights_skip_tracking":false,"_monsterinsights_sitenote_active":false,"_monsterinsights_sitenote_note":"","_monsterinsights_sitenote_category":0,"footnotes":""},"categories":[1],"tags":[],"class_list":["post-14003","post","type-post","status-publish","format-standard","has-post-thumbnail","hentry","category-sem-categoria"],"_links":{"self":[{"href":"https:\/\/pc.sc.gov.br\/index.php?rest_route=\/wp\/v2\/posts\/14003","targetHints":{"allow":["GET"]}}],"collection":[{"href":"https:\/\/pc.sc.gov.br\/index.php?rest_route=\/wp\/v2\/posts"}],"about":[{"href":"https:\/\/pc.sc.gov.br\/index.php?rest_route=\/wp\/v2\/types\/post"}],"author":[{"embeddable":true,"href":"https:\/\/pc.sc.gov.br\/index.php?rest_route=\/wp\/v2\/users\/5"}],"replies":[{"embeddable":true,"href":"https:\/\/pc.sc.gov.br\/index.php?rest_route=%2Fwp%2Fv2%2Fcomments&post=14003"}],"version-history":[{"count":4,"href":"https:\/\/pc.sc.gov.br\/index.php?rest_route=\/wp\/v2\/posts\/14003\/revisions"}],"predecessor-version":[{"id":14009,"href":"https:\/\/pc.sc.gov.br\/index.php?rest_route=\/wp\/v2\/posts\/14003\/revisions\/14009"}],"wp:featuredmedia":[{"embeddable":true,"href":"https:\/\/pc.sc.gov.br\/index.php?rest_route=\/wp\/v2\/media\/14004"}],"wp:attachment":[{"href":"https:\/\/pc.sc.gov.br\/index.php?rest_route=%2Fwp%2Fv2%2Fmedia&parent=14003"}],"wp:term":[{"taxonomy":"category","embeddable":true,"href":"https:\/\/pc.sc.gov.br\/index.php?rest_route=%2Fwp%2Fv2%2Fcategories&post=14003"},{"taxonomy":"post_tag","embeddable":true,"href":"https:\/\/pc.sc.gov.br\/index.php?rest_route=%2Fwp%2Fv2%2Ftags&post=14003"}],"curies":[{"name":"wp","href":"https:\/\/api.w.org\/{rel}","templated":true}]}}