{"id":14029,"date":"2023-10-02T14:36:46","date_gmt":"2023-10-02T17:36:46","guid":{"rendered":"https:\/\/pc.sc.gov.br\/?p=14029"},"modified":"2023-10-02T14:38:33","modified_gmt":"2023-10-02T17:38:33","slug":"policia-civil-deflagra-operacao-mercator-e-prende-12-pessoas-por-envolvimento-com-trafico-de-drogas-e-comercio-de-armas-de-fogo-na-serra","status":"publish","type":"post","link":"https:\/\/pc.sc.gov.br\/?p=14029","title":{"rendered":"Pol\u00edcia Civil deflagra opera\u00e7\u00e3o \u201cMercator\u201d e prende 12 pessoas por envolvimento com tr\u00e1fico de drogas e com\u00e9rcio de armas de fogo na Serra"},"content":{"rendered":"\t\t<div data-elementor-type=\"wp-post\" data-elementor-id=\"14029\" class=\"elementor elementor-14029\" data-elementor-post-type=\"post\">\n\t\t\t\t\t\t<section class=\"elementor-section elementor-top-section elementor-element elementor-element-a2717f2 elementor-section-boxed elementor-section-height-default elementor-section-height-default\" data-id=\"a2717f2\" data-element_type=\"section\">\n\t\t\t\t\t\t<div class=\"elementor-container elementor-column-gap-default\">\n\t\t\t\t\t<div class=\"elementor-column elementor-col-100 elementor-top-column elementor-element elementor-element-80b9509\" data-id=\"80b9509\" data-element_type=\"column\">\n\t\t\t<div class=\"elementor-widget-wrap elementor-element-populated\">\n\t\t\t\t\t\t<div class=\"elementor-element elementor-element-2105c88 elementor-widget elementor-widget-heading\" data-id=\"2105c88\" data-element_type=\"widget\" data-widget_type=\"heading.default\">\n\t\t\t\t<div class=\"elementor-widget-container\">\n\t\t\t\t\t<h2 class=\"elementor-heading-title elementor-size-default\">Pol\u00edcia Civil deflagra opera\u00e7\u00e3o \u201cMercator\u201d e prende 12 pessoas por envolvimento com tr\u00e1fico de drogas e com\u00e9rcio de armas de fogo na Serra<\/h2>\t\t\t\t<\/div>\n\t\t\t\t<\/div>\n\t\t\t\t\t<\/div>\n\t\t<\/div>\n\t\t\t\t\t<\/div>\n\t\t<\/section>\n\t\t\t\t<section class=\"elementor-section elementor-top-section elementor-element elementor-element-4f3a894 elementor-section-boxed elementor-section-height-default elementor-section-height-default\" data-id=\"4f3a894\" data-element_type=\"section\">\n\t\t\t\t\t\t<div class=\"elementor-container elementor-column-gap-default\">\n\t\t\t\t\t<div class=\"elementor-column elementor-col-100 elementor-top-column elementor-element elementor-element-6d5b77d\" data-id=\"6d5b77d\" data-element_type=\"column\">\n\t\t\t<div class=\"elementor-widget-wrap elementor-element-populated\">\n\t\t\t\t\t\t<div class=\"elementor-element elementor-element-9dec224 elementor-widget elementor-widget-image\" data-id=\"9dec224\" data-element_type=\"widget\" data-widget_type=\"image.default\">\n\t\t\t\t<div class=\"elementor-widget-container\">\n\t\t\t\t\t\t\t\t\t\t\t\t\t\t\t<img fetchpriority=\"high\" decoding=\"async\" width=\"696\" height=\"392\" src=\"https:\/\/pc.sc.gov.br\/\/wp-content\/uploads\/2023\/10\/OPERACAO-MERCATOR-LAGES-1024x576.jpeg\" class=\"attachment-large size-large wp-image-14031\" alt=\"\" srcset=\"https:\/\/pc.sc.gov.br\/\/wp-content\/uploads\/2023\/10\/OPERACAO-MERCATOR-LAGES-1024x576.jpeg 1024w, https:\/\/pc.sc.gov.br\/\/wp-content\/uploads\/2023\/10\/OPERACAO-MERCATOR-LAGES-300x169.jpeg 300w, https:\/\/pc.sc.gov.br\/\/wp-content\/uploads\/2023\/10\/OPERACAO-MERCATOR-LAGES-768x432.jpeg 768w, https:\/\/pc.sc.gov.br\/\/wp-content\/uploads\/2023\/10\/OPERACAO-MERCATOR-LAGES-1536x864.jpeg 1536w, https:\/\/pc.sc.gov.br\/\/wp-content\/uploads\/2023\/10\/OPERACAO-MERCATOR-LAGES.jpeg 1600w\" sizes=\"(max-width: 696px) 100vw, 696px\" \/>\t\t\t\t\t\t\t\t\t\t\t\t\t\t\t<\/div>\n\t\t\t\t<\/div>\n\t\t\t\t\t<\/div>\n\t\t<\/div>\n\t\t\t\t\t<\/div>\n\t\t<\/section>\n\t\t\t\t<section class=\"elementor-section elementor-top-section elementor-element elementor-element-d459ad9 elementor-section-boxed elementor-section-height-default elementor-section-height-default\" data-id=\"d459ad9\" data-element_type=\"section\">\n\t\t\t\t\t\t<div class=\"elementor-container elementor-column-gap-default\">\n\t\t\t\t\t<div class=\"elementor-column elementor-col-100 elementor-top-column elementor-element elementor-element-2ec9427\" data-id=\"2ec9427\" data-element_type=\"column\">\n\t\t\t<div class=\"elementor-widget-wrap elementor-element-populated\">\n\t\t\t\t\t\t<div class=\"elementor-element elementor-element-505f241 elementor-widget elementor-widget-text-editor\" data-id=\"505f241\" data-element_type=\"widget\" data-widget_type=\"text-editor.default\">\n\t\t\t\t<div class=\"elementor-widget-container\">\n\t\t\t\t\t\t\t\t\t<p>A Pol\u00edcia Civil de Santa Catarina, por meio da Delegacia de Pol\u00edcia do Munic\u00edpio da Palmeira (DPmu Palmeira) e da Delegacia de Comarca de Otac\u00edlio Costa (DPco Otac\u00edlio Costa), deflagrou na sexta-feira (28)\u00a0 a Opera\u00e7\u00e3o Policial \u201cMercator\u201d, para desarticular uma organiza\u00e7\u00e3o criminosa envolvida com o tr\u00e1fico de drogas e com\u00e9rcio de armas de fogo que atua nos munic\u00edpios de Palmeira, Otac\u00edlio Costa e regi\u00e3o.<\/p><p>A Opera\u00e7\u00e3o \u201cMercator\u201d \u00e9 a segunda fase de uma outra opera\u00e7\u00e3o policial, \u201cParvus\u201d que foi deflagrada nos munic\u00edpios da Palmeira e Otac\u00edlio Costa, no final do ano passado e que j\u00e1 investigava os il\u00edcitos de tr\u00e1fico de drogas, associa\u00e7\u00e3o para o tr\u00e1fico, corrup\u00e7\u00e3o de menores, com\u00e9rcio ilegal de armas de fogo e organiza\u00e7\u00e3o criminosa.<\/p><p>Na a\u00e7\u00e3o da \u00faltima sexta-feira (28), cerca de 56 policias civis das delegacias de Lages (1\u00ba DP, 2\u00ba DP, 3\u00ba DP, CPP, DPCAMI, DPco Campo Belo do Sul, DPco Anita Garibaldi, DPco Correia Pinto e DIC),\u00a0 das DRP\u2019s de S\u00e3o Joaquim (DIC e DPco Urubici) e Curitibanos (DPco\u00a0 Santa Cec\u00edlia), SAER (Servi\u00e7o Aeropolicial), a Coordenadoria de Opera\u00e7\u00f5es Policiais com C\u00e3es (NOC Lages, NOC Curitibanos, NOC DEIC, NOC Xanxer\u00ea) e a Pol\u00edcia Militar cumpriram 14 mandados de pris\u00e3o preventiva e 11 mandados de busca e apreens\u00e3o, provenientes de investiga\u00e7\u00f5es da Dpmu Palmeira e da DPco de Otac\u00edlio Costa, expedidos pelo Poder Judici\u00e1rio de Otac\u00edlio Costa.<\/p><p>Nesta opera\u00e7\u00e3o 12 pessoas foram presas sendo nove pessoas por mandados de pris\u00e3o preventiva; duas em flagrante por tr\u00e1fico de drogas e uma por posse ilegal de muni\u00e7\u00e3o. Al\u00e9m disso foram apreendidos tamb\u00e9m diversos celulares e objetos relacionados \u00e0 investiga\u00e7\u00e3o.<\/p>\t\t\t\t\t\t\t\t<\/div>\n\t\t\t\t<\/div>\n\t\t\t\t\t<\/div>\n\t\t<\/div>\n\t\t\t\t\t<\/div>\n\t\t<\/section>\n\t\t\t\t<\/div>\n\t\t","protected":false},"excerpt":{"rendered":"<p>Pol\u00edcia Civil deflagra opera\u00e7\u00e3o \u201cMercator\u201d e prende 12 pessoas por envolvimento com tr\u00e1fico de drogas e com\u00e9rcio de armas de fogo na Serra A Pol\u00edcia Civil de Santa Catarina, por meio da Delegacia de Pol\u00edcia do Munic\u00edpio da Palmeira (DPmu Palmeira) e da Delegacia de Comarca de Otac\u00edlio Costa (DPco Otac\u00edlio Costa), deflagrou na sexta-feira [&hellip;]<\/p>\n","protected":false},"author":5,"featured_media":14031,"comment_status":"closed","ping_status":"open","sticky":false,"template":"","format":"standard","meta":{"_monsterinsights_skip_tracking":false,"_monsterinsights_sitenote_active":false,"_monsterinsights_sitenote_note":"","_monsterinsights_sitenote_category":0,"footnotes":""},"categories":[1],"tags":[],"class_list":["post-14029","post","type-post","status-publish","format-standard","has-post-thumbnail","hentry","category-sem-categoria"],"_links":{"self":[{"href":"https:\/\/pc.sc.gov.br\/index.php?rest_route=\/wp\/v2\/posts\/14029","targetHints":{"allow":["GET"]}}],"collection":[{"href":"https:\/\/pc.sc.gov.br\/index.php?rest_route=\/wp\/v2\/posts"}],"about":[{"href":"https:\/\/pc.sc.gov.br\/index.php?rest_route=\/wp\/v2\/types\/post"}],"author":[{"embeddable":true,"href":"https:\/\/pc.sc.gov.br\/index.php?rest_route=\/wp\/v2\/users\/5"}],"replies":[{"embeddable":true,"href":"https:\/\/pc.sc.gov.br\/index.php?rest_route=%2Fwp%2Fv2%2Fcomments&post=14029"}],"version-history":[{"count":4,"href":"https:\/\/pc.sc.gov.br\/index.php?rest_route=\/wp\/v2\/posts\/14029\/revisions"}],"predecessor-version":[{"id":14035,"href":"https:\/\/pc.sc.gov.br\/index.php?rest_route=\/wp\/v2\/posts\/14029\/revisions\/14035"}],"wp:featuredmedia":[{"embeddable":true,"href":"https:\/\/pc.sc.gov.br\/index.php?rest_route=\/wp\/v2\/media\/14031"}],"wp:attachment":[{"href":"https:\/\/pc.sc.gov.br\/index.php?rest_route=%2Fwp%2Fv2%2Fmedia&parent=14029"}],"wp:term":[{"taxonomy":"category","embeddable":true,"href":"https:\/\/pc.sc.gov.br\/index.php?rest_route=%2Fwp%2Fv2%2Fcategories&post=14029"},{"taxonomy":"post_tag","embeddable":true,"href":"https:\/\/pc.sc.gov.br\/index.php?rest_route=%2Fwp%2Fv2%2Ftags&post=14029"}],"curies":[{"name":"wp","href":"https:\/\/api.w.org\/{rel}","templated":true}]}}