{"id":14036,"date":"2023-10-02T14:42:02","date_gmt":"2023-10-02T17:42:02","guid":{"rendered":"https:\/\/pc.sc.gov.br\/?p=14036"},"modified":"2023-10-02T14:44:02","modified_gmt":"2023-10-02T17:44:02","slug":"policia-civil-de-santa-catarina-esteve-presente-no-enavseg-realizado-em-salvador","status":"publish","type":"post","link":"https:\/\/pc.sc.gov.br\/?p=14036","title":{"rendered":"Pol\u00edcia Civil de Santa Catarina esteve presente no ENAVSEG realizado em Salvador"},"content":{"rendered":"\t\t<div data-elementor-type=\"wp-post\" data-elementor-id=\"14036\" class=\"elementor elementor-14036\" data-elementor-post-type=\"post\">\n\t\t\t\t\t\t<section class=\"elementor-section elementor-top-section elementor-element elementor-element-b24906f elementor-section-boxed elementor-section-height-default elementor-section-height-default\" data-id=\"b24906f\" data-element_type=\"section\">\n\t\t\t\t\t\t<div class=\"elementor-container elementor-column-gap-default\">\n\t\t\t\t\t<div class=\"elementor-column elementor-col-100 elementor-top-column elementor-element elementor-element-fcf62a8\" data-id=\"fcf62a8\" data-element_type=\"column\">\n\t\t\t<div class=\"elementor-widget-wrap elementor-element-populated\">\n\t\t\t\t\t\t<div class=\"elementor-element elementor-element-910c4b2 elementor-widget elementor-widget-heading\" data-id=\"910c4b2\" data-element_type=\"widget\" data-widget_type=\"heading.default\">\n\t\t\t\t<div class=\"elementor-widget-container\">\n\t\t\t\t\t<h2 class=\"elementor-heading-title elementor-size-default\">Pol\u00edcia Civil de Santa Catarina esteve presente no ENAVSEG realizado em Salvador<\/h2>\t\t\t\t<\/div>\n\t\t\t\t<\/div>\n\t\t\t\t\t<\/div>\n\t\t<\/div>\n\t\t\t\t\t<\/div>\n\t\t<\/section>\n\t\t\t\t<section class=\"elementor-section elementor-top-section elementor-element elementor-element-bdd2058 elementor-section-boxed elementor-section-height-default elementor-section-height-default\" data-id=\"bdd2058\" data-element_type=\"section\">\n\t\t\t\t\t\t<div class=\"elementor-container elementor-column-gap-default\">\n\t\t\t\t\t<div class=\"elementor-column elementor-col-100 elementor-top-column elementor-element elementor-element-a9ce1ff\" data-id=\"a9ce1ff\" data-element_type=\"column\">\n\t\t\t<div class=\"elementor-widget-wrap elementor-element-populated\">\n\t\t\t\t\t\t<div class=\"elementor-element elementor-element-190bf93 elementor-widget elementor-widget-image\" data-id=\"190bf93\" data-element_type=\"widget\" data-widget_type=\"image.default\">\n\t\t\t\t<div class=\"elementor-widget-container\">\n\t\t\t\t\t\t\t\t\t\t\t\t\t\t\t<img fetchpriority=\"high\" decoding=\"async\" width=\"696\" height=\"459\" src=\"https:\/\/pc.sc.gov.br\/\/wp-content\/uploads\/2023\/10\/WhatsApp-Image-2023-10-02-at-14.38.57.jpeg\" class=\"attachment-large size-large wp-image-14037\" alt=\"\" srcset=\"https:\/\/pc.sc.gov.br\/\/wp-content\/uploads\/2023\/10\/WhatsApp-Image-2023-10-02-at-14.38.57.jpeg 1024w, https:\/\/pc.sc.gov.br\/\/wp-content\/uploads\/2023\/10\/WhatsApp-Image-2023-10-02-at-14.38.57-300x198.jpeg 300w, https:\/\/pc.sc.gov.br\/\/wp-content\/uploads\/2023\/10\/WhatsApp-Image-2023-10-02-at-14.38.57-768x507.jpeg 768w\" sizes=\"(max-width: 696px) 100vw, 696px\" \/>\t\t\t\t\t\t\t\t\t\t\t\t\t\t\t<\/div>\n\t\t\t\t<\/div>\n\t\t\t\t\t<\/div>\n\t\t<\/div>\n\t\t\t\t\t<\/div>\n\t\t<\/section>\n\t\t\t\t<section class=\"elementor-section elementor-top-section elementor-element elementor-element-ffe366b elementor-section-boxed elementor-section-height-default elementor-section-height-default\" data-id=\"ffe366b\" data-element_type=\"section\">\n\t\t\t\t\t\t<div class=\"elementor-container elementor-column-gap-default\">\n\t\t\t\t\t<div class=\"elementor-column elementor-col-100 elementor-top-column elementor-element elementor-element-34898d9\" data-id=\"34898d9\" data-element_type=\"column\">\n\t\t\t<div class=\"elementor-widget-wrap elementor-element-populated\">\n\t\t\t\t\t\t<div class=\"elementor-element elementor-element-ed40cea elementor-widget elementor-widget-text-editor\" data-id=\"ed40cea\" data-element_type=\"widget\" data-widget_type=\"text-editor.default\">\n\t\t\t\t<div class=\"elementor-widget-container\">\n\t\t\t\t\t\t\t\t\t<p>A Pol\u00edcia Civil de Santa Catarina participou do Encontro Nacional de Avia\u00e7\u00e3o de Seguran\u00e7a P\u00fablica (ENAVSEG), que ocorreu entre os dias 27 e 30 de setembro, na cidade de Salvador (BA). Estavam presentes no evento os coordenadores e pilotos das Bases Operacionais do Servi\u00e7o Aeropolicial (SAER), delegado Albert Dieison Silveira e delegado Alan Jos\u00e9 Amorim, e o piloto policial Vitor Alves Concei\u00e7\u00e3o.<\/p><p>O ENAVSEG re\u00fane especialistas, profissionais e autoridades da avia\u00e7\u00e3o de seguran\u00e7a p\u00fablica e defesa civil de todo o Brasil para discutir e compartilhar informa\u00e7\u00f5es, conhecimentos e melhores pr\u00e1ticas. O objetivo principal do evento \u00e9 proporcionar um espa\u00e7o para o debate e a atualiza\u00e7\u00e3o de informa\u00e7\u00f5es relevantes para aprimorar a seguran\u00e7a p\u00fablica em todo o pa\u00eds.<\/p>\t\t\t\t\t\t\t\t<\/div>\n\t\t\t\t<\/div>\n\t\t\t\t\t<\/div>\n\t\t<\/div>\n\t\t\t\t\t<\/div>\n\t\t<\/section>\n\t\t\t\t<\/div>\n\t\t","protected":false},"excerpt":{"rendered":"<p>Pol\u00edcia Civil de Santa Catarina esteve presente no ENAVSEG realizado em Salvador A Pol\u00edcia Civil de Santa Catarina participou do Encontro Nacional de Avia\u00e7\u00e3o de Seguran\u00e7a P\u00fablica (ENAVSEG), que ocorreu entre os dias 27 e 30 de setembro, na cidade de Salvador (BA). Estavam presentes no evento os coordenadores e pilotos das Bases Operacionais do [&hellip;]<\/p>\n","protected":false},"author":5,"featured_media":14037,"comment_status":"closed","ping_status":"open","sticky":false,"template":"","format":"standard","meta":{"_monsterinsights_skip_tracking":false,"_monsterinsights_sitenote_active":false,"_monsterinsights_sitenote_note":"","_monsterinsights_sitenote_category":0,"footnotes":""},"categories":[1],"tags":[],"class_list":["post-14036","post","type-post","status-publish","format-standard","has-post-thumbnail","hentry","category-sem-categoria"],"_links":{"self":[{"href":"https:\/\/pc.sc.gov.br\/index.php?rest_route=\/wp\/v2\/posts\/14036","targetHints":{"allow":["GET"]}}],"collection":[{"href":"https:\/\/pc.sc.gov.br\/index.php?rest_route=\/wp\/v2\/posts"}],"about":[{"href":"https:\/\/pc.sc.gov.br\/index.php?rest_route=\/wp\/v2\/types\/post"}],"author":[{"embeddable":true,"href":"https:\/\/pc.sc.gov.br\/index.php?rest_route=\/wp\/v2\/users\/5"}],"replies":[{"embeddable":true,"href":"https:\/\/pc.sc.gov.br\/index.php?rest_route=%2Fwp%2Fv2%2Fcomments&post=14036"}],"version-history":[{"count":4,"href":"https:\/\/pc.sc.gov.br\/index.php?rest_route=\/wp\/v2\/posts\/14036\/revisions"}],"predecessor-version":[{"id":14041,"href":"https:\/\/pc.sc.gov.br\/index.php?rest_route=\/wp\/v2\/posts\/14036\/revisions\/14041"}],"wp:featuredmedia":[{"embeddable":true,"href":"https:\/\/pc.sc.gov.br\/index.php?rest_route=\/wp\/v2\/media\/14037"}],"wp:attachment":[{"href":"https:\/\/pc.sc.gov.br\/index.php?rest_route=%2Fwp%2Fv2%2Fmedia&parent=14036"}],"wp:term":[{"taxonomy":"category","embeddable":true,"href":"https:\/\/pc.sc.gov.br\/index.php?rest_route=%2Fwp%2Fv2%2Fcategories&post=14036"},{"taxonomy":"post_tag","embeddable":true,"href":"https:\/\/pc.sc.gov.br\/index.php?rest_route=%2Fwp%2Fv2%2Ftags&post=14036"}],"curies":[{"name":"wp","href":"https:\/\/api.w.org\/{rel}","templated":true}]}}