{"id":14042,"date":"2023-10-02T14:53:08","date_gmt":"2023-10-02T17:53:08","guid":{"rendered":"https:\/\/pc.sc.gov.br\/?p=14042"},"modified":"2023-10-02T14:58:07","modified_gmt":"2023-10-02T17:58:07","slug":"policia-civil-apresenta-aumento-no-numero-de-mandados-de-prisao-e-busca-e-apreensao-cumpridos-neste-ano-na-regiao-oeste","status":"publish","type":"post","link":"https:\/\/pc.sc.gov.br\/?p=14042","title":{"rendered":"Pol\u00edcia Civil apresenta aumento no n\u00famero de mandados de pris\u00e3o e busca e apreens\u00e3o cumpridos neste ano na regi\u00e3o oeste"},"content":{"rendered":"\t\t<div data-elementor-type=\"wp-post\" data-elementor-id=\"14042\" class=\"elementor elementor-14042\" data-elementor-post-type=\"post\">\n\t\t\t\t\t\t<section class=\"elementor-section elementor-top-section elementor-element elementor-element-1eff45d elementor-section-boxed elementor-section-height-default elementor-section-height-default\" data-id=\"1eff45d\" data-element_type=\"section\">\n\t\t\t\t\t\t<div class=\"elementor-container elementor-column-gap-default\">\n\t\t\t\t\t<div class=\"elementor-column elementor-col-100 elementor-top-column elementor-element elementor-element-4b087be\" data-id=\"4b087be\" data-element_type=\"column\">\n\t\t\t<div class=\"elementor-widget-wrap elementor-element-populated\">\n\t\t\t\t\t\t<div class=\"elementor-element elementor-element-16caef5 elementor-widget elementor-widget-heading\" data-id=\"16caef5\" data-element_type=\"widget\" data-widget_type=\"heading.default\">\n\t\t\t\t<div class=\"elementor-widget-container\">\n\t\t\t\t\t<h2 class=\"elementor-heading-title elementor-size-default\">Pol\u00edcia Civil apresenta aumento no n\u00famero de mandados de pris\u00e3o e busca e apreens\u00e3o cumpridos neste ano na regi\u00e3o oeste<\/h2>\t\t\t\t<\/div>\n\t\t\t\t<\/div>\n\t\t\t\t\t<\/div>\n\t\t<\/div>\n\t\t\t\t\t<\/div>\n\t\t<\/section>\n\t\t\t\t<section class=\"elementor-section elementor-top-section elementor-element elementor-element-43e5256 elementor-section-boxed elementor-section-height-default elementor-section-height-default\" data-id=\"43e5256\" data-element_type=\"section\">\n\t\t\t\t\t\t<div class=\"elementor-container elementor-column-gap-default\">\n\t\t\t\t\t<div class=\"elementor-column elementor-col-100 elementor-top-column elementor-element elementor-element-5ebfd5f\" data-id=\"5ebfd5f\" data-element_type=\"column\">\n\t\t\t<div class=\"elementor-widget-wrap elementor-element-populated\">\n\t\t\t\t\t\t<div class=\"elementor-element elementor-element-1d7fdeb elementor-widget elementor-widget-text-editor\" data-id=\"1d7fdeb\" data-element_type=\"widget\" data-widget_type=\"text-editor.default\">\n\t\t\t\t<div class=\"elementor-widget-container\">\n\t\t\t\t\t\t\t\t\t<p>A Pol\u00edcia Civil de Santa Catarina, por meio da Diretoria de Pol\u00edcia da Fronteira (DIFRON), divulgou nesta segunda-feira (02) os n\u00fameros de mandados de pris\u00e3o e de busca e apreens\u00e3o cumpridos de 01 de janeiro desde ano at\u00e9 o dia 30 de setembro, nos 89 munic\u00edpios que comp\u00f5em a \u00e1rea de atua\u00e7\u00e3o da Diretoria.<span style=\"font-family: var( --e-global-typography-primary-font-family ), Sans-serif; font-size: var( --e-global-typography-primary-font-size ); font-weight: var( --e-global-typography-primary-font-weight ); letter-spacing: var( --e-global-typography-primary-letter-spacing );\">&nbsp;<\/span><\/p><p>Na regi\u00e3o oeste, em compara\u00e7\u00e3o ao mesmo per\u00edodo de 2022, a quantidade de mandados de pris\u00e3o aumentou 65%, com 794 cumprimentos. J\u00e1 o cumprimento de mandados de busca e apreens\u00e3o aumentou 43 % no comparativo com 2022, totalizando 945 cumprimentos.<\/p><p><b>Em rela\u00e7\u00e3o aos mandados de pris\u00e3o cumpridos em 2023 na regi\u00e3o da DIFRON, os munic\u00edpios onde ocorreram a maior parte dessas pris\u00f5es foram: <\/b><br>Chapec\u00f3: 276<br>Xanxer\u00ea: 117<br>Conc\u00f3rdia: 43<br>Xaxim: 32<br>Maravilha: 29<br>Abelardo Luz: 28<br>S\u00e3o Miguel do Oeste: 23<br>S\u00e3o Louren\u00e7o do Oeste: 19<\/p><p>Para o Diretor de Pol\u00edcia da Fronteira da Pol\u00edcia Civil, Delegado Fernando Callfass, o aumento expressivo de pris\u00f5es e de cumprimento de mandados de busca e apreens\u00e3o na regi\u00e3o oeste s\u00e3o resultados de um trabalho s\u00e9rio e competente de todos policiais civis que est\u00e3o cada vez mais bem preparados e equipados para enfrentar a criminalidade.<span style=\"font-family: var( --e-global-typography-primary-font-family ), Sans-serif; font-size: var( --e-global-typography-primary-font-size ); font-weight: var( --e-global-typography-primary-font-weight ); letter-spacing: var( --e-global-typography-primary-letter-spacing );\">&nbsp;<\/span><\/p><p>As constantes realiza\u00e7\u00f5es das Opera\u00e7\u00f5es Policiais \u201cDIFRON SEGURA\u201d e \u201cH\u00d3RUS\u201d em 2023, coordenadas pela Diretoria de Pol\u00edcia da Fronteira, tamb\u00e9m est\u00e3o sendo determinantes para o aumento dos cumprimentos de ordens judiciais.<\/p>\t\t\t\t\t\t\t\t<\/div>\n\t\t\t\t<\/div>\n\t\t\t\t\t<\/div>\n\t\t<\/div>\n\t\t\t\t\t<\/div>\n\t\t<\/section>\n\t\t\t\t<section class=\"elementor-section elementor-top-section elementor-element elementor-element-4869bf0 elementor-section-boxed elementor-section-height-default elementor-section-height-default\" data-id=\"4869bf0\" data-element_type=\"section\">\n\t\t\t\t\t\t<div class=\"elementor-container elementor-column-gap-default\">\n\t\t\t\t\t<div class=\"elementor-column elementor-col-100 elementor-top-column elementor-element elementor-element-06d70ab\" data-id=\"06d70ab\" data-element_type=\"column\">\n\t\t\t<div class=\"elementor-widget-wrap elementor-element-populated\">\n\t\t\t\t\t\t<div class=\"elementor-element elementor-element-aa3ec89 elementor-skin-carousel elementor-arrows-yes elementor-pagination-type-bullets elementor-pagination-position-outside elementor-widget elementor-widget-media-carousel\" data-id=\"aa3ec89\" data-element_type=\"widget\" data-settings=\"{&quot;skin&quot;:&quot;carousel&quot;,&quot;effect&quot;:&quot;slide&quot;,&quot;show_arrows&quot;:&quot;yes&quot;,&quot;pagination&quot;:&quot;bullets&quot;,&quot;speed&quot;:500,&quot;autoplay&quot;:&quot;yes&quot;,&quot;autoplay_speed&quot;:5000,&quot;loop&quot;:&quot;yes&quot;,&quot;pause_on_hover&quot;:&quot;yes&quot;,&quot;pause_on_interaction&quot;:&quot;yes&quot;,&quot;space_between&quot;:{&quot;unit&quot;:&quot;px&quot;,&quot;size&quot;:10,&quot;sizes&quot;:[]},&quot;space_between_tablet&quot;:{&quot;unit&quot;:&quot;px&quot;,&quot;size&quot;:10,&quot;sizes&quot;:[]},&quot;space_between_mobile&quot;:{&quot;unit&quot;:&quot;px&quot;,&quot;size&quot;:10,&quot;sizes&quot;:[]}}\" data-widget_type=\"media-carousel.default\">\n\t\t\t\t<div class=\"elementor-widget-container\">\n\t\t\t\t\t\t\t\t\t<div class=\"elementor-swiper\">\n\t\t\t\t\t<div class=\"elementor-main-swiper swiper\" role=\"region\" aria-roledescription=\"carousel\" aria-label=\"Slides\">\n\t\t\t\t<div class=\"swiper-wrapper\">\n\t\t\t\t\t\t\t\t\t\t\t<div class=\"swiper-slide\" role=\"group\" aria-roledescription=\"slide\">\n\t\t\t\t\t\t\t\t\t<div class=\"elementor-carousel-image\" role=\"img\" aria-label=\"29\" style=\"background-image: url(&#039;https:\/\/pc.sc.gov.br\/\/wp-content\/uploads\/2023\/10\/29.png&#039;)\">\n\n\t\t\t\n\t\t\t\t\t<\/div>\n\t\t\t\t\t\t\t\t<\/div>\n\t\t\t\t\t\t\t\t\t\t\t<div class=\"swiper-slide\" role=\"group\" aria-roledescription=\"slide\">\n\t\t\t\t\t\t\t\t\t<div class=\"elementor-carousel-image\" role=\"img\" aria-label=\"28\" style=\"background-image: url(&#039;https:\/\/pc.sc.gov.br\/\/wp-content\/uploads\/2023\/10\/28.png&#039;)\">\n\n\t\t\t\n\t\t\t\t\t<\/div>\n\t\t\t\t\t\t\t\t<\/div>\n\t\t\t\t\t\t\t\t\t\t\t<div class=\"swiper-slide\" role=\"group\" aria-roledescription=\"slide\">\n\t\t\t\t\t\t\t\t\t<div class=\"elementor-carousel-image\" role=\"img\" aria-label=\"27\" style=\"background-image: url(&#039;https:\/\/pc.sc.gov.br\/\/wp-content\/uploads\/2023\/10\/27.png&#039;)\">\n\n\t\t\t\n\t\t\t\t\t<\/div>\n\t\t\t\t\t\t\t\t<\/div>\n\t\t\t\t\t\t\t\t\t<\/div>\n\t\t\t\t\t\t\t\t\t\t\t\t\t\t\t<div class=\"elementor-swiper-button elementor-swiper-button-prev\" role=\"button\" tabindex=\"0\" aria-label=\"Previous\">\n\t\t\t\t\t\t\t<i aria-hidden=\"true\" class=\"eicon-chevron-left\"><\/i>\t\t\t\t\t\t<\/div>\n\t\t\t\t\t\t<div class=\"elementor-swiper-button elementor-swiper-button-next\" role=\"button\" tabindex=\"0\" aria-label=\"Next\">\n\t\t\t\t\t\t\t<i aria-hidden=\"true\" class=\"eicon-chevron-right\"><\/i>\t\t\t\t\t\t<\/div>\n\t\t\t\t\t\t\t\t\t\t\t\t\t\t\t\t<div class=\"swiper-pagination\"><\/div>\n\t\t\t\t\t\t\t\t\t\t\t\t<\/div>\n\t\t\t\t<\/div>\n\t\t\t\t\t\t\t\t<\/div>\n\t\t\t\t<\/div>\n\t\t\t\t\t<\/div>\n\t\t<\/div>\n\t\t\t\t\t<\/div>\n\t\t<\/section>\n\t\t\t\t<\/div>\n\t\t","protected":false},"excerpt":{"rendered":"<p>Pol\u00edcia Civil apresenta aumento no n\u00famero de mandados de pris\u00e3o e busca e apreens\u00e3o cumpridos neste ano na regi\u00e3o oeste A Pol\u00edcia Civil de Santa Catarina, por meio da Diretoria de Pol\u00edcia da Fronteira (DIFRON), divulgou nesta segunda-feira (02) os n\u00fameros de mandados de pris\u00e3o e de busca e apreens\u00e3o cumpridos de 01 de janeiro [&hellip;]<\/p>\n","protected":false},"author":5,"featured_media":14043,"comment_status":"closed","ping_status":"open","sticky":false,"template":"","format":"standard","meta":{"_monsterinsights_skip_tracking":false,"_monsterinsights_sitenote_active":false,"_monsterinsights_sitenote_note":"","_monsterinsights_sitenote_category":0,"footnotes":""},"categories":[1],"tags":[],"class_list":["post-14042","post","type-post","status-publish","format-standard","has-post-thumbnail","hentry","category-sem-categoria"],"_links":{"self":[{"href":"https:\/\/pc.sc.gov.br\/index.php?rest_route=\/wp\/v2\/posts\/14042","targetHints":{"allow":["GET"]}}],"collection":[{"href":"https:\/\/pc.sc.gov.br\/index.php?rest_route=\/wp\/v2\/posts"}],"about":[{"href":"https:\/\/pc.sc.gov.br\/index.php?rest_route=\/wp\/v2\/types\/post"}],"author":[{"embeddable":true,"href":"https:\/\/pc.sc.gov.br\/index.php?rest_route=\/wp\/v2\/users\/5"}],"replies":[{"embeddable":true,"href":"https:\/\/pc.sc.gov.br\/index.php?rest_route=%2Fwp%2Fv2%2Fcomments&post=14042"}],"version-history":[{"count":4,"href":"https:\/\/pc.sc.gov.br\/index.php?rest_route=\/wp\/v2\/posts\/14042\/revisions"}],"predecessor-version":[{"id":14050,"href":"https:\/\/pc.sc.gov.br\/index.php?rest_route=\/wp\/v2\/posts\/14042\/revisions\/14050"}],"wp:featuredmedia":[{"embeddable":true,"href":"https:\/\/pc.sc.gov.br\/index.php?rest_route=\/wp\/v2\/media\/14043"}],"wp:attachment":[{"href":"https:\/\/pc.sc.gov.br\/index.php?rest_route=%2Fwp%2Fv2%2Fmedia&parent=14042"}],"wp:term":[{"taxonomy":"category","embeddable":true,"href":"https:\/\/pc.sc.gov.br\/index.php?rest_route=%2Fwp%2Fv2%2Fcategories&post=14042"},{"taxonomy":"post_tag","embeddable":true,"href":"https:\/\/pc.sc.gov.br\/index.php?rest_route=%2Fwp%2Fv2%2Ftags&post=14042"}],"curies":[{"name":"wp","href":"https:\/\/api.w.org\/{rel}","templated":true}]}}