{"id":14213,"date":"2023-10-09T15:03:52","date_gmt":"2023-10-09T18:03:52","guid":{"rendered":"https:\/\/pc.sc.gov.br\/?p=14213"},"modified":"2023-10-09T15:05:11","modified_gmt":"2023-10-09T18:05:11","slug":"policia-civil-prende-traficante-no-bairro-santa-monica-na-capital","status":"publish","type":"post","link":"https:\/\/pc.sc.gov.br\/?p=14213","title":{"rendered":"Pol\u00edcia Civil prende traficante no bairro Santa M\u00f4nica na Capital"},"content":{"rendered":"\t\t<div data-elementor-type=\"wp-post\" data-elementor-id=\"14213\" class=\"elementor elementor-14213\" data-elementor-post-type=\"post\">\n\t\t\t\t\t\t<section class=\"elementor-section elementor-top-section elementor-element elementor-element-11837e3 elementor-section-boxed elementor-section-height-default elementor-section-height-default\" data-id=\"11837e3\" data-element_type=\"section\">\n\t\t\t\t\t\t<div class=\"elementor-container elementor-column-gap-default\">\n\t\t\t\t\t<div class=\"elementor-column elementor-col-100 elementor-top-column elementor-element elementor-element-644f1f7\" data-id=\"644f1f7\" data-element_type=\"column\">\n\t\t\t<div class=\"elementor-widget-wrap elementor-element-populated\">\n\t\t\t\t\t\t<div class=\"elementor-element elementor-element-2ceac16 elementor-widget elementor-widget-heading\" data-id=\"2ceac16\" data-element_type=\"widget\" data-widget_type=\"heading.default\">\n\t\t\t\t<div class=\"elementor-widget-container\">\n\t\t\t\t\t<h2 class=\"elementor-heading-title elementor-size-default\">Pol\u00edcia Civil prende traficante no bairro Santa M\u00f4nica na Capital<\/h2>\t\t\t\t<\/div>\n\t\t\t\t<\/div>\n\t\t\t\t\t<\/div>\n\t\t<\/div>\n\t\t\t\t\t<\/div>\n\t\t<\/section>\n\t\t\t\t<section class=\"elementor-section elementor-top-section elementor-element elementor-element-a89cff3 elementor-section-boxed elementor-section-height-default elementor-section-height-default\" data-id=\"a89cff3\" data-element_type=\"section\">\n\t\t\t\t\t\t<div class=\"elementor-container elementor-column-gap-default\">\n\t\t\t\t\t<div class=\"elementor-column elementor-col-100 elementor-top-column elementor-element elementor-element-a8dadf6\" data-id=\"a8dadf6\" data-element_type=\"column\">\n\t\t\t<div class=\"elementor-widget-wrap elementor-element-populated\">\n\t\t\t\t\t\t<div class=\"elementor-element elementor-element-65cc9d8 elementor-widget elementor-widget-image\" data-id=\"65cc9d8\" data-element_type=\"widget\" data-widget_type=\"image.default\">\n\t\t\t\t<div class=\"elementor-widget-container\">\n\t\t\t\t\t\t\t\t\t\t\t\t\t\t\t<img fetchpriority=\"high\" decoding=\"async\" width=\"696\" height=\"522\" src=\"https:\/\/pc.sc.gov.br\/\/wp-content\/uploads\/2023\/10\/WhatsApp-Image-2023-10-06-at-18.37.51-1-1024x768.jpeg\" class=\"attachment-large size-large wp-image-14214\" alt=\"\" srcset=\"https:\/\/pc.sc.gov.br\/\/wp-content\/uploads\/2023\/10\/WhatsApp-Image-2023-10-06-at-18.37.51-1-1024x768.jpeg 1024w, https:\/\/pc.sc.gov.br\/\/wp-content\/uploads\/2023\/10\/WhatsApp-Image-2023-10-06-at-18.37.51-1-300x225.jpeg 300w, https:\/\/pc.sc.gov.br\/\/wp-content\/uploads\/2023\/10\/WhatsApp-Image-2023-10-06-at-18.37.51-1-768x576.jpeg 768w, https:\/\/pc.sc.gov.br\/\/wp-content\/uploads\/2023\/10\/WhatsApp-Image-2023-10-06-at-18.37.51-1-1536x1152.jpeg 1536w, https:\/\/pc.sc.gov.br\/\/wp-content\/uploads\/2023\/10\/WhatsApp-Image-2023-10-06-at-18.37.51-1.jpeg 1600w\" sizes=\"(max-width: 696px) 100vw, 696px\" \/>\t\t\t\t\t\t\t\t\t\t\t\t\t\t\t<\/div>\n\t\t\t\t<\/div>\n\t\t\t\t\t<\/div>\n\t\t<\/div>\n\t\t\t\t\t<\/div>\n\t\t<\/section>\n\t\t\t\t<section class=\"elementor-section elementor-top-section elementor-element elementor-element-b9d6dd6 elementor-section-boxed elementor-section-height-default elementor-section-height-default\" data-id=\"b9d6dd6\" data-element_type=\"section\">\n\t\t\t\t\t\t<div class=\"elementor-container elementor-column-gap-default\">\n\t\t\t\t\t<div class=\"elementor-column elementor-col-100 elementor-top-column elementor-element elementor-element-81b8332\" data-id=\"81b8332\" data-element_type=\"column\">\n\t\t\t<div class=\"elementor-widget-wrap elementor-element-populated\">\n\t\t\t\t\t\t<div class=\"elementor-element elementor-element-9ed297a elementor-widget elementor-widget-text-editor\" data-id=\"9ed297a\" data-element_type=\"widget\" data-widget_type=\"text-editor.default\">\n\t\t\t\t<div class=\"elementor-widget-container\">\n\t\t\t\t\t\t\t\t\t<p>Na sexta-feira (6), a Pol\u00edcia Civil de Santa Catarina, por meio da Delegacia de Combate \u00e0s Drogas do Departamento de Investiga\u00e7\u00f5es Criminais da Capital (DIC\/DECOD), efetuou mais uma pris\u00e3o relacionada ao tr\u00e1fico de drogas na Ilha de Santa Catarina. Em uma opera\u00e7\u00e3o que teve como base cumprimento de mandado de busca e apreens\u00e3o decorrente de investiga\u00e7\u00f5es focadas no tr\u00e1fico na regi\u00e3o do bairro Santa M\u00f4nica, os agentes prenderam em flagrante um homem.<br \/>Na resid\u00eancia do suspeito, a equipe encontrou quantidades de coca\u00edna, MDMA e maconha. Al\u00e9m das subst\u00e2ncias ilegais, foi identificada uma contabilidade detalhada do movimento criminoso, aparelhos celulares contendo diversas comunica\u00e7\u00f5es e encomendas e um vasto material destinado \u00e0 prepara\u00e7\u00e3o das drogas para venda, conte\u00fado comprobat\u00f3rio do crime e corroborando as investiga\u00e7\u00f5es da especializada.<br \/>O que torna a pris\u00e3o peculiar em rela\u00e7\u00e3o a outros traficantes da \u00e1rea \u00e9 a maneira como o homem conduzia seu neg\u00f3cio il\u00edcito. Ele oferecia n\u00e3o apenas drogas, mas tamb\u00e9m vendia kits prontos, que inclu\u00edam mini &#8220;cartinhas&#8221; para separa\u00e7\u00e3o das doses, &#8220;canudos&#8221; para consumo, e at\u00e9 bandeiras de times de futebol e estados brasileiros. <br \/>A Pol\u00edcia Civil ressalta a import\u00e2ncia da colabora\u00e7\u00e3o da popula\u00e7\u00e3o no combate ao tr\u00e1fico de drogas. Den\u00fancias an\u00f4nimas s\u00e3o ferramentas valiosas nessa luta e podem ser encaminhadas por meio de liga\u00e7\u00f5es para o n\u00famero 181, aos cuidados da DECOD. A identidade do denunciante \u00e9 mantida em absoluto sigilo, garantindo sua seguran\u00e7a e contribuindo para um ambiente mais seguro para todos.<\/p>\t\t\t\t\t\t\t\t<\/div>\n\t\t\t\t<\/div>\n\t\t\t\t\t<\/div>\n\t\t<\/div>\n\t\t\t\t\t<\/div>\n\t\t<\/section>\n\t\t\t\t<section class=\"elementor-section elementor-top-section elementor-element elementor-element-433aa4d elementor-section-boxed elementor-section-height-default elementor-section-height-default\" data-id=\"433aa4d\" data-element_type=\"section\">\n\t\t\t\t\t\t<div class=\"elementor-container elementor-column-gap-default\">\n\t\t\t\t\t<div class=\"elementor-column elementor-col-100 elementor-top-column elementor-element elementor-element-889c30f\" data-id=\"889c30f\" data-element_type=\"column\">\n\t\t\t<div class=\"elementor-widget-wrap elementor-element-populated\">\n\t\t\t\t\t\t<div class=\"elementor-element elementor-element-6dc89d7 elementor-widget elementor-widget-image\" data-id=\"6dc89d7\" data-element_type=\"widget\" data-widget_type=\"image.default\">\n\t\t\t\t<div class=\"elementor-widget-container\">\n\t\t\t\t\t\t\t\t\t\t\t\t\t\t\t<img decoding=\"async\" width=\"696\" height=\"928\" src=\"https:\/\/pc.sc.gov.br\/\/wp-content\/uploads\/2023\/10\/WhatsApp-Image-2023-10-06-at-18.37.51-768x1024.jpeg\" class=\"attachment-large size-large wp-image-14215\" alt=\"\" srcset=\"https:\/\/pc.sc.gov.br\/\/wp-content\/uploads\/2023\/10\/WhatsApp-Image-2023-10-06-at-18.37.51-768x1024.jpeg 768w, https:\/\/pc.sc.gov.br\/\/wp-content\/uploads\/2023\/10\/WhatsApp-Image-2023-10-06-at-18.37.51-225x300.jpeg 225w, https:\/\/pc.sc.gov.br\/\/wp-content\/uploads\/2023\/10\/WhatsApp-Image-2023-10-06-at-18.37.51-1152x1536.jpeg 1152w, https:\/\/pc.sc.gov.br\/\/wp-content\/uploads\/2023\/10\/WhatsApp-Image-2023-10-06-at-18.37.51.jpeg 1200w\" sizes=\"(max-width: 696px) 100vw, 696px\" \/>\t\t\t\t\t\t\t\t\t\t\t\t\t\t\t<\/div>\n\t\t\t\t<\/div>\n\t\t\t\t\t<\/div>\n\t\t<\/div>\n\t\t\t\t\t<\/div>\n\t\t<\/section>\n\t\t\t\t<\/div>\n\t\t","protected":false},"excerpt":{"rendered":"<p>Pol\u00edcia Civil prende traficante no bairro Santa M\u00f4nica na Capital Na sexta-feira (6), a Pol\u00edcia Civil de Santa Catarina, por meio da Delegacia de Combate \u00e0s Drogas do Departamento de Investiga\u00e7\u00f5es Criminais da Capital (DIC\/DECOD), efetuou mais uma pris\u00e3o relacionada ao tr\u00e1fico de drogas na Ilha de Santa Catarina. Em uma opera\u00e7\u00e3o que teve como [&hellip;]<\/p>\n","protected":false},"author":5,"featured_media":14214,"comment_status":"closed","ping_status":"open","sticky":false,"template":"","format":"standard","meta":{"_monsterinsights_skip_tracking":false,"_monsterinsights_sitenote_active":false,"_monsterinsights_sitenote_note":"","_monsterinsights_sitenote_category":0,"footnotes":""},"categories":[1],"tags":[],"class_list":["post-14213","post","type-post","status-publish","format-standard","has-post-thumbnail","hentry","category-sem-categoria"],"_links":{"self":[{"href":"https:\/\/pc.sc.gov.br\/index.php?rest_route=\/wp\/v2\/posts\/14213","targetHints":{"allow":["GET"]}}],"collection":[{"href":"https:\/\/pc.sc.gov.br\/index.php?rest_route=\/wp\/v2\/posts"}],"about":[{"href":"https:\/\/pc.sc.gov.br\/index.php?rest_route=\/wp\/v2\/types\/post"}],"author":[{"embeddable":true,"href":"https:\/\/pc.sc.gov.br\/index.php?rest_route=\/wp\/v2\/users\/5"}],"replies":[{"embeddable":true,"href":"https:\/\/pc.sc.gov.br\/index.php?rest_route=%2Fwp%2Fv2%2Fcomments&post=14213"}],"version-history":[{"count":4,"href":"https:\/\/pc.sc.gov.br\/index.php?rest_route=\/wp\/v2\/posts\/14213\/revisions"}],"predecessor-version":[{"id":14219,"href":"https:\/\/pc.sc.gov.br\/index.php?rest_route=\/wp\/v2\/posts\/14213\/revisions\/14219"}],"wp:featuredmedia":[{"embeddable":true,"href":"https:\/\/pc.sc.gov.br\/index.php?rest_route=\/wp\/v2\/media\/14214"}],"wp:attachment":[{"href":"https:\/\/pc.sc.gov.br\/index.php?rest_route=%2Fwp%2Fv2%2Fmedia&parent=14213"}],"wp:term":[{"taxonomy":"category","embeddable":true,"href":"https:\/\/pc.sc.gov.br\/index.php?rest_route=%2Fwp%2Fv2%2Fcategories&post=14213"},{"taxonomy":"post_tag","embeddable":true,"href":"https:\/\/pc.sc.gov.br\/index.php?rest_route=%2Fwp%2Fv2%2Ftags&post=14213"}],"curies":[{"name":"wp","href":"https:\/\/api.w.org\/{rel}","templated":true}]}}