{"id":14374,"date":"2023-10-16T17:37:19","date_gmt":"2023-10-16T20:37:19","guid":{"rendered":"https:\/\/pc.sc.gov.br\/?p=14374"},"modified":"2023-10-16T17:44:03","modified_gmt":"2023-10-16T20:44:03","slug":"policia-civil-lanca-edital-com-60-vagas-sendo-30-para-delegado-substituto-e-30-para-psicologo-policial-civil","status":"publish","type":"post","link":"https:\/\/pc.sc.gov.br\/?p=14374","title":{"rendered":"Pol\u00edcia Civil lan\u00e7a edital com 60 vagas, sendo 30 para delegado substituto e 30 para psic\u00f3logo policial civil"},"content":{"rendered":"\t\t<div data-elementor-type=\"wp-post\" data-elementor-id=\"14374\" class=\"elementor elementor-14374\" data-elementor-post-type=\"post\">\n\t\t\t\t\t\t<section class=\"elementor-section elementor-top-section elementor-element elementor-element-04718e0 elementor-section-boxed elementor-section-height-default elementor-section-height-default\" data-id=\"04718e0\" data-element_type=\"section\">\n\t\t\t\t\t\t<div class=\"elementor-container elementor-column-gap-default\">\n\t\t\t\t\t<div class=\"elementor-column elementor-col-100 elementor-top-column elementor-element elementor-element-91df4a9\" data-id=\"91df4a9\" data-element_type=\"column\">\n\t\t\t<div class=\"elementor-widget-wrap elementor-element-populated\">\n\t\t\t\t\t\t<div class=\"elementor-element elementor-element-df266aa elementor-widget elementor-widget-heading\" data-id=\"df266aa\" data-element_type=\"widget\" data-widget_type=\"heading.default\">\n\t\t\t\t<div class=\"elementor-widget-container\">\n\t\t\t\t\t<h2 class=\"elementor-heading-title elementor-size-default\">Pol\u00edcia Civil lan\u00e7a edital com 60 vagas, sendo 30 para delegado substituto e 30 para psic\u00f3logo policial civil<\/h2>\t\t\t\t<\/div>\n\t\t\t\t<\/div>\n\t\t\t\t\t<\/div>\n\t\t<\/div>\n\t\t\t\t\t<\/div>\n\t\t<\/section>\n\t\t\t\t<section class=\"elementor-section elementor-top-section elementor-element elementor-element-b2ea4c0 elementor-section-boxed elementor-section-height-default elementor-section-height-default\" data-id=\"b2ea4c0\" data-element_type=\"section\">\n\t\t\t\t\t\t<div class=\"elementor-container elementor-column-gap-default\">\n\t\t\t\t\t<div class=\"elementor-column elementor-col-100 elementor-top-column elementor-element elementor-element-1f01198\" data-id=\"1f01198\" data-element_type=\"column\">\n\t\t\t<div class=\"elementor-widget-wrap elementor-element-populated\">\n\t\t\t\t\t\t<div class=\"elementor-element elementor-element-11b6be7 elementor-widget elementor-widget-image\" data-id=\"11b6be7\" data-element_type=\"widget\" data-widget_type=\"image.default\">\n\t\t\t\t<div class=\"elementor-widget-container\">\n\t\t\t\t\t\t\t\t\t\t\t\t\t\t\t<img fetchpriority=\"high\" decoding=\"async\" width=\"696\" height=\"696\" src=\"https:\/\/pc.sc.gov.br\/\/wp-content\/uploads\/2023\/10\/WhatsApp-Image-2023-10-16-at-17.11.50.jpeg\" class=\"attachment-large size-large wp-image-14375\" alt=\"\" srcset=\"https:\/\/pc.sc.gov.br\/\/wp-content\/uploads\/2023\/10\/WhatsApp-Image-2023-10-16-at-17.11.50.jpeg 768w, https:\/\/pc.sc.gov.br\/\/wp-content\/uploads\/2023\/10\/WhatsApp-Image-2023-10-16-at-17.11.50-300x300.jpeg 300w, https:\/\/pc.sc.gov.br\/\/wp-content\/uploads\/2023\/10\/WhatsApp-Image-2023-10-16-at-17.11.50-150x150.jpeg 150w\" sizes=\"(max-width: 696px) 100vw, 696px\" \/>\t\t\t\t\t\t\t\t\t\t\t\t\t\t\t<\/div>\n\t\t\t\t<\/div>\n\t\t\t\t\t<\/div>\n\t\t<\/div>\n\t\t\t\t\t<\/div>\n\t\t<\/section>\n\t\t\t\t<section class=\"elementor-section elementor-top-section elementor-element elementor-element-0ec4f8c elementor-section-boxed elementor-section-height-default elementor-section-height-default\" data-id=\"0ec4f8c\" data-element_type=\"section\">\n\t\t\t\t\t\t<div class=\"elementor-container elementor-column-gap-default\">\n\t\t\t\t\t<div class=\"elementor-column elementor-col-100 elementor-top-column elementor-element elementor-element-e414716\" data-id=\"e414716\" data-element_type=\"column\">\n\t\t\t<div class=\"elementor-widget-wrap elementor-element-populated\">\n\t\t\t\t\t\t<div class=\"elementor-element elementor-element-f276dda elementor-widget elementor-widget-text-editor\" data-id=\"f276dda\" data-element_type=\"widget\" data-widget_type=\"text-editor.default\">\n\t\t\t\t<div class=\"elementor-widget-container\">\n\t\t\t\t\t\t\t\t\t<p>A Pol\u00edcia Civil de Santa Catarina lan\u00e7ou nesta segunda-feira (16) o edital para o Concurso P\u00fablico destinado ao provimento de 30 vagas na carreira de Delegado de Pol\u00edcia Substituto e 30 vagas para o cargo de Psic\u00f3logo Policial.<\/p>\n<p>Para efetuar sua inscri\u00e7\u00e3o, o interessado dever\u00e1 acessar, via Internet, o site eletr\u00f4nico https:\/\/conhecimento.fgv.br\/concursos\/ pcsc23, a partir das 16h do dia 23 de outubro de 2023 at\u00e9 as 16h do dia 21 de novembro de 2023, de acordo com o hor\u00e1rio oficial de Bras\u00edlia. A aplica\u00e7\u00e3o da prova objetiva, para ambas carreiras, est\u00e1 prevista para o dia 28 de janeiro de 2024.<\/p>\n<p>O concurso para delegados ter\u00e1 oito fases, sendo elas: 1\u00aa fase: Prova Objetiva (eliminat\u00f3ria\/classificat\u00f3ria); 2\u00aa fase: Prova Dissertativa (eliminat\u00f3ria\/classificat\u00f3ria); 3\u00aa fase: Prova de Capacidade F\u00edsica (eliminat\u00f3ria);&nbsp; 4\u00aa fase: Prova Oral (eliminat\u00f3ria);&nbsp; 5\u00aa fase: Investiga\u00e7\u00e3o Social (eliminat\u00f3ria);&nbsp; 6\u00aa fase: Avalia\u00e7\u00e3o Psicol\u00f3gica (eliminat\u00f3ria); 7\u00aa fase: Exame Toxicol\u00f3gico de Larga Janela de Detec\u00e7\u00e3o (eliminat\u00f3ria); e 8\u00aa fase: Avalia\u00e7\u00e3o de T\u00edtulos (classificat\u00f3ria).<\/p>\n<p>O concurso p\u00fablico para ingresso na carreira de Psic\u00f3logo Policial Civil \u00e9 composto por seis fases: 1\u00aa fase: Prova Objetiva (eliminat\u00f3ria\/classificat\u00f3ria);&nbsp; 2\u00aa fase: Prova de Capacidade F\u00edsica (eliminat\u00f3ria); 3\u00aa Fase: Investiga\u00e7\u00e3o Social (eliminat\u00f3ria); d) 4\u00aa Fase: Avalia\u00e7\u00e3o Psicol\u00f3gica (eliminat\u00f3ria); e) 5\u00aa Fase: Exame Toxicol\u00f3gico de Larga Janela de Detec\u00e7\u00e3o (eliminat\u00f3ria); e f) 6\u00aa Fase:Avalia\u00e7\u00e3o de T\u00edtulos (classificat\u00f3ria).<\/p>\n<p>Os editais de abertura, de retifica\u00e7\u00e3o (se for o caso) e de homologa\u00e7\u00e3o, ser\u00e3o publicados no&nbsp;<a href=\"https:\/\/portal.doe.sea.sc.gov.br\/v165\/#\/portal\" target=\"_blank\">Di\u00e1rio Oficial do Estado de Santa Catarina<\/a>&nbsp;(<a href=\"http:\/\/A Pol\u00edcia Civil de Santa Catarina lan\u00e7ou nesta segunda-feira (16) o edital para o Concurso P\u00fablico destinado ao provimento de 30 vagas na carreira de Delegado de Pol\u00edcia Substituto e 30 vagas para o cargo de Psic\u00f3logo Policial. Para efetuar sua inscri\u00e7\u00e3o, o interessado dever\u00e1 acessar, via Internet, o site eletr\u00f4nico https:\/\/conhecimento.fgv.br\/concursos\/ pcsc23, a partir das 16h do dia 23 de outubro de 2023 at\u00e9 as 16h do dia 21 de novembro de 2023, de acordo com o hor\u00e1rio oficial de Bras\u00edlia. A aplica\u00e7\u00e3o da prova objetiva, para ambas carreiras, est\u00e1 prevista para o dia 28 de janeiro de 2024. O concurso para delegados ter\u00e1 oito fases, sendo elas: 1\u00aa fase: Prova Objetiva (eliminat\u00f3ria\/classificat\u00f3ria); 2\u00aa fase: Prova Dissertativa (eliminat\u00f3ria\/classificat\u00f3ria); 3\u00aa fase: Prova de Capacidade F\u00edsica (eliminat\u00f3ria); 4\u00aa fase: Prova Oral (eliminat\u00f3ria); 5\u00aa fase: Investiga\u00e7\u00e3o Social (eliminat\u00f3ria); 6\u00aa fase: Avalia\u00e7\u00e3o Psicol\u00f3gica (eliminat\u00f3ria); 7\u00aa fase: Exame Toxicol\u00f3gico de Larga Janela de Detec\u00e7\u00e3o (eliminat\u00f3ria); e 8\u00aa fase: Avalia\u00e7\u00e3o de T\u00edtulos (classificat\u00f3ria). O concurso p\u00fablico para ingresso na carreira de Psic\u00f3logo Policial Civil \u00e9 composto por seis fases: 1\u00aa fase: Prova Objetiva (eliminat\u00f3ria\/classificat\u00f3ria); 2\u00aa fase: Prova de Capacidade F\u00edsica (eliminat\u00f3ria); 3\u00aa Fase: Investiga\u00e7\u00e3o Social (eliminat\u00f3ria); d) 4\u00aa Fase: Avalia\u00e7\u00e3o Psicol\u00f3gica (eliminat\u00f3ria); e) 5\u00aa Fase: Exame Toxicol\u00f3gico de Larga Janela de Detec\u00e7\u00e3o (eliminat\u00f3ria); e f) 6\u00aa Fase:Avalia\u00e7\u00e3o de T\u00edtulos (classificat\u00f3ria). Os editais de abertura, de retifica\u00e7\u00e3o (se for o caso) e de homologa\u00e7\u00e3o, ser\u00e3o publicados no Di\u00e1rio Oficial do Estado de Santa Catarina (DOE-SC) e divulgados na Internet, no site eletr\u00f4nico https:\/\/conhecimento.fgv.br\/concursos\/pcsc23. Todas as informa\u00e7\u00f5es est\u00e3o publicadas no Di\u00e1rio Oficial, edi\u00e7\u00e3o de 16\/10\/2023 dispon\u00edvel no link https:\/\/portal.doe.sea.sc.gov.br\/repositorio\/2023\/20231016\/Jornal\/22124.pdf\" target=\"_blank\">DOE-SC<\/a>) e divulgados na Internet, no site eletr\u00f4nico&nbsp;<a href=\"https:\/\/conhecimento.fgv.br\/concursos\/pcsc23\" target=\"_blank\">https:\/\/conhecimento.fgv.br\/concursos\/pcsc23<\/a>.<\/p>\n<p>Todas as informa\u00e7\u00f5es est\u00e3o publicadas no Di\u00e1rio Oficial, edi\u00e7\u00e3o de 16\/10\/2023.<\/p>\t\t\t\t\t\t\t\t<\/div>\n\t\t\t\t<\/div>\n\t\t\t\t\t<\/div>\n\t\t<\/div>\n\t\t\t\t\t<\/div>\n\t\t<\/section>\n\t\t\t\t<\/div>\n\t\t","protected":false},"excerpt":{"rendered":"<p>Pol\u00edcia Civil lan\u00e7a edital com 60 vagas, sendo 30 para delegado substituto e 30 para psic\u00f3logo policial civil A Pol\u00edcia Civil de Santa Catarina lan\u00e7ou nesta segunda-feira (16) o edital para o Concurso P\u00fablico destinado ao provimento de 30 vagas na carreira de Delegado de Pol\u00edcia Substituto e 30 vagas para o cargo de Psic\u00f3logo [&hellip;]<\/p>\n","protected":false},"author":5,"featured_media":14375,"comment_status":"closed","ping_status":"open","sticky":false,"template":"","format":"standard","meta":{"_monsterinsights_skip_tracking":false,"_monsterinsights_sitenote_active":false,"_monsterinsights_sitenote_note":"","_monsterinsights_sitenote_category":0,"footnotes":""},"categories":[1],"tags":[],"class_list":["post-14374","post","type-post","status-publish","format-standard","has-post-thumbnail","hentry","category-sem-categoria"],"_links":{"self":[{"href":"https:\/\/pc.sc.gov.br\/index.php?rest_route=\/wp\/v2\/posts\/14374","targetHints":{"allow":["GET"]}}],"collection":[{"href":"https:\/\/pc.sc.gov.br\/index.php?rest_route=\/wp\/v2\/posts"}],"about":[{"href":"https:\/\/pc.sc.gov.br\/index.php?rest_route=\/wp\/v2\/types\/post"}],"author":[{"embeddable":true,"href":"https:\/\/pc.sc.gov.br\/index.php?rest_route=\/wp\/v2\/users\/5"}],"replies":[{"embeddable":true,"href":"https:\/\/pc.sc.gov.br\/index.php?rest_route=%2Fwp%2Fv2%2Fcomments&post=14374"}],"version-history":[{"count":13,"href":"https:\/\/pc.sc.gov.br\/index.php?rest_route=\/wp\/v2\/posts\/14374\/revisions"}],"predecessor-version":[{"id":14388,"href":"https:\/\/pc.sc.gov.br\/index.php?rest_route=\/wp\/v2\/posts\/14374\/revisions\/14388"}],"wp:featuredmedia":[{"embeddable":true,"href":"https:\/\/pc.sc.gov.br\/index.php?rest_route=\/wp\/v2\/media\/14375"}],"wp:attachment":[{"href":"https:\/\/pc.sc.gov.br\/index.php?rest_route=%2Fwp%2Fv2%2Fmedia&parent=14374"}],"wp:term":[{"taxonomy":"category","embeddable":true,"href":"https:\/\/pc.sc.gov.br\/index.php?rest_route=%2Fwp%2Fv2%2Fcategories&post=14374"},{"taxonomy":"post_tag","embeddable":true,"href":"https:\/\/pc.sc.gov.br\/index.php?rest_route=%2Fwp%2Fv2%2Ftags&post=14374"}],"curies":[{"name":"wp","href":"https:\/\/api.w.org\/{rel}","templated":true}]}}