{"id":14412,"date":"2023-10-18T15:35:03","date_gmt":"2023-10-18T18:35:03","guid":{"rendered":"https:\/\/pc.sc.gov.br\/?p=14412"},"modified":"2023-10-18T15:57:35","modified_gmt":"2023-10-18T18:57:35","slug":"acadepol-recebe-nota-maxima-na-avaliacao-para-seu-recredenciamento-como-escola-de-governo-ies","status":"publish","type":"post","link":"https:\/\/pc.sc.gov.br\/?p=14412","title":{"rendered":"Acadepol recebe nota m\u00e1xima na avalia\u00e7\u00e3o para seu recredenciamento como Escola de Governo\/IES"},"content":{"rendered":"\t\t<div data-elementor-type=\"wp-post\" data-elementor-id=\"14412\" class=\"elementor elementor-14412\" data-elementor-post-type=\"post\">\n\t\t\t\t\t\t<section class=\"elementor-section elementor-top-section elementor-element elementor-element-9e9bdf5 elementor-section-boxed elementor-section-height-default elementor-section-height-default\" data-id=\"9e9bdf5\" data-element_type=\"section\">\n\t\t\t\t\t\t<div class=\"elementor-container elementor-column-gap-default\">\n\t\t\t\t\t<div class=\"elementor-column elementor-col-100 elementor-top-column elementor-element elementor-element-5780abb\" data-id=\"5780abb\" data-element_type=\"column\">\n\t\t\t<div class=\"elementor-widget-wrap elementor-element-populated\">\n\t\t\t\t\t\t<div class=\"elementor-element elementor-element-b37fc7b elementor-widget elementor-widget-heading\" data-id=\"b37fc7b\" data-element_type=\"widget\" data-widget_type=\"heading.default\">\n\t\t\t\t<div class=\"elementor-widget-container\">\n\t\t\t\t\t<h2 class=\"elementor-heading-title elementor-size-default\">Acadepol recebe nota m\u00e1xima na avalia\u00e7\u00e3o para seu recredenciamento como Escola de Governo\/IES<\/h2>\t\t\t\t<\/div>\n\t\t\t\t<\/div>\n\t\t\t\t\t<\/div>\n\t\t<\/div>\n\t\t\t\t\t<\/div>\n\t\t<\/section>\n\t\t\t\t<section class=\"elementor-section elementor-top-section elementor-element elementor-element-dab1e8f elementor-section-boxed elementor-section-height-default elementor-section-height-default\" data-id=\"dab1e8f\" data-element_type=\"section\">\n\t\t\t\t\t\t<div class=\"elementor-container elementor-column-gap-default\">\n\t\t\t\t\t<div class=\"elementor-column elementor-col-100 elementor-top-column elementor-element elementor-element-3c5ba9e\" data-id=\"3c5ba9e\" data-element_type=\"column\">\n\t\t\t<div class=\"elementor-widget-wrap elementor-element-populated\">\n\t\t\t\t\t\t<div class=\"elementor-element elementor-element-f074ce9 elementor-widget elementor-widget-image\" data-id=\"f074ce9\" data-element_type=\"widget\" data-widget_type=\"image.default\">\n\t\t\t\t<div class=\"elementor-widget-container\">\n\t\t\t\t\t\t\t\t\t\t\t\t\t\t\t<img fetchpriority=\"high\" decoding=\"async\" width=\"614\" height=\"379\" src=\"https:\/\/pc.sc.gov.br\/\/wp-content\/uploads\/2023\/10\/WhatsApp-Image-2023-10-18-at-15.40.12.jpeg\" class=\"attachment-large size-large wp-image-14415\" alt=\"\" srcset=\"https:\/\/pc.sc.gov.br\/\/wp-content\/uploads\/2023\/10\/WhatsApp-Image-2023-10-18-at-15.40.12.jpeg 614w, https:\/\/pc.sc.gov.br\/\/wp-content\/uploads\/2023\/10\/WhatsApp-Image-2023-10-18-at-15.40.12-300x185.jpeg 300w\" sizes=\"(max-width: 614px) 100vw, 614px\" \/>\t\t\t\t\t\t\t\t\t\t\t\t\t\t\t<\/div>\n\t\t\t\t<\/div>\n\t\t\t\t\t<\/div>\n\t\t<\/div>\n\t\t\t\t\t<\/div>\n\t\t<\/section>\n\t\t\t\t<section class=\"elementor-section elementor-top-section elementor-element elementor-element-bbdabeb elementor-section-boxed elementor-section-height-default elementor-section-height-default\" data-id=\"bbdabeb\" data-element_type=\"section\">\n\t\t\t\t\t\t<div class=\"elementor-container elementor-column-gap-default\">\n\t\t\t\t\t<div class=\"elementor-column elementor-col-100 elementor-top-column elementor-element elementor-element-2cf5922\" data-id=\"2cf5922\" data-element_type=\"column\">\n\t\t\t<div class=\"elementor-widget-wrap elementor-element-populated\">\n\t\t\t\t\t\t<div class=\"elementor-element elementor-element-30848ab elementor-widget elementor-widget-text-editor\" data-id=\"30848ab\" data-element_type=\"widget\" data-widget_type=\"text-editor.default\">\n\t\t\t\t<div class=\"elementor-widget-container\">\n\t\t\t\t\t\t\t\t\t<p>A Academia da Pol\u00edcia Civil (Acadepol) recebeu nota m\u00e1xima na avalia\u00e7\u00e3o realizada pelo Conselho Estadual de Educa\u00e7\u00e3o (CEE), para o seu recredenciamento como Escola de Governo\/IES. Ap\u00f3s visitar as depend\u00eancias da Academia, conhecer a estrutura f\u00edsica, projeto pedag\u00f3gico, corpo docente, entre outros aspectos, os conselheiros Sergio Murilo Schutz e M\u00e1rio Cesar Barreto Moraes, avaliaram que a Acadepol merecia nota m\u00e1xima, ou seja 5. Importante destacar que, al\u00e9m das capacita\u00e7\u00f5es, a Acadepol tem cursos de p\u00f3s-gradua\u00e7\u00e3o lato sensu em Gest\u00e3o de Seguran\u00e7a P\u00fablica e em Ci\u00eancias Policiais e Investiga\u00e7\u00e3o Criminal.<\/p><p>Para o delegado-geral, Ulisses Gabriel, a nota traduz a qualidade da institui\u00e7\u00e3o e que repercute diretamente no desempenho no dia a dia dos policiais civis. \u201cEssa nota s\u00f3 foi poss\u00edvel por conta do \u00e1rduo trabalho de seus integrantes e tamb\u00e9m de seus ex-integrantes, que est\u00e3o aposentados ou atuando em outras lota\u00e7\u00f5es e atividades, que fazem parte dessa hist\u00f3ria\u201d, pontuou o delegado Ulisses.<\/p><p>O Diretor da Acadepol, delegado Andr\u00e9 Bermudez, destacou que a avalia\u00e7\u00e3o dos conselheiros contempla os seguintes aspectos: avalia\u00e7\u00e3o institucional, referente a toda a estrutura f\u00edsica da Academia de Pol\u00edcia, as estruturas disponibilizadas para o aluno, como sala de professores, biblioteca, entre outros, a qualidade do plano pedag\u00f3gico dos cursos, em especial dos cursos de p\u00f3s-gradua\u00e7\u00e3o, a gest\u00e3o acad\u00eamica institucional, em especial, as formas de registro, de planejamento de a\u00e7\u00f5es educativas, bem como o desenvolvimento humano da equipe t\u00e9cnica presente na Academia de Pol\u00edcia. \u201cPara al\u00e9m disso, o est\u00edmulo \u00e0 pesquisa e extens\u00e3o com a qualifica\u00e7\u00e3o de profissionais, professores, mestres e doutores no quadro da Academia de Pol\u00edcia\u201d, assinalou o delegado Bermudez.<\/p><p>Numa sociedade com r\u00e1pidas e amplas transforma\u00e7\u00f5es, o conhecimento que embasa e subsidia as a\u00e7\u00f5es policiais igualmente precisa acompanhar as mudan\u00e7as e, preferencialmente, antecipar-se aos desdobramentos que possam repercutir na seguran\u00e7a p\u00fablica.\u00a0<\/p><p>Nesta perspectiva, a Acadepol mant\u00e9m os policiais civis numa rotina de atualiza\u00e7\u00e3o de procedimentos, t\u00e9cnicas e processos, com foco na inova\u00e7\u00e3o e na tecnologia. No portf\u00f3lio de cursos da institui\u00e7\u00e3o s\u00e3o oferecidos forma\u00e7\u00f5es nas modalidades presencial ou online, o que facilita o acesso de todos os policiais civis. Lei Geral de Prote\u00e7\u00e3o de dados pessoais, capacita\u00e7\u00e3o em entrevista investigada adaptada ao depoimento especial; investiga\u00e7\u00e3o por meios eletr\u00f4nicos e fontes abertas, investiga\u00e7\u00e3o cibern\u00e9tica e an\u00e1lise de dados; curso de extra\u00e7\u00e3o de dados em dispositivos m\u00f3veis s\u00e3o algumas das capacita\u00e7\u00f5es oferecidas.<\/p><p>Apenas em 2023, mais de 3,5 mil policiais passaram por treinamento na institui\u00e7\u00e3o. A Academia tamb\u00e9m tem um trabalho itinerante para que al\u00e9m de otimizar os recursos, permite que o compartilhamento do conhecimento t\u00e9cnico e pr\u00e1tico com aulas presenciais em todas as regi\u00f5es do estado.<\/p><div>\u00a0<\/div>\t\t\t\t\t\t\t\t<\/div>\n\t\t\t\t<\/div>\n\t\t\t\t\t<\/div>\n\t\t<\/div>\n\t\t\t\t\t<\/div>\n\t\t<\/section>\n\t\t\t\t<\/div>\n\t\t","protected":false},"excerpt":{"rendered":"<p>Acadepol recebe nota m\u00e1xima na avalia\u00e7\u00e3o para seu recredenciamento como Escola de Governo\/IES A Academia da Pol\u00edcia Civil (Acadepol) recebeu nota m\u00e1xima na avalia\u00e7\u00e3o realizada pelo Conselho Estadual de Educa\u00e7\u00e3o (CEE), para o seu recredenciamento como Escola de Governo\/IES. Ap\u00f3s visitar as depend\u00eancias da Academia, conhecer a estrutura f\u00edsica, projeto pedag\u00f3gico, corpo docente, entre outros [&hellip;]<\/p>\n","protected":false},"author":5,"featured_media":14415,"comment_status":"closed","ping_status":"open","sticky":false,"template":"","format":"standard","meta":{"_monsterinsights_skip_tracking":false,"_monsterinsights_sitenote_active":false,"_monsterinsights_sitenote_note":"","_monsterinsights_sitenote_category":0,"footnotes":""},"categories":[1],"tags":[],"class_list":["post-14412","post","type-post","status-publish","format-standard","has-post-thumbnail","hentry","category-sem-categoria"],"_links":{"self":[{"href":"https:\/\/pc.sc.gov.br\/index.php?rest_route=\/wp\/v2\/posts\/14412","targetHints":{"allow":["GET"]}}],"collection":[{"href":"https:\/\/pc.sc.gov.br\/index.php?rest_route=\/wp\/v2\/posts"}],"about":[{"href":"https:\/\/pc.sc.gov.br\/index.php?rest_route=\/wp\/v2\/types\/post"}],"author":[{"embeddable":true,"href":"https:\/\/pc.sc.gov.br\/index.php?rest_route=\/wp\/v2\/users\/5"}],"replies":[{"embeddable":true,"href":"https:\/\/pc.sc.gov.br\/index.php?rest_route=%2Fwp%2Fv2%2Fcomments&post=14412"}],"version-history":[{"count":4,"href":"https:\/\/pc.sc.gov.br\/index.php?rest_route=\/wp\/v2\/posts\/14412\/revisions"}],"predecessor-version":[{"id":14419,"href":"https:\/\/pc.sc.gov.br\/index.php?rest_route=\/wp\/v2\/posts\/14412\/revisions\/14419"}],"wp:featuredmedia":[{"embeddable":true,"href":"https:\/\/pc.sc.gov.br\/index.php?rest_route=\/wp\/v2\/media\/14415"}],"wp:attachment":[{"href":"https:\/\/pc.sc.gov.br\/index.php?rest_route=%2Fwp%2Fv2%2Fmedia&parent=14412"}],"wp:term":[{"taxonomy":"category","embeddable":true,"href":"https:\/\/pc.sc.gov.br\/index.php?rest_route=%2Fwp%2Fv2%2Fcategories&post=14412"},{"taxonomy":"post_tag","embeddable":true,"href":"https:\/\/pc.sc.gov.br\/index.php?rest_route=%2Fwp%2Fv2%2Ftags&post=14412"}],"curies":[{"name":"wp","href":"https:\/\/api.w.org\/{rel}","templated":true}]}}