{"id":14430,"date":"2023-10-18T16:53:07","date_gmt":"2023-10-18T19:53:07","guid":{"rendered":"https:\/\/pc.sc.gov.br\/?p=14430"},"modified":"2023-10-18T16:54:47","modified_gmt":"2023-10-18T19:54:47","slug":"acao-conjunta-entre-policias-civil-e-militar-resultam-em-apreensao-de-drogas-na-capital","status":"publish","type":"post","link":"https:\/\/pc.sc.gov.br\/?p=14430","title":{"rendered":"A\u00e7\u00e3o conjunta entre Pol\u00edcias Civil e Militar resulta em apreens\u00e3o de drogas na Capital"},"content":{"rendered":"\t\t<div data-elementor-type=\"wp-post\" data-elementor-id=\"14430\" class=\"elementor elementor-14430\" data-elementor-post-type=\"post\">\n\t\t\t\t\t\t<section class=\"elementor-section elementor-top-section elementor-element elementor-element-18185ae elementor-section-boxed elementor-section-height-default elementor-section-height-default\" data-id=\"18185ae\" data-element_type=\"section\">\n\t\t\t\t\t\t<div class=\"elementor-container elementor-column-gap-default\">\n\t\t\t\t\t<div class=\"elementor-column elementor-col-100 elementor-top-column elementor-element elementor-element-c197221\" data-id=\"c197221\" data-element_type=\"column\">\n\t\t\t<div class=\"elementor-widget-wrap elementor-element-populated\">\n\t\t\t\t\t\t<div class=\"elementor-element elementor-element-08bcea7 elementor-widget elementor-widget-heading\" data-id=\"08bcea7\" data-element_type=\"widget\" data-widget_type=\"heading.default\">\n\t\t\t\t<div class=\"elementor-widget-container\">\n\t\t\t\t\t<h2 class=\"elementor-heading-title elementor-size-default\">A\u00e7\u00e3o conjunta entre Pol\u00edcias Civil e Militar resulta em apreens\u00e3o de drogas na Capital<\/h2>\t\t\t\t<\/div>\n\t\t\t\t<\/div>\n\t\t\t\t\t<\/div>\n\t\t<\/div>\n\t\t\t\t\t<\/div>\n\t\t<\/section>\n\t\t\t\t<section class=\"elementor-section elementor-top-section elementor-element elementor-element-02eca9d elementor-section-boxed elementor-section-height-default elementor-section-height-default\" data-id=\"02eca9d\" data-element_type=\"section\">\n\t\t\t\t\t\t<div class=\"elementor-container elementor-column-gap-default\">\n\t\t\t\t\t<div class=\"elementor-column elementor-col-100 elementor-top-column elementor-element elementor-element-c4772e4\" data-id=\"c4772e4\" data-element_type=\"column\">\n\t\t\t<div class=\"elementor-widget-wrap elementor-element-populated\">\n\t\t\t\t\t\t<div class=\"elementor-element elementor-element-c09f78d elementor-widget elementor-widget-image\" data-id=\"c09f78d\" data-element_type=\"widget\" data-widget_type=\"image.default\">\n\t\t\t\t<div class=\"elementor-widget-container\">\n\t\t\t\t\t\t\t\t\t\t\t\t\t\t\t<img fetchpriority=\"high\" decoding=\"async\" width=\"696\" height=\"522\" src=\"https:\/\/pc.sc.gov.br\/\/wp-content\/uploads\/2023\/10\/WhatsApp-Image-2023-10-18-at-10.53.59-1-1024x768.jpeg\" class=\"attachment-large size-large wp-image-14431\" alt=\"\" srcset=\"https:\/\/pc.sc.gov.br\/\/wp-content\/uploads\/2023\/10\/WhatsApp-Image-2023-10-18-at-10.53.59-1-1024x768.jpeg 1024w, https:\/\/pc.sc.gov.br\/\/wp-content\/uploads\/2023\/10\/WhatsApp-Image-2023-10-18-at-10.53.59-1-300x225.jpeg 300w, https:\/\/pc.sc.gov.br\/\/wp-content\/uploads\/2023\/10\/WhatsApp-Image-2023-10-18-at-10.53.59-1-768x576.jpeg 768w, https:\/\/pc.sc.gov.br\/\/wp-content\/uploads\/2023\/10\/WhatsApp-Image-2023-10-18-at-10.53.59-1-1536x1152.jpeg 1536w, https:\/\/pc.sc.gov.br\/\/wp-content\/uploads\/2023\/10\/WhatsApp-Image-2023-10-18-at-10.53.59-1.jpeg 1600w\" sizes=\"(max-width: 696px) 100vw, 696px\" \/>\t\t\t\t\t\t\t\t\t\t\t\t\t\t\t<\/div>\n\t\t\t\t<\/div>\n\t\t\t\t\t<\/div>\n\t\t<\/div>\n\t\t\t\t\t<\/div>\n\t\t<\/section>\n\t\t\t\t<section class=\"elementor-section elementor-top-section elementor-element elementor-element-70e3202 elementor-section-boxed elementor-section-height-default elementor-section-height-default\" data-id=\"70e3202\" data-element_type=\"section\">\n\t\t\t\t\t\t<div class=\"elementor-container elementor-column-gap-default\">\n\t\t\t\t\t<div class=\"elementor-column elementor-col-100 elementor-top-column elementor-element elementor-element-9bc3396\" data-id=\"9bc3396\" data-element_type=\"column\">\n\t\t\t<div class=\"elementor-widget-wrap elementor-element-populated\">\n\t\t\t\t\t\t<div class=\"elementor-element elementor-element-5e0e3fc elementor-widget elementor-widget-text-editor\" data-id=\"5e0e3fc\" data-element_type=\"widget\" data-widget_type=\"text-editor.default\">\n\t\t\t\t<div class=\"elementor-widget-container\">\n\t\t\t\t\t\t\t\t\t<p>Nesta quarta-feira (18), uma a\u00e7\u00e3o conjunta entre a Pol\u00edcia Civil de Santa Catarina, por meio da Delegacia de Combate \u00e0s Drogas do Departamento de Investiga\u00e7\u00e3o Criminal da Capital (DECOD\/DIC), em parceria com o N\u00facleo de Intelig\u00eancia da Capital, e o 22\u00ba Batalh\u00e3o de Pol\u00edcia Militar foi deflagrada para o cumprimento de dois mandados de busca e apreens\u00e3o na Comunidade Chico Mendes, na Capital. A opera\u00e7\u00e3o resultou na apreens\u00e3o de quantidades de maconha, crack e um simulacro de arma de fogo.<br \/>Essa a\u00e7\u00e3o conjunta \u00e9 fruto de uma investiga\u00e7\u00e3o originada a partir de casos de tentativa de homic\u00eddio e tr\u00e1fico de drogas na Capital. A integra\u00e7\u00e3o entre a Pol\u00edcia Civil e a Pol\u00edcia Militar na a\u00e7\u00e3o foi fundamental para o \u00eaxito da opera\u00e7\u00e3o, refor\u00e7ando a import\u00e2ncia da colabora\u00e7\u00e3o entre as for\u00e7as de seguran\u00e7a e seus setores no combate \u00e0 criminalidade.<\/p>\t\t\t\t\t\t\t\t<\/div>\n\t\t\t\t<\/div>\n\t\t\t\t\t<\/div>\n\t\t<\/div>\n\t\t\t\t\t<\/div>\n\t\t<\/section>\n\t\t\t\t<\/div>\n\t\t","protected":false},"excerpt":{"rendered":"<p>A\u00e7\u00e3o conjunta entre Pol\u00edcias Civil e Militar resulta em apreens\u00e3o de drogas na Capital Nesta quarta-feira (18), uma a\u00e7\u00e3o conjunta entre a Pol\u00edcia Civil de Santa Catarina, por meio da Delegacia de Combate \u00e0s Drogas do Departamento de Investiga\u00e7\u00e3o Criminal da Capital (DECOD\/DIC), em parceria com o N\u00facleo de Intelig\u00eancia da Capital, e o 22\u00ba [&hellip;]<\/p>\n","protected":false},"author":5,"featured_media":14431,"comment_status":"closed","ping_status":"open","sticky":false,"template":"","format":"standard","meta":{"_monsterinsights_skip_tracking":false,"_monsterinsights_sitenote_active":false,"_monsterinsights_sitenote_note":"","_monsterinsights_sitenote_category":0,"footnotes":""},"categories":[1],"tags":[],"class_list":["post-14430","post","type-post","status-publish","format-standard","has-post-thumbnail","hentry","category-sem-categoria"],"_links":{"self":[{"href":"https:\/\/pc.sc.gov.br\/index.php?rest_route=\/wp\/v2\/posts\/14430","targetHints":{"allow":["GET"]}}],"collection":[{"href":"https:\/\/pc.sc.gov.br\/index.php?rest_route=\/wp\/v2\/posts"}],"about":[{"href":"https:\/\/pc.sc.gov.br\/index.php?rest_route=\/wp\/v2\/types\/post"}],"author":[{"embeddable":true,"href":"https:\/\/pc.sc.gov.br\/index.php?rest_route=\/wp\/v2\/users\/5"}],"replies":[{"embeddable":true,"href":"https:\/\/pc.sc.gov.br\/index.php?rest_route=%2Fwp%2Fv2%2Fcomments&post=14430"}],"version-history":[{"count":8,"href":"https:\/\/pc.sc.gov.br\/index.php?rest_route=\/wp\/v2\/posts\/14430\/revisions"}],"predecessor-version":[{"id":14439,"href":"https:\/\/pc.sc.gov.br\/index.php?rest_route=\/wp\/v2\/posts\/14430\/revisions\/14439"}],"wp:featuredmedia":[{"embeddable":true,"href":"https:\/\/pc.sc.gov.br\/index.php?rest_route=\/wp\/v2\/media\/14431"}],"wp:attachment":[{"href":"https:\/\/pc.sc.gov.br\/index.php?rest_route=%2Fwp%2Fv2%2Fmedia&parent=14430"}],"wp:term":[{"taxonomy":"category","embeddable":true,"href":"https:\/\/pc.sc.gov.br\/index.php?rest_route=%2Fwp%2Fv2%2Fcategories&post=14430"},{"taxonomy":"post_tag","embeddable":true,"href":"https:\/\/pc.sc.gov.br\/index.php?rest_route=%2Fwp%2Fv2%2Ftags&post=14430"}],"curies":[{"name":"wp","href":"https:\/\/api.w.org\/{rel}","templated":true}]}}