{"id":14440,"date":"2023-10-18T17:16:50","date_gmt":"2023-10-18T20:16:50","guid":{"rendered":"https:\/\/pc.sc.gov.br\/?p=14440"},"modified":"2023-10-18T17:21:12","modified_gmt":"2023-10-18T20:21:12","slug":"policia-civil-deflagra-a-operacao-lado-b-e-em-conjunto-com-a-pm-cumpre-mandados-de-busca-e-apreensao-na-grande-florianopolis","status":"publish","type":"post","link":"https:\/\/pc.sc.gov.br\/?p=14440","title":{"rendered":"Pol\u00edcia Civil deflagra a opera\u00e7\u00e3o \u201cLado B\u201d e, em conjunto com a PM, cumpre mandados de busca e apreens\u00e3o na Grande Florian\u00f3polis"},"content":{"rendered":"\t\t<div data-elementor-type=\"wp-post\" data-elementor-id=\"14440\" class=\"elementor elementor-14440\" data-elementor-post-type=\"post\">\n\t\t\t\t\t\t<section class=\"elementor-section elementor-top-section elementor-element elementor-element-652c724 elementor-section-boxed elementor-section-height-default elementor-section-height-default\" data-id=\"652c724\" data-element_type=\"section\">\n\t\t\t\t\t\t<div class=\"elementor-container elementor-column-gap-default\">\n\t\t\t\t\t<div class=\"elementor-column elementor-col-100 elementor-top-column elementor-element elementor-element-f91505f\" data-id=\"f91505f\" data-element_type=\"column\">\n\t\t\t<div class=\"elementor-widget-wrap elementor-element-populated\">\n\t\t\t\t\t\t<div class=\"elementor-element elementor-element-20e1ab9 elementor-widget elementor-widget-heading\" data-id=\"20e1ab9\" data-element_type=\"widget\" data-widget_type=\"heading.default\">\n\t\t\t\t<div class=\"elementor-widget-container\">\n\t\t\t\t\t<h2 class=\"elementor-heading-title elementor-size-default\">Pol\u00edcia Civil deflagra a opera\u00e7\u00e3o \u201cLado B\u201d e, em conjunto com a PM, cumpre mandados de busca e apreens\u00e3o na Grande Florian\u00f3polis<\/h2>\t\t\t\t<\/div>\n\t\t\t\t<\/div>\n\t\t\t\t\t<\/div>\n\t\t<\/div>\n\t\t\t\t\t<\/div>\n\t\t<\/section>\n\t\t\t\t<section class=\"elementor-section elementor-top-section elementor-element elementor-element-216ffac elementor-section-boxed elementor-section-height-default elementor-section-height-default\" data-id=\"216ffac\" data-element_type=\"section\">\n\t\t\t\t\t\t<div class=\"elementor-container elementor-column-gap-default\">\n\t\t\t\t\t<div class=\"elementor-column elementor-col-100 elementor-top-column elementor-element elementor-element-f8ff363\" data-id=\"f8ff363\" data-element_type=\"column\">\n\t\t\t<div class=\"elementor-widget-wrap elementor-element-populated\">\n\t\t\t\t\t\t<div class=\"elementor-element elementor-element-48f1188 elementor-widget elementor-widget-image\" data-id=\"48f1188\" data-element_type=\"widget\" data-widget_type=\"image.default\">\n\t\t\t\t<div class=\"elementor-widget-container\">\n\t\t\t\t\t\t\t\t\t\t\t\t\t\t\t<img fetchpriority=\"high\" decoding=\"async\" width=\"696\" height=\"392\" src=\"https:\/\/pc.sc.gov.br\/\/wp-content\/uploads\/2023\/10\/WhatsApp-Image-2023-10-18-at-09.19.55-1024x576.jpeg\" class=\"attachment-large size-large wp-image-14442\" alt=\"\" srcset=\"https:\/\/pc.sc.gov.br\/\/wp-content\/uploads\/2023\/10\/WhatsApp-Image-2023-10-18-at-09.19.55-1024x576.jpeg 1024w, https:\/\/pc.sc.gov.br\/\/wp-content\/uploads\/2023\/10\/WhatsApp-Image-2023-10-18-at-09.19.55-300x169.jpeg 300w, https:\/\/pc.sc.gov.br\/\/wp-content\/uploads\/2023\/10\/WhatsApp-Image-2023-10-18-at-09.19.55-768x432.jpeg 768w, https:\/\/pc.sc.gov.br\/\/wp-content\/uploads\/2023\/10\/WhatsApp-Image-2023-10-18-at-09.19.55-1536x864.jpeg 1536w, https:\/\/pc.sc.gov.br\/\/wp-content\/uploads\/2023\/10\/WhatsApp-Image-2023-10-18-at-09.19.55.jpeg 1600w\" sizes=\"(max-width: 696px) 100vw, 696px\" \/>\t\t\t\t\t\t\t\t\t\t\t\t\t\t\t<\/div>\n\t\t\t\t<\/div>\n\t\t\t\t\t<\/div>\n\t\t<\/div>\n\t\t\t\t\t<\/div>\n\t\t<\/section>\n\t\t\t\t<section class=\"elementor-section elementor-top-section elementor-element elementor-element-6066741 elementor-section-boxed elementor-section-height-default elementor-section-height-default\" data-id=\"6066741\" data-element_type=\"section\">\n\t\t\t\t\t\t<div class=\"elementor-container elementor-column-gap-default\">\n\t\t\t\t\t<div class=\"elementor-column elementor-col-100 elementor-top-column elementor-element elementor-element-7d3b934\" data-id=\"7d3b934\" data-element_type=\"column\">\n\t\t\t<div class=\"elementor-widget-wrap elementor-element-populated\">\n\t\t\t\t\t\t<div class=\"elementor-element elementor-element-2601712 elementor-widget elementor-widget-text-editor\" data-id=\"2601712\" data-element_type=\"widget\" data-widget_type=\"text-editor.default\">\n\t\t\t\t<div class=\"elementor-widget-container\">\n\t\t\t\t\t\t\t\t\t<p>Na manh\u00e3 desta quarta-feira (18) Delegacia de Repress\u00e3o a Entorpecentes DRE\/DEIC, coordenada pelo Delegado Claudio Monteiro, deflagrou a \u201cOpera\u00e7\u00e3o Lado B\u201d para cumprimento de 30 Mandados de Busca e Apreens\u00e3o expedidos pelo Magistrado da Vara Criminal da Regi\u00e3o Metropolitana de Florian\u00f3polis.&nbsp; A a\u00e7\u00e3o aconteceu na Grande Florian\u00f3polis em conjunto com a Pol\u00edcia Militar de Santa Catarina (PMSC), atrav\u00e9s do Batalh\u00e3o de Opera\u00e7\u00f5es Especiais (BOPE) e o 4\u00ba Batalh\u00e3o de Pol\u00edcia Militar (BPM) para o cumprimento dos mandados com o objetivo de apreens\u00e3o de entorpecentes, armas e objetos relacionados ao Tr\u00e1fico de Drogas.<\/p>\n<p>Durante as buscas foram apreendidas grande quantidade de drogas diversas (maconha prensada e em mudas, haxixe, coca\u00edna e ecstasy), al\u00e9m de um kit roni, muni\u00e7\u00f5es diversos calibres (inclusive de fuzil), acess\u00f3rios de armas de fogo, colete bal\u00edstico, balan\u00e7as de precis\u00e3o, r\u00e1dio comunicador, m\u00e1quina de contar dinheiro e anota\u00e7\u00f5es de contabilidade do tr\u00e1fico.<\/p>\n<p>A investiga\u00e7\u00e3o foi iniciada em 2019, tendo como alvo organiza\u00e7\u00e3o criminosa voltada ao tr\u00e1fico de drogas na regi\u00e3o da Grande Florian\u00f3polis, sendo desencadeada naquela \u00e9poca a Opera\u00e7\u00e3o \u201cLado A\u201d, com a apreens\u00e3o de mais de R$ 3 milh\u00f5es em esp\u00e9cie e 71 quilos de coca\u00edna. A partir da apreens\u00e3o de um celular, de um dos \u201cgerentes\u201d do morro, verificou-se a continuidade das pr\u00e1ticas delitivas de tal organiza\u00e7\u00e3o, sendo ent\u00e3o desencadeada na quarta (18) a \u201cOpera\u00e7\u00e3o Lado B\u201d.<\/p>\n<p>No curso das investiga\u00e7\u00f5es foram identificados diversos crimes praticados pela organiza\u00e7\u00e3o criminosa, tais como tr\u00e1fico de drogas, organiza\u00e7\u00e3o criminosa, homic\u00eddios (3 identificados com mandantes e executores), lavagem de dinheiro, porte\/posse ilegal de arma de fogo.<\/p>\n<p><b>Produtos apreendidos na opera\u00e7\u00e3o \u201cLado B\u201d<\/b><\/p>\n<p>3,480 kg haxixe&nbsp;<\/p>\n<p>3,475 kg ecstasy (aprox 10.000 cp)<\/p>\n<p>0,210 kg coca\u00edna&nbsp;<\/p>\n<p>0,116 kg MDMA&nbsp;<\/p>\n<p>0,420 kg skunk&nbsp;<\/p>\n<p>310,975 kg maconha&nbsp;<\/p>\n<p>10 p\u00e9s de skunk&nbsp;<\/p>\n<p>521 muni\u00e7\u00f5es 9mm&nbsp;<\/p>\n<p>282 muni\u00e7\u00f5es .40&nbsp;<\/p>\n<p>01 muni\u00e7\u00e3o .45&nbsp;<\/p>\n<p>16 muni\u00e7\u00f5es .380&nbsp;<\/p>\n<p>31 muni\u00e7\u00f5es 7.62 mm&nbsp;<\/p>\n<p>04 muni\u00e7\u00f5es 5.56 mm&nbsp;<\/p>\n<p>01 m\u00e1quina de contar dinheiro&nbsp;<\/p>\n<p>16 balan\u00e7as de precis\u00e3o&nbsp;<\/p>\n<p>01 colete bal\u00edstico com placas&nbsp;<\/p>\n<p>12 radio comunicadores&nbsp;<\/p>\n<p>01 seladora a v\u00e1cuo&nbsp;<\/p>\n<p>01 medidor de umidade&nbsp;<\/p>\n<p>08 carregadores de pistola<\/p>\n<p>01 kit roni&nbsp;<\/p>\n<p>05 porta carregadores&nbsp;<\/p>\n<p>01 capa de colete bal\u00edstico&nbsp;<\/p>\n<p>01 case de pistola Taurus&nbsp;<\/p>\n<p>05 pochetes\/bolsas&nbsp;<\/p>\n<p>62 piteiras para cigarro eletr\u00f4nico com canabidiol<\/p>\n<div>&nbsp;<\/div>\t\t\t\t\t\t\t\t<\/div>\n\t\t\t\t<\/div>\n\t\t\t\t\t<\/div>\n\t\t<\/div>\n\t\t\t\t\t<\/div>\n\t\t<\/section>\n\t\t\t\t<\/div>\n\t\t","protected":false},"excerpt":{"rendered":"<p>Pol\u00edcia Civil deflagra a opera\u00e7\u00e3o \u201cLado B\u201d e, em conjunto com a PM, cumpre mandados de busca e apreens\u00e3o na Grande Florian\u00f3polis Na manh\u00e3 desta quarta-feira (18) Delegacia de Repress\u00e3o a Entorpecentes DRE\/DEIC, coordenada pelo Delegado Claudio Monteiro, deflagrou a \u201cOpera\u00e7\u00e3o Lado B\u201d para cumprimento de 30 Mandados de Busca e Apreens\u00e3o expedidos pelo Magistrado [&hellip;]<\/p>\n","protected":false},"author":5,"featured_media":14442,"comment_status":"closed","ping_status":"open","sticky":false,"template":"","format":"standard","meta":{"_monsterinsights_skip_tracking":false,"_monsterinsights_sitenote_active":false,"_monsterinsights_sitenote_note":"","_monsterinsights_sitenote_category":0,"footnotes":""},"categories":[1],"tags":[],"class_list":["post-14440","post","type-post","status-publish","format-standard","has-post-thumbnail","hentry","category-sem-categoria"],"_links":{"self":[{"href":"https:\/\/pc.sc.gov.br\/index.php?rest_route=\/wp\/v2\/posts\/14440","targetHints":{"allow":["GET"]}}],"collection":[{"href":"https:\/\/pc.sc.gov.br\/index.php?rest_route=\/wp\/v2\/posts"}],"about":[{"href":"https:\/\/pc.sc.gov.br\/index.php?rest_route=\/wp\/v2\/types\/post"}],"author":[{"embeddable":true,"href":"https:\/\/pc.sc.gov.br\/index.php?rest_route=\/wp\/v2\/users\/5"}],"replies":[{"embeddable":true,"href":"https:\/\/pc.sc.gov.br\/index.php?rest_route=%2Fwp%2Fv2%2Fcomments&post=14440"}],"version-history":[{"count":4,"href":"https:\/\/pc.sc.gov.br\/index.php?rest_route=\/wp\/v2\/posts\/14440\/revisions"}],"predecessor-version":[{"id":14446,"href":"https:\/\/pc.sc.gov.br\/index.php?rest_route=\/wp\/v2\/posts\/14440\/revisions\/14446"}],"wp:featuredmedia":[{"embeddable":true,"href":"https:\/\/pc.sc.gov.br\/index.php?rest_route=\/wp\/v2\/media\/14442"}],"wp:attachment":[{"href":"https:\/\/pc.sc.gov.br\/index.php?rest_route=%2Fwp%2Fv2%2Fmedia&parent=14440"}],"wp:term":[{"taxonomy":"category","embeddable":true,"href":"https:\/\/pc.sc.gov.br\/index.php?rest_route=%2Fwp%2Fv2%2Fcategories&post=14440"},{"taxonomy":"post_tag","embeddable":true,"href":"https:\/\/pc.sc.gov.br\/index.php?rest_route=%2Fwp%2Fv2%2Ftags&post=14440"}],"curies":[{"name":"wp","href":"https:\/\/api.w.org\/{rel}","templated":true}]}}