{"id":14448,"date":"2023-10-18T18:14:08","date_gmt":"2023-10-18T21:14:08","guid":{"rendered":"https:\/\/pc.sc.gov.br\/?p=14448"},"modified":"2023-10-18T18:31:59","modified_gmt":"2023-10-18T21:31:59","slug":"com-apoio-da-prf-policia-civil-realiza-uma-das-maiores-apreensoes-de-ecstasy-de-sc","status":"publish","type":"post","link":"https:\/\/pc.sc.gov.br\/?p=14448","title":{"rendered":"Com apoio da PRF, Pol\u00edcia Civil realiza uma das maiores apreens\u00f5es de ecstasy de SC"},"content":{"rendered":"\t\t<div data-elementor-type=\"wp-post\" data-elementor-id=\"14448\" class=\"elementor elementor-14448\" data-elementor-post-type=\"post\">\n\t\t\t\t\t\t<section class=\"elementor-section elementor-top-section elementor-element elementor-element-005210e elementor-section-boxed elementor-section-height-default elementor-section-height-default\" data-id=\"005210e\" data-element_type=\"section\">\n\t\t\t\t\t\t<div class=\"elementor-container elementor-column-gap-default\">\n\t\t\t\t\t<div class=\"elementor-column elementor-col-100 elementor-top-column elementor-element elementor-element-d5742cb\" data-id=\"d5742cb\" data-element_type=\"column\">\n\t\t\t<div class=\"elementor-widget-wrap elementor-element-populated\">\n\t\t\t\t\t\t<div class=\"elementor-element elementor-element-a180edb elementor-widget elementor-widget-heading\" data-id=\"a180edb\" data-element_type=\"widget\" data-widget_type=\"heading.default\">\n\t\t\t\t<div class=\"elementor-widget-container\">\n\t\t\t\t\t<h2 class=\"elementor-heading-title elementor-size-default\">Com apoio da PRF, Pol\u00edcia Civil realiza uma das maiores apreens\u00f5es de ecstasy de SC<\/h2>\t\t\t\t<\/div>\n\t\t\t\t<\/div>\n\t\t\t\t\t<\/div>\n\t\t<\/div>\n\t\t\t\t\t<\/div>\n\t\t<\/section>\n\t\t\t\t<section class=\"elementor-section elementor-top-section elementor-element elementor-element-9127ecf elementor-section-boxed elementor-section-height-default elementor-section-height-default\" data-id=\"9127ecf\" data-element_type=\"section\">\n\t\t\t\t\t\t<div class=\"elementor-container elementor-column-gap-default\">\n\t\t\t\t\t<div class=\"elementor-column elementor-col-100 elementor-top-column elementor-element elementor-element-53b3ef1\" data-id=\"53b3ef1\" data-element_type=\"column\">\n\t\t\t<div class=\"elementor-widget-wrap elementor-element-populated\">\n\t\t\t\t\t\t<div class=\"elementor-element elementor-element-90bfc3d elementor-widget elementor-widget-image\" data-id=\"90bfc3d\" data-element_type=\"widget\" data-widget_type=\"image.default\">\n\t\t\t\t<div class=\"elementor-widget-container\">\n\t\t\t\t\t\t\t\t\t\t\t\t\t\t\t<img fetchpriority=\"high\" decoding=\"async\" width=\"696\" height=\"522\" src=\"https:\/\/pc.sc.gov.br\/\/wp-content\/uploads\/2023\/10\/WhatsApp-Image-2023-10-18-at-17.58.44-1024x768.jpeg\" class=\"attachment-large size-large wp-image-14449\" alt=\"\" srcset=\"https:\/\/pc.sc.gov.br\/\/wp-content\/uploads\/2023\/10\/WhatsApp-Image-2023-10-18-at-17.58.44-1024x768.jpeg 1024w, https:\/\/pc.sc.gov.br\/\/wp-content\/uploads\/2023\/10\/WhatsApp-Image-2023-10-18-at-17.58.44-300x225.jpeg 300w, https:\/\/pc.sc.gov.br\/\/wp-content\/uploads\/2023\/10\/WhatsApp-Image-2023-10-18-at-17.58.44-768x576.jpeg 768w, https:\/\/pc.sc.gov.br\/\/wp-content\/uploads\/2023\/10\/WhatsApp-Image-2023-10-18-at-17.58.44-1536x1152.jpeg 1536w, https:\/\/pc.sc.gov.br\/\/wp-content\/uploads\/2023\/10\/WhatsApp-Image-2023-10-18-at-17.58.44.jpeg 1600w\" sizes=\"(max-width: 696px) 100vw, 696px\" \/>\t\t\t\t\t\t\t\t\t\t\t\t\t\t\t<\/div>\n\t\t\t\t<\/div>\n\t\t\t\t\t<\/div>\n\t\t<\/div>\n\t\t\t\t\t<\/div>\n\t\t<\/section>\n\t\t\t\t<section class=\"elementor-section elementor-top-section elementor-element elementor-element-9065765 elementor-section-boxed elementor-section-height-default elementor-section-height-default\" data-id=\"9065765\" data-element_type=\"section\">\n\t\t\t\t\t\t<div class=\"elementor-container elementor-column-gap-default\">\n\t\t\t\t\t<div class=\"elementor-column elementor-col-100 elementor-top-column elementor-element elementor-element-9967b85\" data-id=\"9967b85\" data-element_type=\"column\">\n\t\t\t<div class=\"elementor-widget-wrap elementor-element-populated\">\n\t\t\t\t\t\t<div class=\"elementor-element elementor-element-bd5abf3 elementor-widget elementor-widget-text-editor\" data-id=\"bd5abf3\" data-element_type=\"widget\" data-widget_type=\"text-editor.default\">\n\t\t\t\t<div class=\"elementor-widget-container\">\n\t\t\t\t\t\t\t\t\t<p>Nesta quarta-feira (18), a Pol\u00edcia Civil de Santa Catarina, por meio da Delegacia de Repress\u00e3o a Entorpecentes, com apoio da Pol\u00edcia Rodovi\u00e1ria Federal, realizou grande apreens\u00e3o de drogas e prendeu tr\u00eas pessoas em flagrante. No total, foram apreendidos 190 quilos de maconha e 163 quilos de ecstasy (aproximadamente 575 mil comprimidos da droga). <br>A a\u00e7\u00e3o aconteceu na Grande Florian\u00f3polis e ocorreu em dois momentos distintos nesta quarta-feira. Inicialmente, procedeu-se \u00e0 intercepta\u00e7\u00e3o de um carregamento de doze caixas com diversos tabletes de maconha, que estavam sendo transportados em um ve\u00edculo GM\/Spin, no Posto da PRF, em Bigua\u00e7u. Com o aux\u00edlio de policiais rodovi\u00e1rios federais na abordagem, o ve\u00edculo foi interceptado e a a\u00e7\u00e3o resultou na pris\u00e3o em flagrante delito do motorista investigado. <br>O referido carregamento j\u00e1 estava sendo monitorado pela equipe de investiga\u00e7\u00e3o da DRE\/DEIC e tinha destino certo. As drogas iriam para outros dois investigados, que foram presos momentos depois na cidade de Palho\u00e7a, onde foi realizado o cumprimento de quatro mandados de busca e apreens\u00e3o.<br>Durante as buscas, foram encontradas ainda diversas malas com milhares de comprimidos de ecstasy, al\u00e9m de haxixe, maconha e subst\u00e2ncia anabolizante, bem como uma pistola, balan\u00e7as de precis\u00e3o, embalagens para as drogas e m\u00e1quina de contar dinheiro.<\/p>\n<p><b>Confira o v\u00eddeo do delegado Cl\u00e1udio Monteiro da DRE\/DEIC que fala sobre o caso<\/b><\/p>\t\t\t\t\t\t\t\t<\/div>\n\t\t\t\t<\/div>\n\t\t\t\t\t<\/div>\n\t\t<\/div>\n\t\t\t\t\t<\/div>\n\t\t<\/section>\n\t\t\t\t<section class=\"elementor-section elementor-top-section elementor-element elementor-element-475c636 elementor-section-boxed elementor-section-height-default elementor-section-height-default\" data-id=\"475c636\" data-element_type=\"section\">\n\t\t\t\t\t\t<div class=\"elementor-container elementor-column-gap-default\">\n\t\t\t\t\t<div class=\"elementor-column elementor-col-100 elementor-top-column elementor-element elementor-element-fd993de\" data-id=\"fd993de\" data-element_type=\"column\">\n\t\t\t<div class=\"elementor-widget-wrap elementor-element-populated\">\n\t\t\t\t\t\t<div class=\"elementor-element elementor-element-c7e741a elementor-widget elementor-widget-video\" data-id=\"c7e741a\" data-element_type=\"widget\" data-settings=\"{&quot;video_type&quot;:&quot;hosted&quot;,&quot;controls&quot;:&quot;yes&quot;}\" data-widget_type=\"video.default\">\n\t\t\t\t<div class=\"elementor-widget-container\">\n\t\t\t\t\t\t\t<div class=\"e-hosted-video elementor-wrapper elementor-open-inline\">\n\t\t\t\t\t<video class=\"elementor-video\" src=\"https:\/\/pc.sc.gov.br\/wp-content\/uploads\/2023\/10\/WhatsApp-Video-2023-10-18-at-17.18.07-1.mp4\" controls=\"\" preload=\"metadata\"><\/video>\n\t\t\t\t<\/div>\n\t\t\t\t\t\t<\/div>\n\t\t\t\t<\/div>\n\t\t\t\t\t<\/div>\n\t\t<\/div>\n\t\t\t\t\t<\/div>\n\t\t<\/section>\n\t\t\t\t<section class=\"elementor-section elementor-top-section elementor-element elementor-element-20d20b0 elementor-section-boxed elementor-section-height-default elementor-section-height-default\" data-id=\"20d20b0\" data-element_type=\"section\">\n\t\t\t\t\t\t<div class=\"elementor-container elementor-column-gap-default\">\n\t\t\t\t\t<div class=\"elementor-column elementor-col-100 elementor-top-column elementor-element elementor-element-daac787\" data-id=\"daac787\" data-element_type=\"column\">\n\t\t\t<div class=\"elementor-widget-wrap elementor-element-populated\">\n\t\t\t\t\t\t<div class=\"elementor-element elementor-element-cc8de20 elementor-widget elementor-widget-image\" data-id=\"cc8de20\" data-element_type=\"widget\" data-widget_type=\"image.default\">\n\t\t\t\t<div class=\"elementor-widget-container\">\n\t\t\t\t\t\t\t\t\t\t\t\t\t\t\t<img decoding=\"async\" width=\"696\" height=\"522\" src=\"https:\/\/pc.sc.gov.br\/\/wp-content\/uploads\/2023\/10\/WhatsApp-Image-2023-10-18-at-17.57.47-1024x768.jpeg\" class=\"attachment-large size-large wp-image-14452\" alt=\"\" srcset=\"https:\/\/pc.sc.gov.br\/\/wp-content\/uploads\/2023\/10\/WhatsApp-Image-2023-10-18-at-17.57.47-1024x768.jpeg 1024w, https:\/\/pc.sc.gov.br\/\/wp-content\/uploads\/2023\/10\/WhatsApp-Image-2023-10-18-at-17.57.47-300x225.jpeg 300w, https:\/\/pc.sc.gov.br\/\/wp-content\/uploads\/2023\/10\/WhatsApp-Image-2023-10-18-at-17.57.47-768x576.jpeg 768w, https:\/\/pc.sc.gov.br\/\/wp-content\/uploads\/2023\/10\/WhatsApp-Image-2023-10-18-at-17.57.47.jpeg 1280w\" sizes=\"(max-width: 696px) 100vw, 696px\" \/>\t\t\t\t\t\t\t\t\t\t\t\t\t\t\t<\/div>\n\t\t\t\t<\/div>\n\t\t\t\t\t<\/div>\n\t\t<\/div>\n\t\t\t\t\t<\/div>\n\t\t<\/section>\n\t\t\t\t<\/div>\n\t\t","protected":false},"excerpt":{"rendered":"<p>Com apoio da PRF, Pol\u00edcia Civil realiza uma das maiores apreens\u00f5es de ecstasy de SC Nesta quarta-feira (18), a Pol\u00edcia Civil de Santa Catarina, por meio da Delegacia de Repress\u00e3o a Entorpecentes, com apoio da Pol\u00edcia Rodovi\u00e1ria Federal, realizou grande apreens\u00e3o de drogas e prendeu tr\u00eas pessoas em flagrante. No total, foram apreendidos 190 quilos [&hellip;]<\/p>\n","protected":false},"author":5,"featured_media":14449,"comment_status":"closed","ping_status":"open","sticky":false,"template":"","format":"standard","meta":{"_monsterinsights_skip_tracking":false,"_monsterinsights_sitenote_active":false,"_monsterinsights_sitenote_note":"","_monsterinsights_sitenote_category":0,"footnotes":""},"categories":[1],"tags":[],"class_list":["post-14448","post","type-post","status-publish","format-standard","has-post-thumbnail","hentry","category-sem-categoria"],"_links":{"self":[{"href":"https:\/\/pc.sc.gov.br\/index.php?rest_route=\/wp\/v2\/posts\/14448","targetHints":{"allow":["GET"]}}],"collection":[{"href":"https:\/\/pc.sc.gov.br\/index.php?rest_route=\/wp\/v2\/posts"}],"about":[{"href":"https:\/\/pc.sc.gov.br\/index.php?rest_route=\/wp\/v2\/types\/post"}],"author":[{"embeddable":true,"href":"https:\/\/pc.sc.gov.br\/index.php?rest_route=\/wp\/v2\/users\/5"}],"replies":[{"embeddable":true,"href":"https:\/\/pc.sc.gov.br\/index.php?rest_route=%2Fwp%2Fv2%2Fcomments&post=14448"}],"version-history":[{"count":8,"href":"https:\/\/pc.sc.gov.br\/index.php?rest_route=\/wp\/v2\/posts\/14448\/revisions"}],"predecessor-version":[{"id":14461,"href":"https:\/\/pc.sc.gov.br\/index.php?rest_route=\/wp\/v2\/posts\/14448\/revisions\/14461"}],"wp:featuredmedia":[{"embeddable":true,"href":"https:\/\/pc.sc.gov.br\/index.php?rest_route=\/wp\/v2\/media\/14449"}],"wp:attachment":[{"href":"https:\/\/pc.sc.gov.br\/index.php?rest_route=%2Fwp%2Fv2%2Fmedia&parent=14448"}],"wp:term":[{"taxonomy":"category","embeddable":true,"href":"https:\/\/pc.sc.gov.br\/index.php?rest_route=%2Fwp%2Fv2%2Fcategories&post=14448"},{"taxonomy":"post_tag","embeddable":true,"href":"https:\/\/pc.sc.gov.br\/index.php?rest_route=%2Fwp%2Fv2%2Ftags&post=14448"}],"curies":[{"name":"wp","href":"https:\/\/api.w.org\/{rel}","templated":true}]}}