{"id":14475,"date":"2023-10-19T19:17:48","date_gmt":"2023-10-19T22:17:48","guid":{"rendered":"https:\/\/pc.sc.gov.br\/?p=14475"},"modified":"2023-10-19T19:18:55","modified_gmt":"2023-10-19T22:18:55","slug":"em-sao-paulo-policia-civil-prende-homem-que-estava-foragido-da-justica-ha-10-anos","status":"publish","type":"post","link":"https:\/\/pc.sc.gov.br\/?p=14475","title":{"rendered":"Em S\u00e3o Paulo, Pol\u00edcia Civil prende homem que estava foragido da Justi\u00e7a h\u00e1 10 anos"},"content":{"rendered":"\t\t<div data-elementor-type=\"wp-post\" data-elementor-id=\"14475\" class=\"elementor elementor-14475\" data-elementor-post-type=\"post\">\n\t\t\t\t\t\t<section class=\"elementor-section elementor-top-section elementor-element elementor-element-add1595 elementor-section-boxed elementor-section-height-default elementor-section-height-default\" data-id=\"add1595\" data-element_type=\"section\">\n\t\t\t\t\t\t<div class=\"elementor-container elementor-column-gap-default\">\n\t\t\t\t\t<div class=\"elementor-column elementor-col-100 elementor-top-column elementor-element elementor-element-8195695\" data-id=\"8195695\" data-element_type=\"column\">\n\t\t\t<div class=\"elementor-widget-wrap elementor-element-populated\">\n\t\t\t\t\t\t<div class=\"elementor-element elementor-element-43bde56 elementor-widget elementor-widget-heading\" data-id=\"43bde56\" data-element_type=\"widget\" data-widget_type=\"heading.default\">\n\t\t\t\t<div class=\"elementor-widget-container\">\n\t\t\t\t\t<h2 class=\"elementor-heading-title elementor-size-default\">Em S\u00e3o Paulo, Pol\u00edcia Civil prende homem que estava foragido da Justi\u00e7a h\u00e1 10 anos <\/h2>\t\t\t\t<\/div>\n\t\t\t\t<\/div>\n\t\t\t\t\t<\/div>\n\t\t<\/div>\n\t\t\t\t\t<\/div>\n\t\t<\/section>\n\t\t\t\t<section class=\"elementor-section elementor-top-section elementor-element elementor-element-290e534 elementor-section-boxed elementor-section-height-default elementor-section-height-default\" data-id=\"290e534\" data-element_type=\"section\">\n\t\t\t\t\t\t<div class=\"elementor-container elementor-column-gap-default\">\n\t\t\t\t\t<div class=\"elementor-column elementor-col-100 elementor-top-column elementor-element elementor-element-745c866\" data-id=\"745c866\" data-element_type=\"column\">\n\t\t\t<div class=\"elementor-widget-wrap elementor-element-populated\">\n\t\t\t\t\t\t<div class=\"elementor-element elementor-element-1156bfc elementor-widget elementor-widget-image\" data-id=\"1156bfc\" data-element_type=\"widget\" data-widget_type=\"image.default\">\n\t\t\t\t<div class=\"elementor-widget-container\">\n\t\t\t\t\t\t\t\t\t\t\t\t\t\t\t<img fetchpriority=\"high\" decoding=\"async\" width=\"696\" height=\"392\" src=\"https:\/\/pc.sc.gov.br\/\/wp-content\/uploads\/2023\/10\/C0023T01-1024x576.jpg\" class=\"attachment-large size-large wp-image-14476\" alt=\"\" srcset=\"https:\/\/pc.sc.gov.br\/\/wp-content\/uploads\/2023\/10\/C0023T01-1024x576.jpg 1024w, https:\/\/pc.sc.gov.br\/\/wp-content\/uploads\/2023\/10\/C0023T01-300x169.jpg 300w, https:\/\/pc.sc.gov.br\/\/wp-content\/uploads\/2023\/10\/C0023T01-768x432.jpg 768w, https:\/\/pc.sc.gov.br\/\/wp-content\/uploads\/2023\/10\/C0023T01.jpg 1280w\" sizes=\"(max-width: 696px) 100vw, 696px\" \/>\t\t\t\t\t\t\t\t\t\t\t\t\t\t\t<\/div>\n\t\t\t\t<\/div>\n\t\t\t\t\t<\/div>\n\t\t<\/div>\n\t\t\t\t\t<\/div>\n\t\t<\/section>\n\t\t\t\t<section class=\"elementor-section elementor-top-section elementor-element elementor-element-e20e2a7 elementor-section-boxed elementor-section-height-default elementor-section-height-default\" data-id=\"e20e2a7\" data-element_type=\"section\">\n\t\t\t\t\t\t<div class=\"elementor-container elementor-column-gap-default\">\n\t\t\t\t\t<div class=\"elementor-column elementor-col-100 elementor-top-column elementor-element elementor-element-a4d2ba0\" data-id=\"a4d2ba0\" data-element_type=\"column\">\n\t\t\t<div class=\"elementor-widget-wrap elementor-element-populated\">\n\t\t\t\t\t\t<div class=\"elementor-element elementor-element-91dc475 elementor-widget elementor-widget-text-editor\" data-id=\"91dc475\" data-element_type=\"widget\" data-widget_type=\"text-editor.default\">\n\t\t\t\t<div class=\"elementor-widget-container\">\n\t\t\t\t\t\t\t\t\t<p>Nesta quinta-feira (19), a Pol\u00edcia Civil de Santa Catarina, por meio da Delegacia de Roubos e Antissequestro da Delegacia Estadual de Investiga\u00e7\u00f5es Criminais, prendeu um homem que estava foragido da Justi\u00e7a h\u00e1 10 anos. A pris\u00e3o ocorreu no munic\u00edpio de Sorocaba, em S\u00e3o Paulo, e contou com o apoio da Pol\u00edcia Civil de S\u00e3o Paulo. <br \/>O homem possu\u00eda quatro mandados de pris\u00e3o em aberto, expedidos pela Justi\u00e7a do Paran\u00e1, e uma pris\u00e3o preventiva decretada por roubo, do tipo \u201cnovo canga\u00e7o\u201d, realizado em uma ag\u00eancia banc\u00e1ria, localizada em Timb\u00f3 Grande, em junho deste ano.<\/p>\t\t\t\t\t\t\t\t<\/div>\n\t\t\t\t<\/div>\n\t\t\t\t\t<\/div>\n\t\t<\/div>\n\t\t\t\t\t<\/div>\n\t\t<\/section>\n\t\t\t\t<\/div>\n\t\t","protected":false},"excerpt":{"rendered":"<p>Em S\u00e3o Paulo, Pol\u00edcia Civil prende homem que estava foragido da Justi\u00e7a h\u00e1 10 anos Nesta quinta-feira (19), a Pol\u00edcia Civil de Santa Catarina, por meio da Delegacia de Roubos e Antissequestro da Delegacia Estadual de Investiga\u00e7\u00f5es Criminais, prendeu um homem que estava foragido da Justi\u00e7a h\u00e1 10 anos. A pris\u00e3o ocorreu no munic\u00edpio de [&hellip;]<\/p>\n","protected":false},"author":5,"featured_media":14476,"comment_status":"closed","ping_status":"open","sticky":false,"template":"","format":"standard","meta":{"_monsterinsights_skip_tracking":false,"_monsterinsights_sitenote_active":false,"_monsterinsights_sitenote_note":"","_monsterinsights_sitenote_category":0,"footnotes":""},"categories":[1],"tags":[],"class_list":["post-14475","post","type-post","status-publish","format-standard","has-post-thumbnail","hentry","category-sem-categoria"],"_links":{"self":[{"href":"https:\/\/pc.sc.gov.br\/index.php?rest_route=\/wp\/v2\/posts\/14475","targetHints":{"allow":["GET"]}}],"collection":[{"href":"https:\/\/pc.sc.gov.br\/index.php?rest_route=\/wp\/v2\/posts"}],"about":[{"href":"https:\/\/pc.sc.gov.br\/index.php?rest_route=\/wp\/v2\/types\/post"}],"author":[{"embeddable":true,"href":"https:\/\/pc.sc.gov.br\/index.php?rest_route=\/wp\/v2\/users\/5"}],"replies":[{"embeddable":true,"href":"https:\/\/pc.sc.gov.br\/index.php?rest_route=%2Fwp%2Fv2%2Fcomments&post=14475"}],"version-history":[{"count":4,"href":"https:\/\/pc.sc.gov.br\/index.php?rest_route=\/wp\/v2\/posts\/14475\/revisions"}],"predecessor-version":[{"id":14480,"href":"https:\/\/pc.sc.gov.br\/index.php?rest_route=\/wp\/v2\/posts\/14475\/revisions\/14480"}],"wp:featuredmedia":[{"embeddable":true,"href":"https:\/\/pc.sc.gov.br\/index.php?rest_route=\/wp\/v2\/media\/14476"}],"wp:attachment":[{"href":"https:\/\/pc.sc.gov.br\/index.php?rest_route=%2Fwp%2Fv2%2Fmedia&parent=14475"}],"wp:term":[{"taxonomy":"category","embeddable":true,"href":"https:\/\/pc.sc.gov.br\/index.php?rest_route=%2Fwp%2Fv2%2Fcategories&post=14475"},{"taxonomy":"post_tag","embeddable":true,"href":"https:\/\/pc.sc.gov.br\/index.php?rest_route=%2Fwp%2Fv2%2Ftags&post=14475"}],"curies":[{"name":"wp","href":"https:\/\/api.w.org\/{rel}","templated":true}]}}