{"id":14481,"date":"2023-10-20T15:06:06","date_gmt":"2023-10-20T18:06:06","guid":{"rendered":"https:\/\/pc.sc.gov.br\/?p=14481"},"modified":"2023-10-20T17:35:57","modified_gmt":"2023-10-20T20:35:57","slug":"policia-civil-participa-de-1o-seminario-interagencias-de-inteligencia-promovido-mjsp-para-combater-o-crime-organizado","status":"publish","type":"post","link":"https:\/\/pc.sc.gov.br\/?p=14481","title":{"rendered":"Pol\u00edcia Civil participa de 1\u00ba Semin\u00e1rio Interag\u00eancias de Intelig\u00eancia promovido MJSP para combater o crime organizado"},"content":{"rendered":"\t\t<div data-elementor-type=\"wp-post\" data-elementor-id=\"14481\" class=\"elementor elementor-14481\" data-elementor-post-type=\"post\">\n\t\t\t\t\t\t<section class=\"elementor-section elementor-top-section elementor-element elementor-element-47986d4 elementor-section-boxed elementor-section-height-default elementor-section-height-default\" data-id=\"47986d4\" data-element_type=\"section\">\n\t\t\t\t\t\t<div class=\"elementor-container elementor-column-gap-default\">\n\t\t\t\t\t<div class=\"elementor-column elementor-col-100 elementor-top-column elementor-element elementor-element-6027669\" data-id=\"6027669\" data-element_type=\"column\">\n\t\t\t<div class=\"elementor-widget-wrap elementor-element-populated\">\n\t\t\t\t\t\t<div class=\"elementor-element elementor-element-3f79aad elementor-widget elementor-widget-heading\" data-id=\"3f79aad\" data-element_type=\"widget\" data-widget_type=\"heading.default\">\n\t\t\t\t<div class=\"elementor-widget-container\">\n\t\t\t\t\t<h2 class=\"elementor-heading-title elementor-size-default\">Pol\u00edcia Civil participa de 1\u00ba Semin\u00e1rio Interag\u00eancias de Intelig\u00eancia promovido MJSP para combater o crime organizado<\/h2>\t\t\t\t<\/div>\n\t\t\t\t<\/div>\n\t\t\t\t\t<\/div>\n\t\t<\/div>\n\t\t\t\t\t<\/div>\n\t\t<\/section>\n\t\t\t\t<section class=\"elementor-section elementor-top-section elementor-element elementor-element-0b13584 elementor-section-boxed elementor-section-height-default elementor-section-height-default\" data-id=\"0b13584\" data-element_type=\"section\">\n\t\t\t\t\t\t<div class=\"elementor-container elementor-column-gap-default\">\n\t\t\t\t\t<div class=\"elementor-column elementor-col-100 elementor-top-column elementor-element elementor-element-5ead848\" data-id=\"5ead848\" data-element_type=\"column\">\n\t\t\t<div class=\"elementor-widget-wrap elementor-element-populated\">\n\t\t\t\t\t\t<div class=\"elementor-element elementor-element-829a713 elementor-widget elementor-widget-image\" data-id=\"829a713\" data-element_type=\"widget\" data-widget_type=\"image.default\">\n\t\t\t\t<div class=\"elementor-widget-container\">\n\t\t\t\t\t\t\t\t\t\t\t\t\t\t\t<img fetchpriority=\"high\" decoding=\"async\" width=\"598\" height=\"270\" src=\"https:\/\/pc.sc.gov.br\/\/wp-content\/uploads\/2023\/10\/6c21a452-9c1e-4179-bb52-f1200ee8be94-fotor-20231020141842.jpg\" class=\"attachment-large size-large wp-image-14482\" alt=\"\" srcset=\"https:\/\/pc.sc.gov.br\/\/wp-content\/uploads\/2023\/10\/6c21a452-9c1e-4179-bb52-f1200ee8be94-fotor-20231020141842.jpg 598w, https:\/\/pc.sc.gov.br\/\/wp-content\/uploads\/2023\/10\/6c21a452-9c1e-4179-bb52-f1200ee8be94-fotor-20231020141842-300x135.jpg 300w\" sizes=\"(max-width: 598px) 100vw, 598px\" \/>\t\t\t\t\t\t\t\t\t\t\t\t\t\t\t<\/div>\n\t\t\t\t<\/div>\n\t\t\t\t\t<\/div>\n\t\t<\/div>\n\t\t\t\t\t<\/div>\n\t\t<\/section>\n\t\t\t\t<section class=\"elementor-section elementor-top-section elementor-element elementor-element-335d572 elementor-section-boxed elementor-section-height-default elementor-section-height-default\" data-id=\"335d572\" data-element_type=\"section\">\n\t\t\t\t\t\t<div class=\"elementor-container elementor-column-gap-default\">\n\t\t\t\t\t<div class=\"elementor-column elementor-col-100 elementor-top-column elementor-element elementor-element-cb61750\" data-id=\"cb61750\" data-element_type=\"column\">\n\t\t\t<div class=\"elementor-widget-wrap elementor-element-populated\">\n\t\t\t\t\t\t<div class=\"elementor-element elementor-element-a918134 elementor-widget elementor-widget-text-editor\" data-id=\"a918134\" data-element_type=\"widget\" data-widget_type=\"text-editor.default\">\n\t\t\t\t<div class=\"elementor-widget-container\">\n\t\t\t\t\t\t\t\t\t<p>A Pol\u00edcia Civil de Santa Catarina, representada pelo Diretor de Intelig\u00eancia, delegado Gustavo Madeira e pelo delegado Raphael Werling, participou do 1\u00ba Semin\u00e1rio Interag\u00eancias de Intelig\u00eancia. O evento do Minist\u00e9rio da Justi\u00e7a e da Seguran\u00e7a P\u00fablica foi organizado pela Secretaria Nacional de Pol\u00edticas Penais (Senappen) e pela Secretaria Nacional de Seguran\u00e7a P\u00fablica (Senasp). Para o delegado Madeira, esses semin\u00e1rios s\u00e3o fundamentais para que potencializar o trabalho entre as ag\u00eancias de intelig\u00eancia. O Semin\u00e1rio foi realizado em Presidente Prudente (SP) e ocorreu entre os dias 17 e 19 de novembro. \u201cFoi um evento bastante importante, porque n\u00f3s tivemos contato com v\u00e1rias outras ag\u00eancias de intelig\u00eancia, principalmente do Paran\u00e1, S\u00e3o Paulo, Mato Grosso do Sul e Minas Gerais, que s\u00e3o estados que influenciam na criminalidade tamb\u00e9m de Santa Catarina, em virtude das movimenta\u00e7\u00f5es relacionadas a fac\u00e7\u00f5es criminosas e respectivamente de tr\u00e1fico de drogas. Dois dias de muita troca de conhecimento, que \u00e9 fundamental para o enfrentamento \u00e0 criminalidade\u201d, assinalou delegado Gustavo Madeira.<\/p>\n<p>O Semin\u00e1rio reuniu integrantes das for\u00e7as da seguran\u00e7a p\u00fablica e seguran\u00e7a penitenci\u00e1ria do pa\u00eds, al\u00e9m de representantes de 13 estados para promover a integra\u00e7\u00e3o dos servi\u00e7os de intelig\u00eancia e discutir a\u00e7\u00f5es para o combate ao crime organizado.<\/p>\n<p>\u00c9 promovido pela Senappen, no \u00e2mbito da Diretoria de Intelig\u00eancia Penitenci\u00e1ria (Dipen), em conjunto com a Pol\u00edcia Federal (PF) e a Secretaria da Administra\u00e7\u00e3o Penitenci\u00e1ria de S\u00e3o Paulo (Seap). Ao todo, s\u00e3o 110 representantes das Pol\u00edcias Federal, Civil, Militar, Rodovi\u00e1ria Federal, Penal Federal e Penal estadual, membros do Minist\u00e9rio P\u00fablico e da Ag\u00eancia Brasileira de Intelig\u00eancia (Abin), al\u00e9m de agentes de Acre, Amap\u00e1, Distrito Federal, Minas Gerais, Mato Grosso, Mato Grosso do Sul, Piau\u00ed, Paran\u00e1, Rio de Janeiro, Rio Grande do Norte, Rond\u00f4nia, Rio Grande do Sul e Santa Catarina.<\/p>\n<p>O diretor de Intelig\u00eancia Penitenci\u00e1ria, Abel Barradas, destacou a import\u00e2ncia do evento e a proposta de unir informa\u00e7\u00f5es de intelig\u00eancia e apresentar a\u00e7\u00f5es com potencial de enfraquecer e combater a expans\u00e3o do crime organizado no Brasil, a partir da integra\u00e7\u00e3o dos atores que atuam desde a preven\u00e7\u00e3o at\u00e9 a cust\u00f3dia. \u201cO Semin\u00e1rio tem como tema central a\u00e7\u00f5es desenvolvidas por diferentes institui\u00e7\u00f5es no enfrentamento a organiza\u00e7\u00f5es criminosas que possuem grande impacto no sistema prisional brasileiro e, que, para al\u00e9m dos muros, possuem tamb\u00e9m atua\u00e7\u00e3o internacional no tr\u00e1fico de armas, drogas e lavagem de dinheiro\u201d, afirma.<\/p>\n<p>O Secret\u00e1rio Nacional de Pol\u00edticas Penais, Rafael Velasco, acredita que o caminho mais r\u00e1pido para a redu\u00e7\u00e3o da viol\u00eancia nas ruas \u00e9 por meio da integra\u00e7\u00e3o das for\u00e7as de seguran\u00e7a. \u201cA Senappen, articulada com a Senasp, est\u00e1 investindo de forma efetiva nessa integra\u00e7\u00e3o como forma de otimizar recursos. Nosso intuito \u00e9 fortalecer a troca de informa\u00e7\u00f5es e fomentar o estabelecimento de uma rede de comunica\u00e7\u00e3o eficiente, tanto no policiamento nas ruas, quanto nas opera\u00e7\u00f5es penitenci\u00e1rias para, com isso, aprimorar a produ\u00e7\u00e3o de conte\u00fado de intelig\u00eancia que resultar\u00e1 em mais seguran\u00e7a para a popula\u00e7\u00e3o brasileira\u201d, destaca Velasco.<span style=\"color: var( --e-global-color-text ); font-family: var( --e-global-typography-primary-font-family ), Sans-serif; font-size: var( --e-global-typography-primary-font-size ); font-weight: var( --e-global-typography-primary-font-weight ); letter-spacing: var( --e-global-typography-primary-letter-spacing );\">&nbsp;<\/span><\/p>\t\t\t\t\t\t\t\t<\/div>\n\t\t\t\t<\/div>\n\t\t\t\t\t<\/div>\n\t\t<\/div>\n\t\t\t\t\t<\/div>\n\t\t<\/section>\n\t\t\t\t<\/div>\n\t\t","protected":false},"excerpt":{"rendered":"<p>Pol\u00edcia Civil participa de 1\u00ba Semin\u00e1rio Interag\u00eancias de Intelig\u00eancia promovido MJSP para combater o crime organizado A Pol\u00edcia Civil de Santa Catarina, representada pelo Diretor de Intelig\u00eancia, delegado Gustavo Madeira e pelo delegado Raphael Werling, participou do 1\u00ba Semin\u00e1rio Interag\u00eancias de Intelig\u00eancia. O evento do Minist\u00e9rio da Justi\u00e7a e da Seguran\u00e7a P\u00fablica foi organizado pela [&hellip;]<\/p>\n","protected":false},"author":5,"featured_media":14482,"comment_status":"closed","ping_status":"open","sticky":false,"template":"","format":"standard","meta":{"_monsterinsights_skip_tracking":false,"_monsterinsights_sitenote_active":false,"_monsterinsights_sitenote_note":"","_monsterinsights_sitenote_category":0,"footnotes":""},"categories":[1],"tags":[],"class_list":["post-14481","post","type-post","status-publish","format-standard","has-post-thumbnail","hentry","category-sem-categoria"],"_links":{"self":[{"href":"https:\/\/pc.sc.gov.br\/index.php?rest_route=\/wp\/v2\/posts\/14481","targetHints":{"allow":["GET"]}}],"collection":[{"href":"https:\/\/pc.sc.gov.br\/index.php?rest_route=\/wp\/v2\/posts"}],"about":[{"href":"https:\/\/pc.sc.gov.br\/index.php?rest_route=\/wp\/v2\/types\/post"}],"author":[{"embeddable":true,"href":"https:\/\/pc.sc.gov.br\/index.php?rest_route=\/wp\/v2\/users\/5"}],"replies":[{"embeddable":true,"href":"https:\/\/pc.sc.gov.br\/index.php?rest_route=%2Fwp%2Fv2%2Fcomments&post=14481"}],"version-history":[{"count":7,"href":"https:\/\/pc.sc.gov.br\/index.php?rest_route=\/wp\/v2\/posts\/14481\/revisions"}],"predecessor-version":[{"id":14536,"href":"https:\/\/pc.sc.gov.br\/index.php?rest_route=\/wp\/v2\/posts\/14481\/revisions\/14536"}],"wp:featuredmedia":[{"embeddable":true,"href":"https:\/\/pc.sc.gov.br\/index.php?rest_route=\/wp\/v2\/media\/14482"}],"wp:attachment":[{"href":"https:\/\/pc.sc.gov.br\/index.php?rest_route=%2Fwp%2Fv2%2Fmedia&parent=14481"}],"wp:term":[{"taxonomy":"category","embeddable":true,"href":"https:\/\/pc.sc.gov.br\/index.php?rest_route=%2Fwp%2Fv2%2Fcategories&post=14481"},{"taxonomy":"post_tag","embeddable":true,"href":"https:\/\/pc.sc.gov.br\/index.php?rest_route=%2Fwp%2Fv2%2Ftags&post=14481"}],"curies":[{"name":"wp","href":"https:\/\/api.w.org\/{rel}","templated":true}]}}