{"id":14487,"date":"2023-10-20T15:13:21","date_gmt":"2023-10-20T18:13:21","guid":{"rendered":"https:\/\/pc.sc.gov.br\/?p=14487"},"modified":"2023-10-20T15:16:59","modified_gmt":"2023-10-20T18:16:59","slug":"policia-civil-prende-investigado-por-dupla-tentativa-de-homicidio-em-bom-retiro-e-apreende-armas-e-municoes","status":"publish","type":"post","link":"https:\/\/pc.sc.gov.br\/?p=14487","title":{"rendered":"Em Bom Retiro, Pol\u00edcia Civil prende investigado por dupla tentativa de homic\u00eddio e apreende armas e muni\u00e7\u00f5es"},"content":{"rendered":"\t\t<div data-elementor-type=\"wp-post\" data-elementor-id=\"14487\" class=\"elementor elementor-14487\" data-elementor-post-type=\"post\">\n\t\t\t\t\t\t<section class=\"elementor-section elementor-top-section elementor-element elementor-element-977f4c9 elementor-section-boxed elementor-section-height-default elementor-section-height-default\" data-id=\"977f4c9\" data-element_type=\"section\">\n\t\t\t\t\t\t<div class=\"elementor-container elementor-column-gap-default\">\n\t\t\t\t\t<div class=\"elementor-column elementor-col-100 elementor-top-column elementor-element elementor-element-05aa48d\" data-id=\"05aa48d\" data-element_type=\"column\">\n\t\t\t<div class=\"elementor-widget-wrap elementor-element-populated\">\n\t\t\t\t\t\t<div class=\"elementor-element elementor-element-9499606 elementor-widget elementor-widget-heading\" data-id=\"9499606\" data-element_type=\"widget\" data-widget_type=\"heading.default\">\n\t\t\t\t<div class=\"elementor-widget-container\">\n\t\t\t\t\t<h2 class=\"elementor-heading-title elementor-size-default\">Em Bom Retiro, Pol\u00edcia Civil prende investigado por dupla tentativa de homic\u00eddio e apreende armas e muni\u00e7\u00f5es<\/h2>\t\t\t\t<\/div>\n\t\t\t\t<\/div>\n\t\t\t\t\t<\/div>\n\t\t<\/div>\n\t\t\t\t\t<\/div>\n\t\t<\/section>\n\t\t\t\t<section class=\"elementor-section elementor-top-section elementor-element elementor-element-5282605 elementor-section-boxed elementor-section-height-default elementor-section-height-default\" data-id=\"5282605\" data-element_type=\"section\">\n\t\t\t\t\t\t<div class=\"elementor-container elementor-column-gap-default\">\n\t\t\t\t\t<div class=\"elementor-column elementor-col-100 elementor-top-column elementor-element elementor-element-86c62c7\" data-id=\"86c62c7\" data-element_type=\"column\">\n\t\t\t<div class=\"elementor-widget-wrap elementor-element-populated\">\n\t\t\t\t\t\t<div class=\"elementor-element elementor-element-5e6c554 elementor-widget elementor-widget-image\" data-id=\"5e6c554\" data-element_type=\"widget\" data-widget_type=\"image.default\">\n\t\t\t\t<div class=\"elementor-widget-container\">\n\t\t\t\t\t\t\t\t\t\t\t\t\t\t\t<img fetchpriority=\"high\" decoding=\"async\" width=\"696\" height=\"522\" src=\"https:\/\/pc.sc.gov.br\/\/wp-content\/uploads\/2023\/10\/WhatsApp-Image-2023-10-20-at-09.23.47-1024x768.jpeg\" class=\"attachment-large size-large wp-image-14488\" alt=\"\" srcset=\"https:\/\/pc.sc.gov.br\/\/wp-content\/uploads\/2023\/10\/WhatsApp-Image-2023-10-20-at-09.23.47-1024x768.jpeg 1024w, https:\/\/pc.sc.gov.br\/\/wp-content\/uploads\/2023\/10\/WhatsApp-Image-2023-10-20-at-09.23.47-300x225.jpeg 300w, https:\/\/pc.sc.gov.br\/\/wp-content\/uploads\/2023\/10\/WhatsApp-Image-2023-10-20-at-09.23.47-768x576.jpeg 768w, https:\/\/pc.sc.gov.br\/\/wp-content\/uploads\/2023\/10\/WhatsApp-Image-2023-10-20-at-09.23.47-1536x1152.jpeg 1536w, https:\/\/pc.sc.gov.br\/\/wp-content\/uploads\/2023\/10\/WhatsApp-Image-2023-10-20-at-09.23.47.jpeg 1600w\" sizes=\"(max-width: 696px) 100vw, 696px\" \/>\t\t\t\t\t\t\t\t\t\t\t\t\t\t\t<\/div>\n\t\t\t\t<\/div>\n\t\t\t\t\t<\/div>\n\t\t<\/div>\n\t\t\t\t\t<\/div>\n\t\t<\/section>\n\t\t\t\t<section class=\"elementor-section elementor-top-section elementor-element elementor-element-fa88c3e elementor-section-boxed elementor-section-height-default elementor-section-height-default\" data-id=\"fa88c3e\" data-element_type=\"section\">\n\t\t\t\t\t\t<div class=\"elementor-container elementor-column-gap-default\">\n\t\t\t\t\t<div class=\"elementor-column elementor-col-100 elementor-top-column elementor-element elementor-element-a4f6fcc\" data-id=\"a4f6fcc\" data-element_type=\"column\">\n\t\t\t<div class=\"elementor-widget-wrap elementor-element-populated\">\n\t\t\t\t\t\t<div class=\"elementor-element elementor-element-682f524 elementor-widget elementor-widget-text-editor\" data-id=\"682f524\" data-element_type=\"widget\" data-widget_type=\"text-editor.default\">\n\t\t\t\t<div class=\"elementor-widget-container\">\n\t\t\t\t\t\t\t\t\t<p>A Pol\u00edcia Civil de Santa Catarina, por meio da Delegacia de Pol\u00edcia de Bom Retiro, com apoio da Divis\u00e3o de Investiga\u00e7\u00f5es Criminais (DIC) de Lages, nesta sexta-feira (20), deu cumprimento a mandados de busca e apreens\u00e3o e pris\u00e3o contra homem investigado por dupla tentativa de homic\u00eddio, ocorrido no feriado de 7 de setembro, na regi\u00e3o central da cidade.<\/p><p>Durante as buscas, foi efetivada a pris\u00e3o do suspeito e localizadas duas armas de fogo, uma carabina calibre .22LR e uma espingarda calibre 12 gauge, a arma usada no crime, al\u00e9m de muni\u00e7\u00f5es para essas armas e apreendidos outros itens de interesse para a investiga\u00e7\u00e3o.\u00a0<\/p><p>Ap\u00f3s a formaliza\u00e7\u00e3o dos procedimentos policiais, o investigado foi autuado em flagrante por posse ilegal das armas de fogo e, em seguida, encaminhado para Unidade Prisional do munic\u00edpio de Lages, local onde ficar\u00e1 \u00e0 disposi\u00e7\u00e3o da Justi\u00e7a.<\/p><div>\u00a0<\/div>\t\t\t\t\t\t\t\t<\/div>\n\t\t\t\t<\/div>\n\t\t\t\t\t<\/div>\n\t\t<\/div>\n\t\t\t\t\t<\/div>\n\t\t<\/section>\n\t\t\t\t<\/div>\n\t\t","protected":false},"excerpt":{"rendered":"<p>Em Bom Retiro, Pol\u00edcia Civil prende investigado por dupla tentativa de homic\u00eddio e apreende armas e muni\u00e7\u00f5es A Pol\u00edcia Civil de Santa Catarina, por meio da Delegacia de Pol\u00edcia de Bom Retiro, com apoio da Divis\u00e3o de Investiga\u00e7\u00f5es Criminais (DIC) de Lages, nesta sexta-feira (20), deu cumprimento a mandados de busca e apreens\u00e3o e pris\u00e3o [&hellip;]<\/p>\n","protected":false},"author":5,"featured_media":14488,"comment_status":"closed","ping_status":"open","sticky":false,"template":"","format":"standard","meta":{"_monsterinsights_skip_tracking":false,"_monsterinsights_sitenote_active":false,"_monsterinsights_sitenote_note":"","_monsterinsights_sitenote_category":0,"footnotes":""},"categories":[1],"tags":[],"class_list":["post-14487","post","type-post","status-publish","format-standard","has-post-thumbnail","hentry","category-sem-categoria"],"_links":{"self":[{"href":"https:\/\/pc.sc.gov.br\/index.php?rest_route=\/wp\/v2\/posts\/14487","targetHints":{"allow":["GET"]}}],"collection":[{"href":"https:\/\/pc.sc.gov.br\/index.php?rest_route=\/wp\/v2\/posts"}],"about":[{"href":"https:\/\/pc.sc.gov.br\/index.php?rest_route=\/wp\/v2\/types\/post"}],"author":[{"embeddable":true,"href":"https:\/\/pc.sc.gov.br\/index.php?rest_route=\/wp\/v2\/users\/5"}],"replies":[{"embeddable":true,"href":"https:\/\/pc.sc.gov.br\/index.php?rest_route=%2Fwp%2Fv2%2Fcomments&post=14487"}],"version-history":[{"count":4,"href":"https:\/\/pc.sc.gov.br\/index.php?rest_route=\/wp\/v2\/posts\/14487\/revisions"}],"predecessor-version":[{"id":14492,"href":"https:\/\/pc.sc.gov.br\/index.php?rest_route=\/wp\/v2\/posts\/14487\/revisions\/14492"}],"wp:featuredmedia":[{"embeddable":true,"href":"https:\/\/pc.sc.gov.br\/index.php?rest_route=\/wp\/v2\/media\/14488"}],"wp:attachment":[{"href":"https:\/\/pc.sc.gov.br\/index.php?rest_route=%2Fwp%2Fv2%2Fmedia&parent=14487"}],"wp:term":[{"taxonomy":"category","embeddable":true,"href":"https:\/\/pc.sc.gov.br\/index.php?rest_route=%2Fwp%2Fv2%2Fcategories&post=14487"},{"taxonomy":"post_tag","embeddable":true,"href":"https:\/\/pc.sc.gov.br\/index.php?rest_route=%2Fwp%2Fv2%2Ftags&post=14487"}],"curies":[{"name":"wp","href":"https:\/\/api.w.org\/{rel}","templated":true}]}}