{"id":14500,"date":"2023-10-20T16:48:15","date_gmt":"2023-10-20T19:48:15","guid":{"rendered":"https:\/\/pc.sc.gov.br\/?p=14500"},"modified":"2023-10-20T16:49:24","modified_gmt":"2023-10-20T19:49:24","slug":"armas-municoes-e-fardas-sao-entregues-as-forcas-de-seguranca-de-sc","status":"publish","type":"post","link":"https:\/\/pc.sc.gov.br\/?p=14500","title":{"rendered":"Armas, muni\u00e7\u00f5es e fardas s\u00e3o entregues \u00e0s for\u00e7as de seguran\u00e7a de SC"},"content":{"rendered":"\t\t<div data-elementor-type=\"wp-post\" data-elementor-id=\"14500\" class=\"elementor elementor-14500\" data-elementor-post-type=\"post\">\n\t\t\t\t\t\t<section class=\"elementor-section elementor-top-section elementor-element elementor-element-038829c elementor-section-boxed elementor-section-height-default elementor-section-height-default\" data-id=\"038829c\" data-element_type=\"section\">\n\t\t\t\t\t\t<div class=\"elementor-container elementor-column-gap-default\">\n\t\t\t\t\t<div class=\"elementor-column elementor-col-100 elementor-top-column elementor-element elementor-element-170ba17\" data-id=\"170ba17\" data-element_type=\"column\">\n\t\t\t<div class=\"elementor-widget-wrap elementor-element-populated\">\n\t\t\t\t\t\t<div class=\"elementor-element elementor-element-7db7141 elementor-widget elementor-widget-heading\" data-id=\"7db7141\" data-element_type=\"widget\" data-widget_type=\"heading.default\">\n\t\t\t\t<div class=\"elementor-widget-container\">\n\t\t\t\t\t<h2 class=\"elementor-heading-title elementor-size-default\">Armas, muni\u00e7\u00f5es e fardas s\u00e3o entregues \u00e0s for\u00e7as de Seguran\u00e7a de SC<\/h2>\t\t\t\t<\/div>\n\t\t\t\t<\/div>\n\t\t\t\t\t<\/div>\n\t\t<\/div>\n\t\t\t\t\t<\/div>\n\t\t<\/section>\n\t\t\t\t<section class=\"elementor-section elementor-top-section elementor-element elementor-element-591660b elementor-section-boxed elementor-section-height-default elementor-section-height-default\" data-id=\"591660b\" data-element_type=\"section\">\n\t\t\t\t\t\t<div class=\"elementor-container elementor-column-gap-default\">\n\t\t\t\t\t<div class=\"elementor-column elementor-col-100 elementor-top-column elementor-element elementor-element-005d1e4\" data-id=\"005d1e4\" data-element_type=\"column\">\n\t\t\t<div class=\"elementor-widget-wrap elementor-element-populated\">\n\t\t\t\t\t\t<div class=\"elementor-element elementor-element-634e067 elementor-widget elementor-widget-image\" data-id=\"634e067\" data-element_type=\"widget\" data-widget_type=\"image.default\">\n\t\t\t\t<div class=\"elementor-widget-container\">\n\t\t\t\t\t\t\t\t\t\t\t\t\t\t\t<img fetchpriority=\"high\" decoding=\"async\" width=\"696\" height=\"464\" src=\"https:\/\/pc.sc.gov.br\/\/wp-content\/uploads\/2023\/10\/53273025555_4c1379c018_k-1024x683.jpg\" class=\"attachment-large size-large wp-image-14501\" alt=\"\" srcset=\"https:\/\/pc.sc.gov.br\/\/wp-content\/uploads\/2023\/10\/53273025555_4c1379c018_k-1024x683.jpg 1024w, https:\/\/pc.sc.gov.br\/\/wp-content\/uploads\/2023\/10\/53273025555_4c1379c018_k-300x200.jpg 300w, https:\/\/pc.sc.gov.br\/\/wp-content\/uploads\/2023\/10\/53273025555_4c1379c018_k-768x512.jpg 768w, https:\/\/pc.sc.gov.br\/\/wp-content\/uploads\/2023\/10\/53273025555_4c1379c018_k-1536x1024.jpg 1536w, https:\/\/pc.sc.gov.br\/\/wp-content\/uploads\/2023\/10\/53273025555_4c1379c018_k.jpg 2048w\" sizes=\"(max-width: 696px) 100vw, 696px\" \/>\t\t\t\t\t\t\t\t\t\t\t\t\t\t\t<\/div>\n\t\t\t\t<\/div>\n\t\t\t\t\t<\/div>\n\t\t<\/div>\n\t\t\t\t\t<\/div>\n\t\t<\/section>\n\t\t\t\t<section class=\"elementor-section elementor-top-section elementor-element elementor-element-2ced25f elementor-section-boxed elementor-section-height-default elementor-section-height-default\" data-id=\"2ced25f\" data-element_type=\"section\">\n\t\t\t\t\t\t<div class=\"elementor-container elementor-column-gap-default\">\n\t\t\t\t\t<div class=\"elementor-column elementor-col-100 elementor-top-column elementor-element elementor-element-a69991f\" data-id=\"a69991f\" data-element_type=\"column\">\n\t\t\t<div class=\"elementor-widget-wrap elementor-element-populated\">\n\t\t\t\t\t\t<div class=\"elementor-element elementor-element-80a7a0d elementor-widget elementor-widget-text-editor\" data-id=\"80a7a0d\" data-element_type=\"widget\" data-widget_type=\"text-editor.default\">\n\t\t\t\t<div class=\"elementor-widget-container\">\n\t\t\t\t\t\t\t\t\t<p>Armas, muni\u00e7\u00f5es, fardas e kits para armamento est\u00e3o entre os materiais entregues nesta sexta-feira (20) pela Secretaria de Seguran\u00e7a P\u00fablica (SSP-SC) \u00e0s for\u00e7as de Seguran\u00e7a de Santa Catarina &#8211; Pol\u00edcia Militar, Pol\u00edcia Civil e Corpo de Bombeiros Militar e \u00e0 pr\u00f3pria SSP.<\/p>\n<p>Os bens s\u00e3o oriundos da Secretaria Nacional de Seguran\u00e7a P\u00fablica (Senasp), em conv\u00eanio de coopera\u00e7\u00e3o federativa firmado pelo Minist\u00e9rio da Justi\u00e7a e Seguran\u00e7a P\u00fablica, por meio da Senasp, com o Estado de Santa Catarina, devido \u00e0 cess\u00e3o de servidores estaduais de SC junto \u00e0 For\u00e7a Nacional de Seguran\u00e7a.<\/p>\n<p>O ato aconteceu no audit\u00f3rio da SSP, em Florian\u00f3polis, com a presen\u00e7a da SSP e dos representantes das for\u00e7as de Seguran\u00e7a. Os materiais e equipamentos ser\u00e3o distribu\u00eddos para unidades policiais pelo Estado, al\u00e9m de \u00e1reas especializadas como policiamento na \u00e1rea ambiental, t\u00e1tico, intelig\u00eancia e prote\u00e7\u00e3o escolar.<\/p>\n<p><b>Recursos para SC<\/b><\/p>\n<p>&#8220;A Secretaria de Seguran\u00e7a P\u00fablica busca mais recursos para melhorar ainda mais a situa\u00e7\u00e3o de Santa Catarina no cen\u00e1rio nacional. S\u00e3o parcerias que ajudam e o momento \u00e9 de agradecer \u00e0 SENASP (Secretaria Nacional de Seguran\u00e7a P\u00fablica&#8221;, afirmou o secret\u00e1rio de Seguran\u00e7a P\u00fablica de Santa Catarina, Paulo Cezar Ramos de Oliveira.<\/p>\n<p>Ao enfatizar a qualidade de excel\u00eancia da presta\u00e7\u00e3o dos servi\u00e7os pelas for\u00e7as de Seguran\u00e7a de SC, o secret\u00e1rio enfatizou tamb\u00e9m a import\u00e2ncia do incremento de equipamentos aos servidores. &#8220;Com os nossos policiais e servidores cada vez mais equipados vamos avan\u00e7ar ainda mais nos resultados da Seguran\u00e7a p\u00fablica catarinense&#8221;, destacou.<\/p>\n<p>O comandante-geral da Pol\u00edcia Militar de Santa Catarina, coronel Aur\u00e9lio Pelozato, lembrou que Santa Catarina contribui constantemente no cen\u00e1rio nacional com os seus servidores. &#8220;O equipamento \u00e9 sempre bem-vindo. Santa Catarina est\u00e1 sempre contribuindo no cen\u00e1rio cen\u00e1rio nacional. A expertise de Santa Catarina \u00e9 unica&#8221;, pontuou o comandante-geral.<\/p>\n<p>De acordo com o delegado-geral da Pol\u00edcia Civil, delegado Nilson Lu\u00eds de Oliveira C\u00e9zar, os equipamentos ser\u00e3o utilizados principalmente em trabalhos operacionais do dia a dia e contribuir\u00e3o para os resultados das Pol\u00edcias contra o crime.<\/p>\n<p>A Pol\u00edcia Cient\u00edfica de Santa Catarina foi representada pelo perito-geral adjunto, Douglas de Oliveira Balen, e o Corpo de Bombeiros Militar pelo Chefe de gabinete e Ajudante-geral, coronel Jefferson de Souza. Tamb\u00e9m estiveram presentes no ato o secret\u00e1rio-adjunto da Seguran\u00e7a P\u00fablica de SC, coronel Freibergue Rubem do Nascimento, demais autoridades das for\u00e7as de seguran\u00e7a de SC, diretores, gestores e servidores da SSP.<\/p>\n<div>&nbsp;<\/div>\t\t\t\t\t\t\t\t<\/div>\n\t\t\t\t<\/div>\n\t\t\t\t\t<\/div>\n\t\t<\/div>\n\t\t\t\t\t<\/div>\n\t\t<\/section>\n\t\t\t\t<\/div>\n\t\t","protected":false},"excerpt":{"rendered":"<p>Armas, muni\u00e7\u00f5es e fardas s\u00e3o entregues \u00e0s for\u00e7as de Seguran\u00e7a de SC Armas, muni\u00e7\u00f5es, fardas e kits para armamento est\u00e3o entre os materiais entregues nesta sexta-feira (20) pela Secretaria de Seguran\u00e7a P\u00fablica (SSP-SC) \u00e0s for\u00e7as de Seguran\u00e7a de Santa Catarina &#8211; Pol\u00edcia Militar, Pol\u00edcia Civil e Corpo de Bombeiros Militar e \u00e0 pr\u00f3pria SSP. Os [&hellip;]<\/p>\n","protected":false},"author":5,"featured_media":14501,"comment_status":"closed","ping_status":"open","sticky":false,"template":"","format":"standard","meta":{"_monsterinsights_skip_tracking":false,"_monsterinsights_sitenote_active":false,"_monsterinsights_sitenote_note":"","_monsterinsights_sitenote_category":0,"footnotes":""},"categories":[1],"tags":[],"class_list":["post-14500","post","type-post","status-publish","format-standard","has-post-thumbnail","hentry","category-sem-categoria"],"_links":{"self":[{"href":"https:\/\/pc.sc.gov.br\/index.php?rest_route=\/wp\/v2\/posts\/14500","targetHints":{"allow":["GET"]}}],"collection":[{"href":"https:\/\/pc.sc.gov.br\/index.php?rest_route=\/wp\/v2\/posts"}],"about":[{"href":"https:\/\/pc.sc.gov.br\/index.php?rest_route=\/wp\/v2\/types\/post"}],"author":[{"embeddable":true,"href":"https:\/\/pc.sc.gov.br\/index.php?rest_route=\/wp\/v2\/users\/5"}],"replies":[{"embeddable":true,"href":"https:\/\/pc.sc.gov.br\/index.php?rest_route=%2Fwp%2Fv2%2Fcomments&post=14500"}],"version-history":[{"count":4,"href":"https:\/\/pc.sc.gov.br\/index.php?rest_route=\/wp\/v2\/posts\/14500\/revisions"}],"predecessor-version":[{"id":14505,"href":"https:\/\/pc.sc.gov.br\/index.php?rest_route=\/wp\/v2\/posts\/14500\/revisions\/14505"}],"wp:featuredmedia":[{"embeddable":true,"href":"https:\/\/pc.sc.gov.br\/index.php?rest_route=\/wp\/v2\/media\/14501"}],"wp:attachment":[{"href":"https:\/\/pc.sc.gov.br\/index.php?rest_route=%2Fwp%2Fv2%2Fmedia&parent=14500"}],"wp:term":[{"taxonomy":"category","embeddable":true,"href":"https:\/\/pc.sc.gov.br\/index.php?rest_route=%2Fwp%2Fv2%2Fcategories&post=14500"},{"taxonomy":"post_tag","embeddable":true,"href":"https:\/\/pc.sc.gov.br\/index.php?rest_route=%2Fwp%2Fv2%2Ftags&post=14500"}],"curies":[{"name":"wp","href":"https:\/\/api.w.org\/{rel}","templated":true}]}}