{"id":14506,"date":"2023-10-20T17:11:29","date_gmt":"2023-10-20T20:11:29","guid":{"rendered":"https:\/\/pc.sc.gov.br\/?p=14506"},"modified":"2023-10-20T17:14:09","modified_gmt":"2023-10-20T20:14:09","slug":"policia-civil-deflagra-operacao-baptizare-contra-organizacao-criminosa-que-atua-com-trafico-de-drogas-nas-regioes-sul-do-parana-e-norte-de-santa-catarina","status":"publish","type":"post","link":"https:\/\/pc.sc.gov.br\/?p=14506","title":{"rendered":"Pol\u00edcia Civil deflagra opera\u00e7\u00e3o \u201cBaptizare\u201d contra organiza\u00e7\u00e3o criminosa que atua com tr\u00e1fico de drogas nas regi\u00f5es sul do Paran\u00e1 e norte de Santa Catarina"},"content":{"rendered":"\t\t<div data-elementor-type=\"wp-post\" data-elementor-id=\"14506\" class=\"elementor elementor-14506\" data-elementor-post-type=\"post\">\n\t\t\t\t\t\t<section class=\"elementor-section elementor-top-section elementor-element elementor-element-d8c1a0b elementor-section-boxed elementor-section-height-default elementor-section-height-default\" data-id=\"d8c1a0b\" data-element_type=\"section\">\n\t\t\t\t\t\t<div class=\"elementor-container elementor-column-gap-default\">\n\t\t\t\t\t<div class=\"elementor-column elementor-col-100 elementor-top-column elementor-element elementor-element-be5d596\" data-id=\"be5d596\" data-element_type=\"column\">\n\t\t\t<div class=\"elementor-widget-wrap elementor-element-populated\">\n\t\t\t\t\t\t<div class=\"elementor-element elementor-element-97be9ea elementor-widget elementor-widget-heading\" data-id=\"97be9ea\" data-element_type=\"widget\" data-widget_type=\"heading.default\">\n\t\t\t\t<div class=\"elementor-widget-container\">\n\t\t\t\t\t<h2 class=\"elementor-heading-title elementor-size-default\">Pol\u00edcia Civil deflagra opera\u00e7\u00e3o \u201cBaptizare\u201d contra organiza\u00e7\u00e3o criminosa que atua com tr\u00e1fico de drogas nas regi\u00f5es sul do Paran\u00e1 e norte de Santa Catarina<\/h2>\t\t\t\t<\/div>\n\t\t\t\t<\/div>\n\t\t\t\t\t<\/div>\n\t\t<\/div>\n\t\t\t\t\t<\/div>\n\t\t<\/section>\n\t\t\t\t<section class=\"elementor-section elementor-top-section elementor-element elementor-element-1ce858b elementor-section-boxed elementor-section-height-default elementor-section-height-default\" data-id=\"1ce858b\" data-element_type=\"section\">\n\t\t\t\t\t\t<div class=\"elementor-container elementor-column-gap-default\">\n\t\t\t\t\t<div class=\"elementor-column elementor-col-100 elementor-top-column elementor-element elementor-element-3d990fe\" data-id=\"3d990fe\" data-element_type=\"column\">\n\t\t\t<div class=\"elementor-widget-wrap elementor-element-populated\">\n\t\t\t\t\t\t<div class=\"elementor-element elementor-element-c292f39 elementor-widget elementor-widget-image\" data-id=\"c292f39\" data-element_type=\"widget\" data-widget_type=\"image.default\">\n\t\t\t\t<div class=\"elementor-widget-container\">\n\t\t\t\t\t\t\t\t\t\t\t\t\t\t\t<img fetchpriority=\"high\" decoding=\"async\" width=\"696\" height=\"522\" src=\"https:\/\/pc.sc.gov.br\/\/wp-content\/uploads\/2023\/10\/WhatsApp-Image-2023-10-20-at-13.42.07-1-1024x768.jpeg\" class=\"attachment-large size-large wp-image-14507\" alt=\"\" srcset=\"https:\/\/pc.sc.gov.br\/\/wp-content\/uploads\/2023\/10\/WhatsApp-Image-2023-10-20-at-13.42.07-1-1024x768.jpeg 1024w, https:\/\/pc.sc.gov.br\/\/wp-content\/uploads\/2023\/10\/WhatsApp-Image-2023-10-20-at-13.42.07-1-300x225.jpeg 300w, https:\/\/pc.sc.gov.br\/\/wp-content\/uploads\/2023\/10\/WhatsApp-Image-2023-10-20-at-13.42.07-1-768x576.jpeg 768w, https:\/\/pc.sc.gov.br\/\/wp-content\/uploads\/2023\/10\/WhatsApp-Image-2023-10-20-at-13.42.07-1-1536x1152.jpeg 1536w, https:\/\/pc.sc.gov.br\/\/wp-content\/uploads\/2023\/10\/WhatsApp-Image-2023-10-20-at-13.42.07-1-2048x1536.jpeg 2048w\" sizes=\"(max-width: 696px) 100vw, 696px\" \/>\t\t\t\t\t\t\t\t\t\t\t\t\t\t\t<\/div>\n\t\t\t\t<\/div>\n\t\t\t\t\t<\/div>\n\t\t<\/div>\n\t\t\t\t\t<\/div>\n\t\t<\/section>\n\t\t\t\t<section class=\"elementor-section elementor-top-section elementor-element elementor-element-7510546 elementor-section-boxed elementor-section-height-default elementor-section-height-default\" data-id=\"7510546\" data-element_type=\"section\">\n\t\t\t\t\t\t<div class=\"elementor-container elementor-column-gap-default\">\n\t\t\t\t\t<div class=\"elementor-column elementor-col-100 elementor-top-column elementor-element elementor-element-2adfc56\" data-id=\"2adfc56\" data-element_type=\"column\">\n\t\t\t<div class=\"elementor-widget-wrap elementor-element-populated\">\n\t\t\t\t\t\t<div class=\"elementor-element elementor-element-588964d elementor-widget elementor-widget-text-editor\" data-id=\"588964d\" data-element_type=\"widget\" data-widget_type=\"text-editor.default\">\n\t\t\t\t<div class=\"elementor-widget-container\">\n\t\t\t\t\t\t\t\t\t<p>Nesta sexta-feira (20), a Pol\u00edcia Civil de Santa Catarina, por meio das Delegacias de Pol\u00edcia de Mafra e de Rio Negro, com apoio da Pol\u00edcia Militar de Rio Negro,&nbsp;da Pol\u00edcia Cient\u00edfica de Mafra e da Pol\u00edcia Rodovi\u00e1ria Federal, deflagraram a opera\u00e7\u00e3o \u201cBaptizare\u201d, para cumprir dezenas de mandados de pris\u00e3o e de busca e apreens\u00e3o contra uma organiza\u00e7\u00e3o criminosa respons\u00e1vel pelo fornecimento de droga para cidades das regi\u00f5es sul do Paran\u00e1 e norte de Santa Catarina. A opera\u00e7\u00e3o contou com a participa\u00e7\u00e3o de 130 policiais das institui\u00e7\u00f5es envolvidas.<br>As investiga\u00e7\u00f5es, realizadas por meio de dois inqu\u00e9ritos, um da Divis\u00e3o de Investiga\u00e7\u00e3o Criminal da Delegacia de Mafra e outro da Delegacia de Rio Negro, apuram as pr\u00e1ticas criminosas realizadas por 60 pessoas e resultaram nos mandados judiciais cumpridos nesta sexta-feira (20). <br>Na a\u00e7\u00e3o, foram encontradas e apreendidas diversas provas que confirmam a tese apontada durante oito meses de investiga\u00e7\u00e3o. Foram executadas tamb\u00e9m 17 pris\u00f5es tempor\u00e1rias e lavrados quatro autos de pris\u00f5es em flagrante pelos crimes de tr\u00e1fico de drogas, posse ilegal de muni\u00e7\u00f5es e posse de animais silvestres.<br>As apura\u00e7\u00f5es demonstram que pessoas de uma mesma fam\u00edlia, residentes do munic\u00edpio de Campo do Tenente, no Paran\u00e1, organizaram uma verdadeira &#8220;empresa familiar &#8221; que atua com o com\u00e9rcio de drogas como coca\u00edna, crack e maconha.<br>O nome da opera\u00e7\u00e3o, &#8220;Baptizare&#8221;, faz refer\u00eancia ao fato de que a organiza\u00e7\u00e3o criminosa acrescentava diversas outras subst\u00e2ncias qu\u00edmicas, nocivas \u00e0 sa\u00fade, inclusive \u00e1cidos, &#8220;batizando&#8221; a coca\u00edna para baratear a produ\u00e7\u00e3o da droga e proporcionar mais lucro. Estima-se que, somente no ano passado, a organiza\u00e7\u00e3o criminosa movimentou quase R$ 2 milh\u00f5es com o tr\u00e1fico de drogas. <br>Al\u00e9m dos investigados da fam\u00edlia de Campo do Tenente, foram presas pessoas em Rio Negro, Mafra, Jaragu\u00e1 do Sul e Itaja\u00ed, que eram associados ao bando e realizavam venda de droga nestas cidades. Tamb\u00e9m foram presos dois indiv\u00edduos que eram respons\u00e1veis apenas pelo transporte da droga entre os pontos de distribui\u00e7\u00e3o e venda.<br>S\u00e3o apurados nas investiga\u00e7\u00f5es os crimes de tr\u00e1fico de drogas, organiza\u00e7\u00e3o criminosa e lavagem de dinheiro, mas h\u00e1 suspeita de que o bando tem envolvimento em homic\u00eddios ocorridos na regi\u00e3o. Al\u00e9m disso, o homem apontado como chefe da quadrilha est\u00e1 preso desde fevereiro deste ano e possui extenso hist\u00f3rico policial como autor de crimes como homic\u00eddios, posse ilegal de arma de fogo e tr\u00e1fico de drogas.<br>Ao final das dilig\u00eancias, os presos foram encaminhados para as delegacias dos locais onde foram capturados para interrogat\u00f3rio e, em seguida, para unidades prisionais de Itaja\u00ed, Rio Negro e Mafra.<br>Nos pr\u00f3ximos dias ser\u00e1 dada continuidade na instru\u00e7\u00e3o dos inqu\u00e9ritos que investigam a organiza\u00e7\u00e3o criminosa, sendo os procedimentos policiais posteriormente remetidos ao Minist\u00e9rio P\u00fablico para abertura da competente a\u00e7\u00e3o penal.<\/p>\t\t\t\t\t\t\t\t<\/div>\n\t\t\t\t<\/div>\n\t\t\t\t\t<\/div>\n\t\t<\/div>\n\t\t\t\t\t<\/div>\n\t\t<\/section>\n\t\t\t\t<section class=\"elementor-section elementor-top-section elementor-element elementor-element-ac46e46 elementor-section-boxed elementor-section-height-default elementor-section-height-default\" data-id=\"ac46e46\" data-element_type=\"section\">\n\t\t\t\t\t\t<div class=\"elementor-container elementor-column-gap-default\">\n\t\t\t\t\t<div class=\"elementor-column elementor-col-100 elementor-top-column elementor-element elementor-element-f160093\" data-id=\"f160093\" data-element_type=\"column\">\n\t\t\t<div class=\"elementor-widget-wrap elementor-element-populated\">\n\t\t\t\t\t\t<div class=\"elementor-element elementor-element-4df64bb elementor-widget elementor-widget-image\" data-id=\"4df64bb\" data-element_type=\"widget\" data-widget_type=\"image.default\">\n\t\t\t\t<div class=\"elementor-widget-container\">\n\t\t\t\t\t\t\t\t\t\t\t\t\t\t\t<img decoding=\"async\" width=\"696\" height=\"522\" src=\"https:\/\/pc.sc.gov.br\/\/wp-content\/uploads\/2023\/10\/WhatsApp-Image-2023-10-20-at-13.42.07-1024x768.jpeg\" class=\"attachment-large size-large wp-image-14509\" alt=\"\" srcset=\"https:\/\/pc.sc.gov.br\/\/wp-content\/uploads\/2023\/10\/WhatsApp-Image-2023-10-20-at-13.42.07-1024x768.jpeg 1024w, https:\/\/pc.sc.gov.br\/\/wp-content\/uploads\/2023\/10\/WhatsApp-Image-2023-10-20-at-13.42.07-300x225.jpeg 300w, https:\/\/pc.sc.gov.br\/\/wp-content\/uploads\/2023\/10\/WhatsApp-Image-2023-10-20-at-13.42.07-768x576.jpeg 768w, https:\/\/pc.sc.gov.br\/\/wp-content\/uploads\/2023\/10\/WhatsApp-Image-2023-10-20-at-13.42.07-1536x1152.jpeg 1536w, https:\/\/pc.sc.gov.br\/\/wp-content\/uploads\/2023\/10\/WhatsApp-Image-2023-10-20-at-13.42.07-2048x1536.jpeg 2048w\" sizes=\"(max-width: 696px) 100vw, 696px\" \/>\t\t\t\t\t\t\t\t\t\t\t\t\t\t\t<\/div>\n\t\t\t\t<\/div>\n\t\t\t\t\t<\/div>\n\t\t<\/div>\n\t\t\t\t\t<\/div>\n\t\t<\/section>\n\t\t\t\t<\/div>\n\t\t","protected":false},"excerpt":{"rendered":"<p>Pol\u00edcia Civil deflagra opera\u00e7\u00e3o \u201cBaptizare\u201d contra organiza\u00e7\u00e3o criminosa que atua com tr\u00e1fico de drogas nas regi\u00f5es sul do Paran\u00e1 e norte de Santa Catarina Nesta sexta-feira (20), a Pol\u00edcia Civil de Santa Catarina, por meio das Delegacias de Pol\u00edcia de Mafra e de Rio Negro, com apoio da Pol\u00edcia Militar de Rio Negro,&nbsp;da Pol\u00edcia Cient\u00edfica [&hellip;]<\/p>\n","protected":false},"author":5,"featured_media":14507,"comment_status":"closed","ping_status":"open","sticky":false,"template":"","format":"standard","meta":{"_monsterinsights_skip_tracking":false,"_monsterinsights_sitenote_active":false,"_monsterinsights_sitenote_note":"","_monsterinsights_sitenote_category":0,"footnotes":""},"categories":[1],"tags":[],"class_list":["post-14506","post","type-post","status-publish","format-standard","has-post-thumbnail","hentry","category-sem-categoria"],"_links":{"self":[{"href":"https:\/\/pc.sc.gov.br\/index.php?rest_route=\/wp\/v2\/posts\/14506","targetHints":{"allow":["GET"]}}],"collection":[{"href":"https:\/\/pc.sc.gov.br\/index.php?rest_route=\/wp\/v2\/posts"}],"about":[{"href":"https:\/\/pc.sc.gov.br\/index.php?rest_route=\/wp\/v2\/types\/post"}],"author":[{"embeddable":true,"href":"https:\/\/pc.sc.gov.br\/index.php?rest_route=\/wp\/v2\/users\/5"}],"replies":[{"embeddable":true,"href":"https:\/\/pc.sc.gov.br\/index.php?rest_route=%2Fwp%2Fv2%2Fcomments&post=14506"}],"version-history":[{"count":4,"href":"https:\/\/pc.sc.gov.br\/index.php?rest_route=\/wp\/v2\/posts\/14506\/revisions"}],"predecessor-version":[{"id":14519,"href":"https:\/\/pc.sc.gov.br\/index.php?rest_route=\/wp\/v2\/posts\/14506\/revisions\/14519"}],"wp:featuredmedia":[{"embeddable":true,"href":"https:\/\/pc.sc.gov.br\/index.php?rest_route=\/wp\/v2\/media\/14507"}],"wp:attachment":[{"href":"https:\/\/pc.sc.gov.br\/index.php?rest_route=%2Fwp%2Fv2%2Fmedia&parent=14506"}],"wp:term":[{"taxonomy":"category","embeddable":true,"href":"https:\/\/pc.sc.gov.br\/index.php?rest_route=%2Fwp%2Fv2%2Fcategories&post=14506"},{"taxonomy":"post_tag","embeddable":true,"href":"https:\/\/pc.sc.gov.br\/index.php?rest_route=%2Fwp%2Fv2%2Ftags&post=14506"}],"curies":[{"name":"wp","href":"https:\/\/api.w.org\/{rel}","templated":true}]}}