{"id":14508,"date":"2023-10-20T17:09:28","date_gmt":"2023-10-20T20:09:28","guid":{"rendered":"https:\/\/pc.sc.gov.br\/?p=14508"},"modified":"2023-10-20T17:14:50","modified_gmt":"2023-10-20T20:14:50","slug":"operacao-conjunta-entre-policia-civil-policia-cientifica-e-detran-resultam-na-prisao-de-empresario-do-ramo-de-autopecas","status":"publish","type":"post","link":"https:\/\/pc.sc.gov.br\/?p=14508","title":{"rendered":"Opera\u00e7\u00e3o conjunta entre Pol\u00edcia Civil, Pol\u00edcia Cient\u00edfica e Detran resulta na pris\u00e3o de empres\u00e1rio do ramo de autope\u00e7as"},"content":{"rendered":"\t\t<div data-elementor-type=\"wp-post\" data-elementor-id=\"14508\" class=\"elementor elementor-14508\" data-elementor-post-type=\"post\">\n\t\t\t\t\t\t<section class=\"elementor-section elementor-top-section elementor-element elementor-element-7c4bcfa elementor-section-boxed elementor-section-height-default elementor-section-height-default\" data-id=\"7c4bcfa\" data-element_type=\"section\">\n\t\t\t\t\t\t<div class=\"elementor-container elementor-column-gap-default\">\n\t\t\t\t\t<div class=\"elementor-column elementor-col-100 elementor-top-column elementor-element elementor-element-cd2dd92\" data-id=\"cd2dd92\" data-element_type=\"column\">\n\t\t\t<div class=\"elementor-widget-wrap elementor-element-populated\">\n\t\t\t\t\t\t<div class=\"elementor-element elementor-element-a359efe elementor-widget elementor-widget-heading\" data-id=\"a359efe\" data-element_type=\"widget\" data-widget_type=\"heading.default\">\n\t\t\t\t<div class=\"elementor-widget-container\">\n\t\t\t\t\t<h2 class=\"elementor-heading-title elementor-size-default\">Opera\u00e7\u00e3o conjunta entre Pol\u00edcia Civil, Pol\u00edcia Cient\u00edfica e Corregedoria do Detran resulta na pris\u00e3o de empres\u00e1rio do ramo de autope\u00e7as<\/h2>\t\t\t\t<\/div>\n\t\t\t\t<\/div>\n\t\t\t\t\t<\/div>\n\t\t<\/div>\n\t\t\t\t\t<\/div>\n\t\t<\/section>\n\t\t\t\t<section class=\"elementor-section elementor-top-section elementor-element elementor-element-53ea5ba elementor-section-boxed elementor-section-height-default elementor-section-height-default\" data-id=\"53ea5ba\" data-element_type=\"section\">\n\t\t\t\t\t\t<div class=\"elementor-container elementor-column-gap-default\">\n\t\t\t\t\t<div class=\"elementor-column elementor-col-100 elementor-top-column elementor-element elementor-element-ecb58b3\" data-id=\"ecb58b3\" data-element_type=\"column\">\n\t\t\t<div class=\"elementor-widget-wrap elementor-element-populated\">\n\t\t\t\t\t\t<div class=\"elementor-element elementor-element-1b9022a elementor-widget elementor-widget-image\" data-id=\"1b9022a\" data-element_type=\"widget\" data-widget_type=\"image.default\">\n\t\t\t\t<div class=\"elementor-widget-container\">\n\t\t\t\t\t\t\t\t\t\t\t\t\t\t\t<img fetchpriority=\"high\" decoding=\"async\" width=\"696\" height=\"521\" src=\"https:\/\/pc.sc.gov.br\/\/wp-content\/uploads\/2023\/10\/WhatsApp-Image-2023-10-20-at-16.08.03-1024x766.jpeg\" class=\"attachment-large size-large wp-image-14512\" alt=\"\" srcset=\"https:\/\/pc.sc.gov.br\/\/wp-content\/uploads\/2023\/10\/WhatsApp-Image-2023-10-20-at-16.08.03-1024x766.jpeg 1024w, https:\/\/pc.sc.gov.br\/\/wp-content\/uploads\/2023\/10\/WhatsApp-Image-2023-10-20-at-16.08.03-300x224.jpeg 300w, https:\/\/pc.sc.gov.br\/\/wp-content\/uploads\/2023\/10\/WhatsApp-Image-2023-10-20-at-16.08.03-768x575.jpeg 768w, https:\/\/pc.sc.gov.br\/\/wp-content\/uploads\/2023\/10\/WhatsApp-Image-2023-10-20-at-16.08.03.jpeg 1160w\" sizes=\"(max-width: 696px) 100vw, 696px\" \/>\t\t\t\t\t\t\t\t\t\t\t\t\t\t\t<\/div>\n\t\t\t\t<\/div>\n\t\t\t\t\t<\/div>\n\t\t<\/div>\n\t\t\t\t\t<\/div>\n\t\t<\/section>\n\t\t\t\t<section class=\"elementor-section elementor-top-section elementor-element elementor-element-25e0ff9 elementor-section-boxed elementor-section-height-default elementor-section-height-default\" data-id=\"25e0ff9\" data-element_type=\"section\">\n\t\t\t\t\t\t<div class=\"elementor-container elementor-column-gap-default\">\n\t\t\t\t\t<div class=\"elementor-column elementor-col-100 elementor-top-column elementor-element elementor-element-26ab909\" data-id=\"26ab909\" data-element_type=\"column\">\n\t\t\t<div class=\"elementor-widget-wrap elementor-element-populated\">\n\t\t\t\t\t\t<div class=\"elementor-element elementor-element-ba6d35a elementor-widget elementor-widget-text-editor\" data-id=\"ba6d35a\" data-element_type=\"widget\" data-widget_type=\"text-editor.default\">\n\t\t\t\t<div class=\"elementor-widget-container\">\n\t\t\t\t\t\t\t\t\t<p>Ap\u00f3s o recebimento de informa\u00e7\u00f5es e dando continuidade \u00e0s a\u00e7\u00f5es voltadas ao combate ao com\u00e9rcio irregular de pe\u00e7as ve\u00edculos e combate a fraudes relacionadas ao \u00f3rg\u00e3o de tr\u00e2nsito, na quinta-feira (19) policiais da DFRV\/DEIC, DPCO de Balne\u00e1rio Cambori\u00fa, Pol\u00edcia Cient\u00edfica e Corregedoria do DETRAN\/SC realizaram a fiscaliza\u00e7\u00e3o de um estabelecimento comercial na regi\u00e3o.<\/p><p>Durante a fiscaliza\u00e7\u00e3o foram encontradas pe\u00e7as de sete ve\u00edculos com restri\u00e7\u00e3o de furto\/roubo, incluindo S\u00e3o Paulo e Paran\u00e1, al\u00e9m de constatada outras irregularidades de cunho administrativo.<\/p><p>O propriet\u00e1rio do estabelecimento foi preso em flagrante pelo crime de recepta\u00e7\u00e3o qualificada e encaminhado \u00e0 sede da DEIC para formaliza\u00e7\u00e3o dos procedimentos e o estabelecimento notificado em raz\u00e3o das irregularidades observadas. As investiga\u00e7\u00f5es prosseguem no intuito de apurar os crimes conexos.<\/p><div>\u00a0<\/div>\t\t\t\t\t\t\t\t<\/div>\n\t\t\t\t<\/div>\n\t\t\t\t\t<\/div>\n\t\t<\/div>\n\t\t\t\t\t<\/div>\n\t\t<\/section>\n\t\t\t\t<\/div>\n\t\t","protected":false},"excerpt":{"rendered":"<p>Opera\u00e7\u00e3o conjunta entre Pol\u00edcia Civil, Pol\u00edcia Cient\u00edfica e Corregedoria do Detran resulta na pris\u00e3o de empres\u00e1rio do ramo de autope\u00e7as Ap\u00f3s o recebimento de informa\u00e7\u00f5es e dando continuidade \u00e0s a\u00e7\u00f5es voltadas ao combate ao com\u00e9rcio irregular de pe\u00e7as ve\u00edculos e combate a fraudes relacionadas ao \u00f3rg\u00e3o de tr\u00e2nsito, na quinta-feira (19) policiais da DFRV\/DEIC, DPCO [&hellip;]<\/p>\n","protected":false},"author":5,"featured_media":14512,"comment_status":"closed","ping_status":"open","sticky":false,"template":"","format":"standard","meta":{"_monsterinsights_skip_tracking":false,"_monsterinsights_sitenote_active":false,"_monsterinsights_sitenote_note":"","_monsterinsights_sitenote_category":0,"footnotes":""},"categories":[1],"tags":[],"class_list":["post-14508","post","type-post","status-publish","format-standard","has-post-thumbnail","hentry","category-sem-categoria"],"_links":{"self":[{"href":"https:\/\/pc.sc.gov.br\/index.php?rest_route=\/wp\/v2\/posts\/14508","targetHints":{"allow":["GET"]}}],"collection":[{"href":"https:\/\/pc.sc.gov.br\/index.php?rest_route=\/wp\/v2\/posts"}],"about":[{"href":"https:\/\/pc.sc.gov.br\/index.php?rest_route=\/wp\/v2\/types\/post"}],"author":[{"embeddable":true,"href":"https:\/\/pc.sc.gov.br\/index.php?rest_route=\/wp\/v2\/users\/5"}],"replies":[{"embeddable":true,"href":"https:\/\/pc.sc.gov.br\/index.php?rest_route=%2Fwp%2Fv2%2Fcomments&post=14508"}],"version-history":[{"count":4,"href":"https:\/\/pc.sc.gov.br\/index.php?rest_route=\/wp\/v2\/posts\/14508\/revisions"}],"predecessor-version":[{"id":14516,"href":"https:\/\/pc.sc.gov.br\/index.php?rest_route=\/wp\/v2\/posts\/14508\/revisions\/14516"}],"wp:featuredmedia":[{"embeddable":true,"href":"https:\/\/pc.sc.gov.br\/index.php?rest_route=\/wp\/v2\/media\/14512"}],"wp:attachment":[{"href":"https:\/\/pc.sc.gov.br\/index.php?rest_route=%2Fwp%2Fv2%2Fmedia&parent=14508"}],"wp:term":[{"taxonomy":"category","embeddable":true,"href":"https:\/\/pc.sc.gov.br\/index.php?rest_route=%2Fwp%2Fv2%2Fcategories&post=14508"},{"taxonomy":"post_tag","embeddable":true,"href":"https:\/\/pc.sc.gov.br\/index.php?rest_route=%2Fwp%2Fv2%2Ftags&post=14508"}],"curies":[{"name":"wp","href":"https:\/\/api.w.org\/{rel}","templated":true}]}}