{"id":14520,"date":"2023-10-20T17:23:40","date_gmt":"2023-10-20T20:23:40","guid":{"rendered":"https:\/\/pc.sc.gov.br\/?p=14520"},"modified":"2023-10-20T17:25:56","modified_gmt":"2023-10-20T20:25:56","slug":"policia-civil-deflagra-operacao-arca-para-coibir-a-venda-ilegal-de-animais-silvestres-e-exoticos","status":"publish","type":"post","link":"https:\/\/pc.sc.gov.br\/?p=14520","title":{"rendered":"Pol\u00edcia Civil deflagra opera\u00e7\u00e3o \u201cArca\u201d para coibir a venda ilegal de animais silvestres e ex\u00f3ticos em SC"},"content":{"rendered":"\t\t<div data-elementor-type=\"wp-post\" data-elementor-id=\"14520\" class=\"elementor elementor-14520\" data-elementor-post-type=\"post\">\n\t\t\t\t\t\t<section class=\"elementor-section elementor-top-section elementor-element elementor-element-157c150 elementor-section-boxed elementor-section-height-default elementor-section-height-default\" data-id=\"157c150\" data-element_type=\"section\">\n\t\t\t\t\t\t<div class=\"elementor-container elementor-column-gap-default\">\n\t\t\t\t\t<div class=\"elementor-column elementor-col-100 elementor-top-column elementor-element elementor-element-c9f2765\" data-id=\"c9f2765\" data-element_type=\"column\">\n\t\t\t<div class=\"elementor-widget-wrap elementor-element-populated\">\n\t\t\t\t\t\t<div class=\"elementor-element elementor-element-9e2b9df elementor-widget elementor-widget-heading\" data-id=\"9e2b9df\" data-element_type=\"widget\" data-widget_type=\"heading.default\">\n\t\t\t\t<div class=\"elementor-widget-container\">\n\t\t\t\t\t<h2 class=\"elementor-heading-title elementor-size-default\">Pol\u00edcia Civil deflagra opera\u00e7\u00e3o \u201cArca\u201d para coibir a venda ilegal de animais silvestres e ex\u00f3ticos em SC<\/h2>\t\t\t\t<\/div>\n\t\t\t\t<\/div>\n\t\t\t\t\t<\/div>\n\t\t<\/div>\n\t\t\t\t\t<\/div>\n\t\t<\/section>\n\t\t\t\t<section class=\"elementor-section elementor-top-section elementor-element elementor-element-8e8675c elementor-section-boxed elementor-section-height-default elementor-section-height-default\" data-id=\"8e8675c\" data-element_type=\"section\">\n\t\t\t\t\t\t<div class=\"elementor-container elementor-column-gap-default\">\n\t\t\t\t\t<div class=\"elementor-column elementor-col-100 elementor-top-column elementor-element elementor-element-97adc3d\" data-id=\"97adc3d\" data-element_type=\"column\">\n\t\t\t<div class=\"elementor-widget-wrap elementor-element-populated\">\n\t\t\t\t\t\t<div class=\"elementor-element elementor-element-b160d40 elementor-widget elementor-widget-image\" data-id=\"b160d40\" data-element_type=\"widget\" data-widget_type=\"image.default\">\n\t\t\t\t<div class=\"elementor-widget-container\">\n\t\t\t\t\t\t\t\t\t\t\t\t\t\t\t<img fetchpriority=\"high\" decoding=\"async\" width=\"696\" height=\"642\" src=\"https:\/\/pc.sc.gov.br\/\/wp-content\/uploads\/2023\/10\/98b06ded-42f5-4163-b041-e9c3a0924b9d-fotor-20231020171739-1024x945.jpg\" class=\"attachment-large size-large wp-image-14526\" alt=\"\" srcset=\"https:\/\/pc.sc.gov.br\/\/wp-content\/uploads\/2023\/10\/98b06ded-42f5-4163-b041-e9c3a0924b9d-fotor-20231020171739-1024x945.jpg 1024w, https:\/\/pc.sc.gov.br\/\/wp-content\/uploads\/2023\/10\/98b06ded-42f5-4163-b041-e9c3a0924b9d-fotor-20231020171739-300x277.jpg 300w, https:\/\/pc.sc.gov.br\/\/wp-content\/uploads\/2023\/10\/98b06ded-42f5-4163-b041-e9c3a0924b9d-fotor-20231020171739-768x709.jpg 768w, https:\/\/pc.sc.gov.br\/\/wp-content\/uploads\/2023\/10\/98b06ded-42f5-4163-b041-e9c3a0924b9d-fotor-20231020171739.jpg 1140w\" sizes=\"(max-width: 696px) 100vw, 696px\" \/>\t\t\t\t\t\t\t\t\t\t\t\t\t\t\t<\/div>\n\t\t\t\t<\/div>\n\t\t\t\t\t<\/div>\n\t\t<\/div>\n\t\t\t\t\t<\/div>\n\t\t<\/section>\n\t\t\t\t<section class=\"elementor-section elementor-top-section elementor-element elementor-element-55bbdb9 elementor-section-boxed elementor-section-height-default elementor-section-height-default\" data-id=\"55bbdb9\" data-element_type=\"section\">\n\t\t\t\t\t\t<div class=\"elementor-container elementor-column-gap-default\">\n\t\t\t\t\t<div class=\"elementor-column elementor-col-100 elementor-top-column elementor-element elementor-element-84b6122\" data-id=\"84b6122\" data-element_type=\"column\">\n\t\t\t<div class=\"elementor-widget-wrap elementor-element-populated\">\n\t\t\t\t\t\t<div class=\"elementor-element elementor-element-075e62c elementor-widget elementor-widget-text-editor\" data-id=\"075e62c\" data-element_type=\"widget\" data-widget_type=\"text-editor.default\">\n\t\t\t\t<div class=\"elementor-widget-container\">\n\t\t\t\t\t\t\t\t\t<p>A Pol\u00edcia Civil de Santa Catarina, por meio da Delegacia de Investiga\u00e7\u00e3o de Crimes Ambientais e Crimes Contra Rela\u00e7\u00f5es de Consumo (DCAC\/DEIC), deflagrou na quinta-feira (19) a opera\u00e7\u00e3o \u201cArca\u201d, onde foram cumpridos seis mandados de busca e apreens\u00e3o nas cidades de Florian\u00f3polis, S\u00e3o Jos\u00e9, Palho\u00e7a e Bigua\u00e7u.\u00a0<span style=\"font-family: var( --e-global-typography-text-font-family ), Sans-serif; font-size: var( --e-global-typography-text-font-size ); font-weight: var( --e-global-typography-text-font-weight );\">A investiga\u00e7\u00e3o versa sobre a venda ilegal de animais silvestres e ex\u00f3ticos proibidos, especialmente cobras invasoras e p\u00e1ssaros trazidos de outros estados.\u00a0<\/span><\/p><p>Um dos investigados foi flagrado recentemente transportando cerca de 30 filhotes de papagaios e um filhote de arara vermelha. Esses animais s\u00e3o comercializados por meio de redes sociais. Ainda, durante o cumprimento da ordem judicial, o investigado foi preso em flagrante pelo crime de maus-tratos aos animais, por manter quatro c\u00e3es em um local insalubre e sem os cuidados b\u00e1sicos de sa\u00fade e higiene.<\/p><p>Foram apreendidos dispositivos inform\u00e1ticos que ser\u00e3o encaminhados \u00e0 Pol\u00edcia Cient\u00edfica para continuidade das investiga\u00e7\u00f5es. A opera\u00e7\u00e3o contou com o apoio do IMA &#8211; Instituto do Meio Ambiente e demais Delegacias da DEIC.<\/p><div>\u00a0<\/div>\t\t\t\t\t\t\t\t<\/div>\n\t\t\t\t<\/div>\n\t\t\t\t\t<\/div>\n\t\t<\/div>\n\t\t\t\t\t<\/div>\n\t\t<\/section>\n\t\t\t\t<\/div>\n\t\t","protected":false},"excerpt":{"rendered":"<p>Pol\u00edcia Civil deflagra opera\u00e7\u00e3o \u201cArca\u201d para coibir a venda ilegal de animais silvestres e ex\u00f3ticos em SC A Pol\u00edcia Civil de Santa Catarina, por meio da Delegacia de Investiga\u00e7\u00e3o de Crimes Ambientais e Crimes Contra Rela\u00e7\u00f5es de Consumo (DCAC\/DEIC), deflagrou na quinta-feira (19) a opera\u00e7\u00e3o \u201cArca\u201d, onde foram cumpridos seis mandados de busca e apreens\u00e3o [&hellip;]<\/p>\n","protected":false},"author":5,"featured_media":14526,"comment_status":"closed","ping_status":"open","sticky":false,"template":"","format":"standard","meta":{"_monsterinsights_skip_tracking":false,"_monsterinsights_sitenote_active":false,"_monsterinsights_sitenote_note":"","_monsterinsights_sitenote_category":0,"footnotes":""},"categories":[1],"tags":[],"class_list":["post-14520","post","type-post","status-publish","format-standard","has-post-thumbnail","hentry","category-sem-categoria"],"_links":{"self":[{"href":"https:\/\/pc.sc.gov.br\/index.php?rest_route=\/wp\/v2\/posts\/14520","targetHints":{"allow":["GET"]}}],"collection":[{"href":"https:\/\/pc.sc.gov.br\/index.php?rest_route=\/wp\/v2\/posts"}],"about":[{"href":"https:\/\/pc.sc.gov.br\/index.php?rest_route=\/wp\/v2\/types\/post"}],"author":[{"embeddable":true,"href":"https:\/\/pc.sc.gov.br\/index.php?rest_route=\/wp\/v2\/users\/5"}],"replies":[{"embeddable":true,"href":"https:\/\/pc.sc.gov.br\/index.php?rest_route=%2Fwp%2Fv2%2Fcomments&post=14520"}],"version-history":[{"count":4,"href":"https:\/\/pc.sc.gov.br\/index.php?rest_route=\/wp\/v2\/posts\/14520\/revisions"}],"predecessor-version":[{"id":14533,"href":"https:\/\/pc.sc.gov.br\/index.php?rest_route=\/wp\/v2\/posts\/14520\/revisions\/14533"}],"wp:featuredmedia":[{"embeddable":true,"href":"https:\/\/pc.sc.gov.br\/index.php?rest_route=\/wp\/v2\/media\/14526"}],"wp:attachment":[{"href":"https:\/\/pc.sc.gov.br\/index.php?rest_route=%2Fwp%2Fv2%2Fmedia&parent=14520"}],"wp:term":[{"taxonomy":"category","embeddable":true,"href":"https:\/\/pc.sc.gov.br\/index.php?rest_route=%2Fwp%2Fv2%2Fcategories&post=14520"},{"taxonomy":"post_tag","embeddable":true,"href":"https:\/\/pc.sc.gov.br\/index.php?rest_route=%2Fwp%2Fv2%2Ftags&post=14520"}],"curies":[{"name":"wp","href":"https:\/\/api.w.org\/{rel}","templated":true}]}}