{"id":14543,"date":"2023-10-23T14:59:03","date_gmt":"2023-10-23T17:59:03","guid":{"rendered":"https:\/\/pc.sc.gov.br\/?p=14543"},"modified":"2023-10-23T15:01:42","modified_gmt":"2023-10-23T18:01:42","slug":"operacao-trend-16-mandados-de-busca-e-apreensao-cumpridos-em-10-unidades-federativas","status":"publish","type":"post","link":"https:\/\/pc.sc.gov.br\/?p=14543","title":{"rendered":"Opera\u00e7\u00e3o \u201cTrend\u201d: 16 mandados de busca e apreens\u00e3o cumpridos em 10 unidades federativas"},"content":{"rendered":"\t\t<div data-elementor-type=\"wp-post\" data-elementor-id=\"14543\" class=\"elementor elementor-14543\" data-elementor-post-type=\"post\">\n\t\t\t\t\t\t<section class=\"elementor-section elementor-top-section elementor-element elementor-element-5e8915c elementor-section-boxed elementor-section-height-default elementor-section-height-default\" data-id=\"5e8915c\" data-element_type=\"section\">\n\t\t\t\t\t\t<div class=\"elementor-container elementor-column-gap-default\">\n\t\t\t\t\t<div class=\"elementor-column elementor-col-100 elementor-top-column elementor-element elementor-element-cf36c0c\" data-id=\"cf36c0c\" data-element_type=\"column\">\n\t\t\t<div class=\"elementor-widget-wrap elementor-element-populated\">\n\t\t\t\t\t\t<div class=\"elementor-element elementor-element-b783490 elementor-widget elementor-widget-heading\" data-id=\"b783490\" data-element_type=\"widget\" data-widget_type=\"heading.default\">\n\t\t\t\t<div class=\"elementor-widget-container\">\n\t\t\t\t\t<h2 class=\"elementor-heading-title elementor-size-default\">Opera\u00e7\u00e3o \u201cTrend\u201d: 16 mandados de busca e apreens\u00e3o cumpridos em 10 unidades federativas<\/h2>\t\t\t\t<\/div>\n\t\t\t\t<\/div>\n\t\t\t\t\t<\/div>\n\t\t<\/div>\n\t\t\t\t\t<\/div>\n\t\t<\/section>\n\t\t\t\t<section class=\"elementor-section elementor-top-section elementor-element elementor-element-0b75848 elementor-section-boxed elementor-section-height-default elementor-section-height-default\" data-id=\"0b75848\" data-element_type=\"section\">\n\t\t\t\t\t\t<div class=\"elementor-container elementor-column-gap-default\">\n\t\t\t\t\t<div class=\"elementor-column elementor-col-100 elementor-top-column elementor-element elementor-element-c3c7606\" data-id=\"c3c7606\" data-element_type=\"column\">\n\t\t\t<div class=\"elementor-widget-wrap elementor-element-populated\">\n\t\t\t\t\t\t<div class=\"elementor-element elementor-element-57e59b5 elementor-widget elementor-widget-image\" data-id=\"57e59b5\" data-element_type=\"widget\" data-widget_type=\"image.default\">\n\t\t\t\t<div class=\"elementor-widget-container\">\n\t\t\t\t\t\t\t\t\t\t\t\t\t\t\t<img fetchpriority=\"high\" decoding=\"async\" width=\"696\" height=\"522\" src=\"https:\/\/pc.sc.gov.br\/\/wp-content\/uploads\/2023\/10\/WhatsApp-Image-2023-10-23-at-07.42.06-1024x768.jpeg\" class=\"attachment-large size-large wp-image-14545\" alt=\"\" srcset=\"https:\/\/pc.sc.gov.br\/\/wp-content\/uploads\/2023\/10\/WhatsApp-Image-2023-10-23-at-07.42.06-1024x768.jpeg 1024w, https:\/\/pc.sc.gov.br\/\/wp-content\/uploads\/2023\/10\/WhatsApp-Image-2023-10-23-at-07.42.06-300x225.jpeg 300w, https:\/\/pc.sc.gov.br\/\/wp-content\/uploads\/2023\/10\/WhatsApp-Image-2023-10-23-at-07.42.06-768x576.jpeg 768w, https:\/\/pc.sc.gov.br\/\/wp-content\/uploads\/2023\/10\/WhatsApp-Image-2023-10-23-at-07.42.06.jpeg 1152w\" sizes=\"(max-width: 696px) 100vw, 696px\" \/>\t\t\t\t\t\t\t\t\t\t\t\t\t\t\t<\/div>\n\t\t\t\t<\/div>\n\t\t\t\t\t<\/div>\n\t\t<\/div>\n\t\t\t\t\t<\/div>\n\t\t<\/section>\n\t\t\t\t<section class=\"elementor-section elementor-top-section elementor-element elementor-element-6de4d48 elementor-section-boxed elementor-section-height-default elementor-section-height-default\" data-id=\"6de4d48\" data-element_type=\"section\">\n\t\t\t\t\t\t<div class=\"elementor-container elementor-column-gap-default\">\n\t\t\t\t\t<div class=\"elementor-column elementor-col-100 elementor-top-column elementor-element elementor-element-ff1e32b\" data-id=\"ff1e32b\" data-element_type=\"column\">\n\t\t\t<div class=\"elementor-widget-wrap elementor-element-populated\">\n\t\t\t\t\t\t<div class=\"elementor-element elementor-element-5c17212 elementor-widget elementor-widget-text-editor\" data-id=\"5c17212\" data-element_type=\"widget\" data-widget_type=\"text-editor.default\">\n\t\t\t\t<div class=\"elementor-widget-container\">\n\t\t\t\t\t\t\t\t\t<p>Nesta segunda-feira (23) foi conclu\u00edda a primeira etapa da Opera\u00e7\u00e3o \u201cTrend\u201d com a finaliza\u00e7\u00e3o da an\u00e1lise preliminar do material apreendido durante a fase ostensiva da opera\u00e7\u00e3o, ocorrida em 05\/10\/2023, tendo como ponto focal o Centro Integrado de Comando e Controle Nacional &#8211; CICCN (Diopi\/MJSP), em Bras\u00edlia\/DF.<\/p><p>A opera\u00e7\u00e3o foi deflagrada pela Pol\u00edcia Civil de Santa Catarina em conjunto com o Minist\u00e9rio da Justi\u00e7a e Seguran\u00e7a P\u00fablica, por meio da Diretoria de Opera\u00e7\u00f5es Integradas e de Intelig\u00eancia &#8211; Diopi da SENASP (Projeto Mosaico\/ENFOC), bem como contou com o apoio das Pol\u00edcias Civis de nove estados e do DF.<\/p><p>A opera\u00e7\u00e3o empregou o efetivo de aproximadamente 97 (noventa e sete) policiais para o cumprimento de 16 mandados de busca e apreens\u00e3o, sendo tr\u00eas deles em desfavor de adolescentes, nos seguintes munic\u00edpios: Santa Cruz de Monte Castelo (PR); Rio Pardo (RS); Belo Horizonte (MG); Pedro Leopoldo (MG); Caucaia (CE); Rio de Janeiro (RJ); S\u00e3o Jos\u00e9 dos Pinhais (PR); Miguel Pereira (RJ); S\u00e3o Paulo (SP); Porto Alegre (RS); Altamira (PA); Itapecerica da Serra (SP); Bras\u00edlia (DF); Primavera do Leste (MT); Joinville e Florian\u00f3polis (SC).<\/p><p>Segundo o delegado respons\u00e1vel pelas investiga\u00e7\u00f5es, Arthur Lopes, a complexa investiga\u00e7\u00e3o cibern\u00e9tica exigida para apurar o caso revelou um verdadeiro mapa do racismo. \u201cIsso demonstra que o problema atinge todo o territ\u00f3rio nacional e n\u00e3o h\u00e1 um perfil determinado; foram identificados desde adolescentes do sexo feminino a homens de mais idade. &#8220;A dissemina\u00e7\u00e3o de \u00f3dio no ciberespa\u00e7o tem ultrapassado os limites da liberdade de express\u00e3o e esses crimes praticados no ambiente virtual n\u00e3o contam mais com o anonimato pretendido pelos seus autores&#8221;, pontuou.\u00a0\u00a0<\/p><p>Durante as buscas, foram apreendidos diversos equipamentos computacionais port\u00e1teis dos investigados. Ap\u00f3s o traslado de todo esse material para Santa Catarina, a an\u00e1lise preliminar dos investigadores, al\u00e9m de encontrar os vest\u00edgios digitais dos crimes apurados no inqu\u00e9rito, tamb\u00e9m revelou que diversos suspeitos possuem perfil extremista, com n\u00edtidas refer\u00eancias ao neonazismo.<\/p><p>O briefing realizado pelo Delegado-Geral da Pol\u00edcia Civil de Santa Catarina, Ulisses Gabriel, em conjunto com o Diretor da Diopi (MJSP), Romano Costa, foi transmitido ao vivo da sala de crise do CICCN \u00e0s equipes da ponta. Os trabalhos foram supervisionados pelo diretor da DEIC\/PCSC, delegado Daniel Regis, pelo titular da DRRDI\/DEIC\/PCSC, delegado Arthur Lopes, e pelo coordenador-geral de Combate ao Crime Organizado da Diopi, Carlos Augusto Bock.<\/p><p>Durante a sua passagem pelo CICCN, o secret\u00e1rio nacional de Seguran\u00e7a P\u00fablica, Tadeu Alencar, falou da import\u00e2ncia da integra\u00e7\u00e3o entre as pol\u00edcias civis estaduais no combate ao racismo. Tamb\u00e9m esteve presente e acompanhou os trabalhos o Secret\u00e1rio-adjunto da Seguran\u00e7a P\u00fablica de Santa Catarina, Freibergue Rubem do Nascimento, coronel da reserva do Ex\u00e9rcito Brasileiro.<\/p><p><b><span style=\"font-family: var( --e-global-typography-text-font-family ), Sans-serif; font-size: var( --e-global-typography-text-font-size );\">A<\/span><span style=\"font-family: var( --e-global-typography-text-font-family ), Sans-serif; font-size: var( --e-global-typography-text-font-size );\"> investiga\u00e7\u00e3o<\/span><\/b><\/p><p>A opera\u00e7\u00e3o surgiu a partir de uma investiga\u00e7\u00e3o que come\u00e7ou em Santa Catarina e foi conduzida pela Delegacia de Repress\u00e3o ao Racismo e a Delitos de Intoler\u00e2ncia (DRRDI) da Diretoria Estadual de Investiga\u00e7\u00f5es Criminais (DEIC) da Pol\u00edcia Civil de Santa Catarina.<\/p><p>O inqu\u00e9rito policial foi instaurado para apurar a pr\u00e1tica de crime de racismo ocorrido no m\u00eas de outubro de 2022 contra v\u00edtimas catarinenses. Em resumo: durante o per\u00edodo da Oktoberfest de 2022, dois cidad\u00e3os blumenauenses (um homem e uma adolescente) postaram em uma rede social, um v\u00eddeo em que dan\u00e7am vestidos com roupas t\u00edpicas germ\u00e2nicas, conforme o costume regional nessa \u00e9poca do ano. A referida publica\u00e7\u00e3o desencadeou diversos coment\u00e1rios racistas ao v\u00eddeo, discriminando as v\u00edtimas por serem negras, mas tamb\u00e9m com forte conte\u00fado xen\u00f3fobo.<\/p>\t\t\t\t\t\t\t\t<\/div>\n\t\t\t\t<\/div>\n\t\t\t\t\t<\/div>\n\t\t<\/div>\n\t\t\t\t\t<\/div>\n\t\t<\/section>\n\t\t\t\t<\/div>\n\t\t","protected":false},"excerpt":{"rendered":"<p>Opera\u00e7\u00e3o \u201cTrend\u201d: 16 mandados de busca e apreens\u00e3o cumpridos em 10 unidades federativas Nesta segunda-feira (23) foi conclu\u00edda a primeira etapa da Opera\u00e7\u00e3o \u201cTrend\u201d com a finaliza\u00e7\u00e3o da an\u00e1lise preliminar do material apreendido durante a fase ostensiva da opera\u00e7\u00e3o, ocorrida em 05\/10\/2023, tendo como ponto focal o Centro Integrado de Comando e Controle Nacional &#8211; [&hellip;]<\/p>\n","protected":false},"author":5,"featured_media":14545,"comment_status":"closed","ping_status":"open","sticky":false,"template":"","format":"standard","meta":{"_monsterinsights_skip_tracking":false,"_monsterinsights_sitenote_active":false,"_monsterinsights_sitenote_note":"","_monsterinsights_sitenote_category":0,"footnotes":""},"categories":[1],"tags":[],"class_list":["post-14543","post","type-post","status-publish","format-standard","has-post-thumbnail","hentry","category-sem-categoria"],"_links":{"self":[{"href":"https:\/\/pc.sc.gov.br\/index.php?rest_route=\/wp\/v2\/posts\/14543","targetHints":{"allow":["GET"]}}],"collection":[{"href":"https:\/\/pc.sc.gov.br\/index.php?rest_route=\/wp\/v2\/posts"}],"about":[{"href":"https:\/\/pc.sc.gov.br\/index.php?rest_route=\/wp\/v2\/types\/post"}],"author":[{"embeddable":true,"href":"https:\/\/pc.sc.gov.br\/index.php?rest_route=\/wp\/v2\/users\/5"}],"replies":[{"embeddable":true,"href":"https:\/\/pc.sc.gov.br\/index.php?rest_route=%2Fwp%2Fv2%2Fcomments&post=14543"}],"version-history":[{"count":4,"href":"https:\/\/pc.sc.gov.br\/index.php?rest_route=\/wp\/v2\/posts\/14543\/revisions"}],"predecessor-version":[{"id":14549,"href":"https:\/\/pc.sc.gov.br\/index.php?rest_route=\/wp\/v2\/posts\/14543\/revisions\/14549"}],"wp:featuredmedia":[{"embeddable":true,"href":"https:\/\/pc.sc.gov.br\/index.php?rest_route=\/wp\/v2\/media\/14545"}],"wp:attachment":[{"href":"https:\/\/pc.sc.gov.br\/index.php?rest_route=%2Fwp%2Fv2%2Fmedia&parent=14543"}],"wp:term":[{"taxonomy":"category","embeddable":true,"href":"https:\/\/pc.sc.gov.br\/index.php?rest_route=%2Fwp%2Fv2%2Fcategories&post=14543"},{"taxonomy":"post_tag","embeddable":true,"href":"https:\/\/pc.sc.gov.br\/index.php?rest_route=%2Fwp%2Fv2%2Ftags&post=14543"}],"curies":[{"name":"wp","href":"https:\/\/api.w.org\/{rel}","templated":true}]}}