{"id":14557,"date":"2023-10-23T15:53:59","date_gmt":"2023-10-23T18:53:59","guid":{"rendered":"https:\/\/pc.sc.gov.br\/?p=14557"},"modified":"2023-10-23T15:55:20","modified_gmt":"2023-10-23T18:55:20","slug":"policia-civil-prende-suspeito-pela-autoria-de-homicidio-ocorrido-em-turvo","status":"publish","type":"post","link":"https:\/\/pc.sc.gov.br\/?p=14557","title":{"rendered":"Pol\u00edcia Civil prende suspeito pela autoria de homic\u00eddio ocorrido em Turvo"},"content":{"rendered":"\t\t<div data-elementor-type=\"wp-post\" data-elementor-id=\"14557\" class=\"elementor elementor-14557\" data-elementor-post-type=\"post\">\n\t\t\t\t\t\t<section class=\"elementor-section elementor-top-section elementor-element elementor-element-01eff35 elementor-section-boxed elementor-section-height-default elementor-section-height-default\" data-id=\"01eff35\" data-element_type=\"section\">\n\t\t\t\t\t\t<div class=\"elementor-container elementor-column-gap-default\">\n\t\t\t\t\t<div class=\"elementor-column elementor-col-100 elementor-top-column elementor-element elementor-element-4101142\" data-id=\"4101142\" data-element_type=\"column\">\n\t\t\t<div class=\"elementor-widget-wrap elementor-element-populated\">\n\t\t\t\t\t\t<div class=\"elementor-element elementor-element-9c3a493 elementor-widget elementor-widget-heading\" data-id=\"9c3a493\" data-element_type=\"widget\" data-widget_type=\"heading.default\">\n\t\t\t\t<div class=\"elementor-widget-container\">\n\t\t\t\t\t<h2 class=\"elementor-heading-title elementor-size-default\">Pol\u00edcia Civil prende suspeito pela autoria de homic\u00eddio ocorrido em Turvo<\/h2>\t\t\t\t<\/div>\n\t\t\t\t<\/div>\n\t\t\t\t\t<\/div>\n\t\t<\/div>\n\t\t\t\t\t<\/div>\n\t\t<\/section>\n\t\t\t\t<section class=\"elementor-section elementor-top-section elementor-element elementor-element-e4892cc elementor-section-boxed elementor-section-height-default elementor-section-height-default\" data-id=\"e4892cc\" data-element_type=\"section\">\n\t\t\t\t\t\t<div class=\"elementor-container elementor-column-gap-default\">\n\t\t\t\t\t<div class=\"elementor-column elementor-col-100 elementor-top-column elementor-element elementor-element-f50bbc1\" data-id=\"f50bbc1\" data-element_type=\"column\">\n\t\t\t<div class=\"elementor-widget-wrap elementor-element-populated\">\n\t\t\t\t\t\t<div class=\"elementor-element elementor-element-f6ed835 elementor-widget elementor-widget-image\" data-id=\"f6ed835\" data-element_type=\"widget\" data-widget_type=\"image.default\">\n\t\t\t\t<div class=\"elementor-widget-container\">\n\t\t\t\t\t\t\t\t\t\t\t\t\t\t\t<img fetchpriority=\"high\" decoding=\"async\" width=\"696\" height=\"522\" src=\"https:\/\/pc.sc.gov.br\/\/wp-content\/uploads\/2023\/10\/CARRO-VIATUIRA-SIRENE-NOITE-POLICIA-CIVIL-PCSC-1-1024x768.jpg\" class=\"attachment-large size-large wp-image-14468\" alt=\"\" srcset=\"https:\/\/pc.sc.gov.br\/\/wp-content\/uploads\/2023\/10\/CARRO-VIATUIRA-SIRENE-NOITE-POLICIA-CIVIL-PCSC-1-1024x768.jpg 1024w, https:\/\/pc.sc.gov.br\/\/wp-content\/uploads\/2023\/10\/CARRO-VIATUIRA-SIRENE-NOITE-POLICIA-CIVIL-PCSC-1-300x225.jpg 300w, https:\/\/pc.sc.gov.br\/\/wp-content\/uploads\/2023\/10\/CARRO-VIATUIRA-SIRENE-NOITE-POLICIA-CIVIL-PCSC-1-768x576.jpg 768w, https:\/\/pc.sc.gov.br\/\/wp-content\/uploads\/2023\/10\/CARRO-VIATUIRA-SIRENE-NOITE-POLICIA-CIVIL-PCSC-1.jpg 1280w\" sizes=\"(max-width: 696px) 100vw, 696px\" \/>\t\t\t\t\t\t\t\t\t\t\t\t\t\t\t<\/div>\n\t\t\t\t<\/div>\n\t\t\t\t\t<\/div>\n\t\t<\/div>\n\t\t\t\t\t<\/div>\n\t\t<\/section>\n\t\t\t\t<section class=\"elementor-section elementor-top-section elementor-element elementor-element-673763a elementor-section-boxed elementor-section-height-default elementor-section-height-default\" data-id=\"673763a\" data-element_type=\"section\">\n\t\t\t\t\t\t<div class=\"elementor-container elementor-column-gap-default\">\n\t\t\t\t\t<div class=\"elementor-column elementor-col-100 elementor-top-column elementor-element elementor-element-46351a5\" data-id=\"46351a5\" data-element_type=\"column\">\n\t\t\t<div class=\"elementor-widget-wrap elementor-element-populated\">\n\t\t\t\t\t\t<div class=\"elementor-element elementor-element-f92e688 elementor-widget elementor-widget-text-editor\" data-id=\"f92e688\" data-element_type=\"widget\" data-widget_type=\"text-editor.default\">\n\t\t\t\t<div class=\"elementor-widget-container\">\n\t\t\t\t\t\t\t\t\t<p>Nesta segunda-feira (23), a Pol\u00edcia Civil de Santa Catarina, por meio da Delegacia de Pol\u00edcia de Turvo, prendeu em flagrante delito um homem suspeito de ter matado a facadas o seu irm\u00e3o na localidade de Morro Chato, munic\u00edpio de Turvo.<br \/>Os policiais civis ao tomarem conhecimento do crime se deslocaram ao local e estavam realizando buscas pelo suspeito, quando foram alertados por cidad\u00e3os que o homem estava transitando em via p\u00fablica. Em ato continuo, os agentes foram em busca do suspeito pela autoria do crime e efetuaram a pris\u00e3o.<br \/>O suspeito estava com ferimentos nas m\u00e3os, em decorr\u00eancia do crime que cometeu, e foi encaminhado ao hospital para curativos. Ele foi encaminhado \u00e0 Delegacia de Pol\u00edcia de Turvo para a lavratura do Auto de Pris\u00e3o em Flagrante.<br \/>Ap\u00f3s os trabalhos cartor\u00e1rios, o homem ser\u00e1 encaminhado ao Pres\u00eddio, onde permanecer\u00e1 \u00e0 disposi\u00e7\u00e3o da Justi\u00e7a. <\/p>\t\t\t\t\t\t\t\t<\/div>\n\t\t\t\t<\/div>\n\t\t\t\t\t<\/div>\n\t\t<\/div>\n\t\t\t\t\t<\/div>\n\t\t<\/section>\n\t\t\t\t<\/div>\n\t\t","protected":false},"excerpt":{"rendered":"<p>Pol\u00edcia Civil prende suspeito pela autoria de homic\u00eddio ocorrido em Turvo Nesta segunda-feira (23), a Pol\u00edcia Civil de Santa Catarina, por meio da Delegacia de Pol\u00edcia de Turvo, prendeu em flagrante delito um homem suspeito de ter matado a facadas o seu irm\u00e3o na localidade de Morro Chato, munic\u00edpio de Turvo.Os policiais civis ao tomarem [&hellip;]<\/p>\n","protected":false},"author":5,"featured_media":14468,"comment_status":"closed","ping_status":"open","sticky":false,"template":"","format":"standard","meta":{"_monsterinsights_skip_tracking":false,"_monsterinsights_sitenote_active":false,"_monsterinsights_sitenote_note":"","_monsterinsights_sitenote_category":0,"footnotes":""},"categories":[1],"tags":[],"class_list":["post-14557","post","type-post","status-publish","format-standard","has-post-thumbnail","hentry","category-sem-categoria"],"_links":{"self":[{"href":"https:\/\/pc.sc.gov.br\/index.php?rest_route=\/wp\/v2\/posts\/14557","targetHints":{"allow":["GET"]}}],"collection":[{"href":"https:\/\/pc.sc.gov.br\/index.php?rest_route=\/wp\/v2\/posts"}],"about":[{"href":"https:\/\/pc.sc.gov.br\/index.php?rest_route=\/wp\/v2\/types\/post"}],"author":[{"embeddable":true,"href":"https:\/\/pc.sc.gov.br\/index.php?rest_route=\/wp\/v2\/users\/5"}],"replies":[{"embeddable":true,"href":"https:\/\/pc.sc.gov.br\/index.php?rest_route=%2Fwp%2Fv2%2Fcomments&post=14557"}],"version-history":[{"count":4,"href":"https:\/\/pc.sc.gov.br\/index.php?rest_route=\/wp\/v2\/posts\/14557\/revisions"}],"predecessor-version":[{"id":14561,"href":"https:\/\/pc.sc.gov.br\/index.php?rest_route=\/wp\/v2\/posts\/14557\/revisions\/14561"}],"wp:featuredmedia":[{"embeddable":true,"href":"https:\/\/pc.sc.gov.br\/index.php?rest_route=\/wp\/v2\/media\/14468"}],"wp:attachment":[{"href":"https:\/\/pc.sc.gov.br\/index.php?rest_route=%2Fwp%2Fv2%2Fmedia&parent=14557"}],"wp:term":[{"taxonomy":"category","embeddable":true,"href":"https:\/\/pc.sc.gov.br\/index.php?rest_route=%2Fwp%2Fv2%2Fcategories&post=14557"},{"taxonomy":"post_tag","embeddable":true,"href":"https:\/\/pc.sc.gov.br\/index.php?rest_route=%2Fwp%2Fv2%2Ftags&post=14557"}],"curies":[{"name":"wp","href":"https:\/\/api.w.org\/{rel}","templated":true}]}}