{"id":14581,"date":"2023-10-23T17:41:49","date_gmt":"2023-10-23T20:41:49","guid":{"rendered":"https:\/\/pc.sc.gov.br\/?p=14581"},"modified":"2023-10-23T17:42:34","modified_gmt":"2023-10-23T20:42:34","slug":"delegacia-de-capturas-da-deic-prende-homem-foragido-por-crime-de-roubo-qualificado-em-sao-jose","status":"publish","type":"post","link":"https:\/\/pc.sc.gov.br\/?p=14581","title":{"rendered":"Delegacia de Capturas da DEIC prende homem foragido por crime de roubo qualificado em S\u00e3o Jos\u00e9"},"content":{"rendered":"\t\t<div data-elementor-type=\"wp-post\" data-elementor-id=\"14581\" class=\"elementor elementor-14581\" data-elementor-post-type=\"post\">\n\t\t\t\t\t\t<section class=\"elementor-section elementor-top-section elementor-element elementor-element-3911042 elementor-section-boxed elementor-section-height-default elementor-section-height-default\" data-id=\"3911042\" data-element_type=\"section\">\n\t\t\t\t\t\t<div class=\"elementor-container elementor-column-gap-default\">\n\t\t\t\t\t<div class=\"elementor-column elementor-col-100 elementor-top-column elementor-element elementor-element-91ca97b\" data-id=\"91ca97b\" data-element_type=\"column\">\n\t\t\t<div class=\"elementor-widget-wrap elementor-element-populated\">\n\t\t\t\t\t\t<div class=\"elementor-element elementor-element-3d21bee elementor-widget elementor-widget-heading\" data-id=\"3d21bee\" data-element_type=\"widget\" data-widget_type=\"heading.default\">\n\t\t\t\t<div class=\"elementor-widget-container\">\n\t\t\t\t\t<h2 class=\"elementor-heading-title elementor-size-default\">Delegacia de Capturas da DEIC prende homem foragido por crime de roubo qualificado em S\u00e3o Jos\u00e9 <\/h2>\t\t\t\t<\/div>\n\t\t\t\t<\/div>\n\t\t\t\t\t<\/div>\n\t\t<\/div>\n\t\t\t\t\t<\/div>\n\t\t<\/section>\n\t\t\t\t<section class=\"elementor-section elementor-top-section elementor-element elementor-element-333f320 elementor-section-boxed elementor-section-height-default elementor-section-height-default\" data-id=\"333f320\" data-element_type=\"section\">\n\t\t\t\t\t\t<div class=\"elementor-container elementor-column-gap-default\">\n\t\t\t\t\t<div class=\"elementor-column elementor-col-100 elementor-top-column elementor-element elementor-element-9b5b4f4\" data-id=\"9b5b4f4\" data-element_type=\"column\">\n\t\t\t<div class=\"elementor-widget-wrap elementor-element-populated\">\n\t\t\t\t\t\t<div class=\"elementor-element elementor-element-9f47fb4 elementor-widget elementor-widget-image\" data-id=\"9f47fb4\" data-element_type=\"widget\" data-widget_type=\"image.default\">\n\t\t\t\t<div class=\"elementor-widget-container\">\n\t\t\t\t\t\t\t\t\t\t\t\t\t\t\t<img fetchpriority=\"high\" decoding=\"async\" width=\"696\" height=\"472\" src=\"https:\/\/pc.sc.gov.br\/\/wp-content\/uploads\/2023\/10\/whatsapp-image-2021-02-24-at-175222_51468278259_o-1024x694.jpg\" class=\"attachment-large size-large wp-image-14582\" alt=\"\" srcset=\"https:\/\/pc.sc.gov.br\/\/wp-content\/uploads\/2023\/10\/whatsapp-image-2021-02-24-at-175222_51468278259_o-1024x694.jpg 1024w, https:\/\/pc.sc.gov.br\/\/wp-content\/uploads\/2023\/10\/whatsapp-image-2021-02-24-at-175222_51468278259_o-300x203.jpg 300w, https:\/\/pc.sc.gov.br\/\/wp-content\/uploads\/2023\/10\/whatsapp-image-2021-02-24-at-175222_51468278259_o-768x521.jpg 768w, https:\/\/pc.sc.gov.br\/\/wp-content\/uploads\/2023\/10\/whatsapp-image-2021-02-24-at-175222_51468278259_o.jpg 1280w\" sizes=\"(max-width: 696px) 100vw, 696px\" \/>\t\t\t\t\t\t\t\t\t\t\t\t\t\t\t<\/div>\n\t\t\t\t<\/div>\n\t\t\t\t\t<\/div>\n\t\t<\/div>\n\t\t\t\t\t<\/div>\n\t\t<\/section>\n\t\t\t\t<section class=\"elementor-section elementor-top-section elementor-element elementor-element-861a4dc elementor-section-boxed elementor-section-height-default elementor-section-height-default\" data-id=\"861a4dc\" data-element_type=\"section\">\n\t\t\t\t\t\t<div class=\"elementor-container elementor-column-gap-default\">\n\t\t\t\t\t<div class=\"elementor-column elementor-col-100 elementor-top-column elementor-element elementor-element-6528e78\" data-id=\"6528e78\" data-element_type=\"column\">\n\t\t\t<div class=\"elementor-widget-wrap elementor-element-populated\">\n\t\t\t\t\t\t<div class=\"elementor-element elementor-element-7c0d2c9 elementor-widget elementor-widget-text-editor\" data-id=\"7c0d2c9\" data-element_type=\"widget\" data-widget_type=\"text-editor.default\">\n\t\t\t\t<div class=\"elementor-widget-container\">\n\t\t\t\t\t\t\t\t\t<p>Nesta segunda-feira (23), a Pol\u00edcia Civil de Santa Catarina, por meio da Delegacia de Capturas da Diretoria Estadual de Investiga\u00e7\u00f5es Criminais (DECAP\/DEIC), prendeu um homem condenado pelo crime de roubo qualificado, previsto nos artigos 157, \u00a7 2\u00ba, incisos I e II e artigo 65, inciso III, al\u00ednea &#8220;d&#8221;, ambos do C\u00f3digo Penal.<br \/>Ap\u00f3s dilig\u00eancias investigativas, foi poss\u00edvel obter o paradeiro do homem, que estava residindo na cidade de S\u00e3o Jos\u00e9, no bairro Ipiranga. Assim, policiais civis da DECAP\/DEIC, deslocaram-se at\u00e9 o local onde o foragido foi localizado e preso nesta tarde.<br \/>Den\u00fancias e informa\u00e7\u00f5es relacionadas a foragidos da Justi\u00e7a podem ser encaminhadas para o e-mail deic-capturas@pc.sc.gov.br. O anonimato \u00e9 garantido.<\/p>\t\t\t\t\t\t\t\t<\/div>\n\t\t\t\t<\/div>\n\t\t\t\t\t<\/div>\n\t\t<\/div>\n\t\t\t\t\t<\/div>\n\t\t<\/section>\n\t\t\t\t<\/div>\n\t\t","protected":false},"excerpt":{"rendered":"<p>Delegacia de Capturas da DEIC prende homem foragido por crime de roubo qualificado em S\u00e3o Jos\u00e9 Nesta segunda-feira (23), a Pol\u00edcia Civil de Santa Catarina, por meio da Delegacia de Capturas da Diretoria Estadual de Investiga\u00e7\u00f5es Criminais (DECAP\/DEIC), prendeu um homem condenado pelo crime de roubo qualificado, previsto nos artigos 157, \u00a7 2\u00ba, incisos I [&hellip;]<\/p>\n","protected":false},"author":5,"featured_media":14582,"comment_status":"closed","ping_status":"open","sticky":false,"template":"","format":"standard","meta":{"_monsterinsights_skip_tracking":false,"_monsterinsights_sitenote_active":false,"_monsterinsights_sitenote_note":"","_monsterinsights_sitenote_category":0,"footnotes":""},"categories":[1],"tags":[],"class_list":["post-14581","post","type-post","status-publish","format-standard","has-post-thumbnail","hentry","category-sem-categoria"],"_links":{"self":[{"href":"https:\/\/pc.sc.gov.br\/index.php?rest_route=\/wp\/v2\/posts\/14581","targetHints":{"allow":["GET"]}}],"collection":[{"href":"https:\/\/pc.sc.gov.br\/index.php?rest_route=\/wp\/v2\/posts"}],"about":[{"href":"https:\/\/pc.sc.gov.br\/index.php?rest_route=\/wp\/v2\/types\/post"}],"author":[{"embeddable":true,"href":"https:\/\/pc.sc.gov.br\/index.php?rest_route=\/wp\/v2\/users\/5"}],"replies":[{"embeddable":true,"href":"https:\/\/pc.sc.gov.br\/index.php?rest_route=%2Fwp%2Fv2%2Fcomments&post=14581"}],"version-history":[{"count":4,"href":"https:\/\/pc.sc.gov.br\/index.php?rest_route=\/wp\/v2\/posts\/14581\/revisions"}],"predecessor-version":[{"id":14586,"href":"https:\/\/pc.sc.gov.br\/index.php?rest_route=\/wp\/v2\/posts\/14581\/revisions\/14586"}],"wp:featuredmedia":[{"embeddable":true,"href":"https:\/\/pc.sc.gov.br\/index.php?rest_route=\/wp\/v2\/media\/14582"}],"wp:attachment":[{"href":"https:\/\/pc.sc.gov.br\/index.php?rest_route=%2Fwp%2Fv2%2Fmedia&parent=14581"}],"wp:term":[{"taxonomy":"category","embeddable":true,"href":"https:\/\/pc.sc.gov.br\/index.php?rest_route=%2Fwp%2Fv2%2Fcategories&post=14581"},{"taxonomy":"post_tag","embeddable":true,"href":"https:\/\/pc.sc.gov.br\/index.php?rest_route=%2Fwp%2Fv2%2Ftags&post=14581"}],"curies":[{"name":"wp","href":"https:\/\/api.w.org\/{rel}","templated":true}]}}