{"id":14587,"date":"2023-10-23T18:10:51","date_gmt":"2023-10-23T21:10:51","guid":{"rendered":"https:\/\/pc.sc.gov.br\/?p=14587"},"modified":"2023-10-23T18:13:21","modified_gmt":"2023-10-23T21:13:21","slug":"policia-civil-agradece-a-doacao-de-obras-de-artistas-e-galerias-de-arte","status":"publish","type":"post","link":"https:\/\/pc.sc.gov.br\/?p=14587","title":{"rendered":"Pol\u00edcia Civil agradece \u00e0 doa\u00e7\u00e3o de obras de artistas e galerias de arte"},"content":{"rendered":"\t\t<div data-elementor-type=\"wp-post\" data-elementor-id=\"14587\" class=\"elementor elementor-14587\" data-elementor-post-type=\"post\">\n\t\t\t\t\t\t<section class=\"elementor-section elementor-top-section elementor-element elementor-element-a5d41ca elementor-section-boxed elementor-section-height-default elementor-section-height-default\" data-id=\"a5d41ca\" data-element_type=\"section\">\n\t\t\t\t\t\t<div class=\"elementor-container elementor-column-gap-default\">\n\t\t\t\t\t<div class=\"elementor-column elementor-col-100 elementor-top-column elementor-element elementor-element-fd1afd5\" data-id=\"fd1afd5\" data-element_type=\"column\">\n\t\t\t<div class=\"elementor-widget-wrap elementor-element-populated\">\n\t\t\t\t\t\t<div class=\"elementor-element elementor-element-7b73340 elementor-widget elementor-widget-heading\" data-id=\"7b73340\" data-element_type=\"widget\" data-widget_type=\"heading.default\">\n\t\t\t\t<div class=\"elementor-widget-container\">\n\t\t\t\t\t<h2 class=\"elementor-heading-title elementor-size-default\">Pol\u00edcia Civil agradece \u00e0 doa\u00e7\u00e3o de obras de artistas e galerias de arte<\/h2>\t\t\t\t<\/div>\n\t\t\t\t<\/div>\n\t\t\t\t\t<\/div>\n\t\t<\/div>\n\t\t\t\t\t<\/div>\n\t\t<\/section>\n\t\t\t\t<section class=\"elementor-section elementor-top-section elementor-element elementor-element-7d82482 elementor-section-boxed elementor-section-height-default elementor-section-height-default\" data-id=\"7d82482\" data-element_type=\"section\">\n\t\t\t\t\t\t<div class=\"elementor-container elementor-column-gap-default\">\n\t\t\t\t\t<div class=\"elementor-column elementor-col-100 elementor-top-column elementor-element elementor-element-8f4481c\" data-id=\"8f4481c\" data-element_type=\"column\">\n\t\t\t<div class=\"elementor-widget-wrap elementor-element-populated\">\n\t\t\t\t\t\t<div class=\"elementor-element elementor-element-d3213b5 elementor-widget elementor-widget-image\" data-id=\"d3213b5\" data-element_type=\"widget\" data-widget_type=\"image.default\">\n\t\t\t\t<div class=\"elementor-widget-container\">\n\t\t\t\t\t\t\t\t\t\t\t\t\t\t\t<img fetchpriority=\"high\" decoding=\"async\" width=\"696\" height=\"465\" src=\"https:\/\/pc.sc.gov.br\/\/wp-content\/uploads\/2023\/10\/DSC02252-1-1024x684.jpg\" class=\"attachment-large size-large wp-image-14588\" alt=\"\" srcset=\"https:\/\/pc.sc.gov.br\/\/wp-content\/uploads\/2023\/10\/DSC02252-1-1024x684.jpg 1024w, https:\/\/pc.sc.gov.br\/\/wp-content\/uploads\/2023\/10\/DSC02252-1-300x200.jpg 300w, https:\/\/pc.sc.gov.br\/\/wp-content\/uploads\/2023\/10\/DSC02252-1-768x513.jpg 768w, https:\/\/pc.sc.gov.br\/\/wp-content\/uploads\/2023\/10\/DSC02252-1-1536x1027.jpg 1536w, https:\/\/pc.sc.gov.br\/\/wp-content\/uploads\/2023\/10\/DSC02252-1.jpg 1616w\" sizes=\"(max-width: 696px) 100vw, 696px\" \/>\t\t\t\t\t\t\t\t\t\t\t\t\t\t\t<\/div>\n\t\t\t\t<\/div>\n\t\t\t\t\t<\/div>\n\t\t<\/div>\n\t\t\t\t\t<\/div>\n\t\t<\/section>\n\t\t\t\t<section class=\"elementor-section elementor-top-section elementor-element elementor-element-36a2ef4 elementor-section-boxed elementor-section-height-default elementor-section-height-default\" data-id=\"36a2ef4\" data-element_type=\"section\">\n\t\t\t\t\t\t<div class=\"elementor-container elementor-column-gap-default\">\n\t\t\t\t\t<div class=\"elementor-column elementor-col-100 elementor-top-column elementor-element elementor-element-46c69f1\" data-id=\"46c69f1\" data-element_type=\"column\">\n\t\t\t<div class=\"elementor-widget-wrap elementor-element-populated\">\n\t\t\t\t\t\t<div class=\"elementor-element elementor-element-25835b6 elementor-widget elementor-widget-text-editor\" data-id=\"25835b6\" data-element_type=\"widget\" data-widget_type=\"text-editor.default\">\n\t\t\t\t<div class=\"elementor-widget-container\">\n\t\t\t\t\t\t\t\t\t<p>A Pol\u00edcia Civil de Santa Catarina recebeu obras de artes que foram doadas por artistas e galerias de arte. A iniciativa \u00e9 importante para valorizar a cultura catarinense e promover o acesso \u00e0 arte. Por isso, \u00e0 institui\u00e7\u00e3o agradece \u00e0s galerias Helena Fretta Galeria de Arte e Sambaqui Galeria de Arte e aos artistas Jair Martins, Juliana Hoffmann, Maristela Silveira, Neri Andrade, Silvia Carvalho e Tolentino pela doa\u00e7\u00e3o de obras de arte ao acervo, que ficar\u00e1 exposto no gabinete Delegacia-Geral.<br \/>A Pol\u00edcia Civil entende que a arte \u00e9 uma ferramenta importante, pois promove a reflex\u00e3o, a cr\u00edtica e a criatividade, reconhecendo-a e eternizando-a para presentes e futuras gera\u00e7\u00f5es. Agradecemos a generosidade dos artistas e galerias que doaram suas obras. A Pol\u00edcia Civil se compromete a cuidar e expor essas obras com o devido respeito e cuidado.<\/p>\t\t\t\t\t\t\t\t<\/div>\n\t\t\t\t<\/div>\n\t\t\t\t\t<\/div>\n\t\t<\/div>\n\t\t\t\t\t<\/div>\n\t\t<\/section>\n\t\t\t\t<section class=\"elementor-section elementor-top-section elementor-element elementor-element-da85725 elementor-section-boxed elementor-section-height-default elementor-section-height-default\" data-id=\"da85725\" data-element_type=\"section\">\n\t\t\t\t\t\t<div class=\"elementor-container elementor-column-gap-default\">\n\t\t\t\t\t<div class=\"elementor-column elementor-col-100 elementor-top-column elementor-element elementor-element-56e108b\" data-id=\"56e108b\" data-element_type=\"column\">\n\t\t\t<div class=\"elementor-widget-wrap elementor-element-populated\">\n\t\t\t\t\t\t<div class=\"elementor-element elementor-element-a9f3253 elementor-widget__width-initial elementor-widget elementor-widget-video\" data-id=\"a9f3253\" data-element_type=\"widget\" data-settings=\"{&quot;video_type&quot;:&quot;hosted&quot;,&quot;controls&quot;:&quot;yes&quot;}\" data-widget_type=\"video.default\">\n\t\t\t\t<div class=\"elementor-widget-container\">\n\t\t\t\t\t\t\t<div class=\"e-hosted-video elementor-wrapper elementor-open-inline\">\n\t\t\t\t\t<video class=\"elementor-video\" src=\"https:\/\/pc.sc.gov.br\/wp-content\/uploads\/2023\/10\/Agradecimento-obras-de-arte-1.mp4\" controls=\"\" preload=\"metadata\" controlsList=\"nodownload\"><\/video>\n\t\t\t\t<\/div>\n\t\t\t\t\t\t<\/div>\n\t\t\t\t<\/div>\n\t\t\t\t\t<\/div>\n\t\t<\/div>\n\t\t\t\t\t<\/div>\n\t\t<\/section>\n\t\t\t\t<\/div>\n\t\t","protected":false},"excerpt":{"rendered":"<p>Pol\u00edcia Civil agradece \u00e0 doa\u00e7\u00e3o de obras de artistas e galerias de arte A Pol\u00edcia Civil de Santa Catarina recebeu obras de artes que foram doadas por artistas e galerias de arte. A iniciativa \u00e9 importante para valorizar a cultura catarinense e promover o acesso \u00e0 arte. Por isso, \u00e0 institui\u00e7\u00e3o agradece \u00e0s galerias Helena [&hellip;]<\/p>\n","protected":false},"author":5,"featured_media":14588,"comment_status":"closed","ping_status":"open","sticky":false,"template":"","format":"standard","meta":{"_monsterinsights_skip_tracking":false,"_monsterinsights_sitenote_active":false,"_monsterinsights_sitenote_note":"","_monsterinsights_sitenote_category":0,"footnotes":""},"categories":[1],"tags":[],"class_list":["post-14587","post","type-post","status-publish","format-standard","has-post-thumbnail","hentry","category-sem-categoria"],"_links":{"self":[{"href":"https:\/\/pc.sc.gov.br\/index.php?rest_route=\/wp\/v2\/posts\/14587","targetHints":{"allow":["GET"]}}],"collection":[{"href":"https:\/\/pc.sc.gov.br\/index.php?rest_route=\/wp\/v2\/posts"}],"about":[{"href":"https:\/\/pc.sc.gov.br\/index.php?rest_route=\/wp\/v2\/types\/post"}],"author":[{"embeddable":true,"href":"https:\/\/pc.sc.gov.br\/index.php?rest_route=\/wp\/v2\/users\/5"}],"replies":[{"embeddable":true,"href":"https:\/\/pc.sc.gov.br\/index.php?rest_route=%2Fwp%2Fv2%2Fcomments&post=14587"}],"version-history":[{"count":4,"href":"https:\/\/pc.sc.gov.br\/index.php?rest_route=\/wp\/v2\/posts\/14587\/revisions"}],"predecessor-version":[{"id":14594,"href":"https:\/\/pc.sc.gov.br\/index.php?rest_route=\/wp\/v2\/posts\/14587\/revisions\/14594"}],"wp:featuredmedia":[{"embeddable":true,"href":"https:\/\/pc.sc.gov.br\/index.php?rest_route=\/wp\/v2\/media\/14588"}],"wp:attachment":[{"href":"https:\/\/pc.sc.gov.br\/index.php?rest_route=%2Fwp%2Fv2%2Fmedia&parent=14587"}],"wp:term":[{"taxonomy":"category","embeddable":true,"href":"https:\/\/pc.sc.gov.br\/index.php?rest_route=%2Fwp%2Fv2%2Fcategories&post=14587"},{"taxonomy":"post_tag","embeddable":true,"href":"https:\/\/pc.sc.gov.br\/index.php?rest_route=%2Fwp%2Fv2%2Ftags&post=14587"}],"curies":[{"name":"wp","href":"https:\/\/api.w.org\/{rel}","templated":true}]}}