{"id":14617,"date":"2023-10-24T19:14:13","date_gmt":"2023-10-24T22:14:13","guid":{"rendered":"https:\/\/pc.sc.gov.br\/?p=14617"},"modified":"2023-10-24T19:15:52","modified_gmt":"2023-10-24T22:15:52","slug":"em-tubarao-policia-civil-elucida-dois-assaltos-ocorridos-neste-ano-e-prende-um-dos-autores","status":"publish","type":"post","link":"https:\/\/pc.sc.gov.br\/?p=14617","title":{"rendered":"Em Tubar\u00e3o, Pol\u00edcia Civil elucida dois assaltos ocorridos neste ano e prende um dos autores"},"content":{"rendered":"\t\t<div data-elementor-type=\"wp-post\" data-elementor-id=\"14617\" class=\"elementor elementor-14617\" data-elementor-post-type=\"post\">\n\t\t\t\t\t\t<section class=\"elementor-section elementor-top-section elementor-element elementor-element-7994c7c elementor-section-boxed elementor-section-height-default elementor-section-height-default\" data-id=\"7994c7c\" data-element_type=\"section\">\n\t\t\t\t\t\t<div class=\"elementor-container elementor-column-gap-default\">\n\t\t\t\t\t<div class=\"elementor-column elementor-col-100 elementor-top-column elementor-element elementor-element-d732989\" data-id=\"d732989\" data-element_type=\"column\">\n\t\t\t<div class=\"elementor-widget-wrap elementor-element-populated\">\n\t\t\t\t\t\t<div class=\"elementor-element elementor-element-35007e9 elementor-widget elementor-widget-heading\" data-id=\"35007e9\" data-element_type=\"widget\" data-widget_type=\"heading.default\">\n\t\t\t\t<div class=\"elementor-widget-container\">\n\t\t\t\t\t<h2 class=\"elementor-heading-title elementor-size-default\">Em Tubar\u00e3o, Pol\u00edcia Civil elucida dois assaltos ocorridos neste ano e prende um dos autores<\/h2>\t\t\t\t<\/div>\n\t\t\t\t<\/div>\n\t\t\t\t\t<\/div>\n\t\t<\/div>\n\t\t\t\t\t<\/div>\n\t\t<\/section>\n\t\t\t\t<section class=\"elementor-section elementor-top-section elementor-element elementor-element-e568ae7 elementor-section-boxed elementor-section-height-default elementor-section-height-default\" data-id=\"e568ae7\" data-element_type=\"section\">\n\t\t\t\t\t\t<div class=\"elementor-container elementor-column-gap-default\">\n\t\t\t\t\t<div class=\"elementor-column elementor-col-100 elementor-top-column elementor-element elementor-element-276e745\" data-id=\"276e745\" data-element_type=\"column\">\n\t\t\t<div class=\"elementor-widget-wrap elementor-element-populated\">\n\t\t\t\t\t\t<div class=\"elementor-element elementor-element-588e9db elementor-widget elementor-widget-image\" data-id=\"588e9db\" data-element_type=\"widget\" data-widget_type=\"image.default\">\n\t\t\t\t<div class=\"elementor-widget-container\">\n\t\t\t\t\t\t\t\t\t\t\t\t\t\t\t<img fetchpriority=\"high\" decoding=\"async\" width=\"570\" height=\"510\" src=\"https:\/\/pc.sc.gov.br\/\/wp-content\/uploads\/2023\/10\/WhatsApp-Image-2023-10-24-at-19.08.12.jpeg\" class=\"attachment-large size-large wp-image-14618\" alt=\"\" srcset=\"https:\/\/pc.sc.gov.br\/\/wp-content\/uploads\/2023\/10\/WhatsApp-Image-2023-10-24-at-19.08.12.jpeg 570w, https:\/\/pc.sc.gov.br\/\/wp-content\/uploads\/2023\/10\/WhatsApp-Image-2023-10-24-at-19.08.12-300x268.jpeg 300w\" sizes=\"(max-width: 570px) 100vw, 570px\" \/>\t\t\t\t\t\t\t\t\t\t\t\t\t\t\t<\/div>\n\t\t\t\t<\/div>\n\t\t\t\t\t<\/div>\n\t\t<\/div>\n\t\t\t\t\t<\/div>\n\t\t<\/section>\n\t\t\t\t<section class=\"elementor-section elementor-top-section elementor-element elementor-element-2437d79 elementor-section-boxed elementor-section-height-default elementor-section-height-default\" data-id=\"2437d79\" data-element_type=\"section\">\n\t\t\t\t\t\t<div class=\"elementor-container elementor-column-gap-default\">\n\t\t\t\t\t<div class=\"elementor-column elementor-col-100 elementor-top-column elementor-element elementor-element-ca45d7b\" data-id=\"ca45d7b\" data-element_type=\"column\">\n\t\t\t<div class=\"elementor-widget-wrap elementor-element-populated\">\n\t\t\t\t\t\t<div class=\"elementor-element elementor-element-a9ab249 elementor-widget elementor-widget-text-editor\" data-id=\"a9ab249\" data-element_type=\"widget\" data-widget_type=\"text-editor.default\">\n\t\t\t\t<div class=\"elementor-widget-container\">\n\t\t\t\t\t\t\t\t\t<p>A Pol\u00edcia Civil de Santa Catarina, por meio da Divis\u00e3o de Investiga\u00e7\u00e3o Criminal (DIC) de Tubar\u00e3o, tomou conhecimento de que no dia 16 de agosto deste ano, por volta das 16h40min, indiv\u00edduos abordaram, no bairro Oficinas, o ve\u00edculo conduzido por um senhor de 87 anos, o espancaram e subtra\u00edram o seu carro. Utilizando-se desse ve\u00edculo, os autores, agora no bairro Humait\u00e1 de Cima, agrediram uma mulher de 35 anos e subtra\u00edram a sua bolsa.<\/p><p>A DIC de Tubar\u00e3o instaurou o competente inqu\u00e9rito policial e, ap\u00f3s alguns meses de investiga\u00e7\u00e3o, identificou um dos autores como sendo um jovem de 23 anos que j\u00e1 havia sido preso em 2021 pela DIC de Tubar\u00e3o, \u00e0 \u00e9poca tamb\u00e9m pelo crime de roubo.<\/p><p>Diante dos fatos e dos elementos coletados at\u00e9 aquele momento, o Delegado de Pol\u00edcia Civil que preside as investiga\u00e7\u00f5es representou pela pris\u00e3o preventiva do investigado, pleito que restou deferido pelo Ju\u00edzo Criminal de Tubar\u00e3o. Enquanto se aguardava a an\u00e1lise do pedido policial pelo Poder Judici\u00e1rio, o suspeito acabou preso em flagrante pelo crime de tr\u00e1fico de drogas.\u00a0<\/p><p>De posse do mandado de pris\u00e3o, procedeu-se ao seu formal cumprimento no erg\u00e1stulo p\u00fablico desta cidade, onde o indiciado permanecer\u00e1 \u00e0 disposi\u00e7\u00e3o do Poder Judici\u00e1rio. As investiga\u00e7\u00f5es prosseguem no intuito de identificar os outros dois autores ainda n\u00e3o identificados.<\/p><div>\u00a0<\/div>\t\t\t\t\t\t\t\t<\/div>\n\t\t\t\t<\/div>\n\t\t\t\t\t<\/div>\n\t\t<\/div>\n\t\t\t\t\t<\/div>\n\t\t<\/section>\n\t\t\t\t<\/div>\n\t\t","protected":false},"excerpt":{"rendered":"<p>Em Tubar\u00e3o, Pol\u00edcia Civil elucida dois assaltos ocorridos neste ano e prende um dos autores A Pol\u00edcia Civil de Santa Catarina, por meio da Divis\u00e3o de Investiga\u00e7\u00e3o Criminal (DIC) de Tubar\u00e3o, tomou conhecimento de que no dia 16 de agosto deste ano, por volta das 16h40min, indiv\u00edduos abordaram, no bairro Oficinas, o ve\u00edculo conduzido por [&hellip;]<\/p>\n","protected":false},"author":5,"featured_media":14618,"comment_status":"closed","ping_status":"open","sticky":false,"template":"","format":"standard","meta":{"_monsterinsights_skip_tracking":false,"_monsterinsights_sitenote_active":false,"_monsterinsights_sitenote_note":"","_monsterinsights_sitenote_category":0,"footnotes":""},"categories":[1],"tags":[],"class_list":["post-14617","post","type-post","status-publish","format-standard","has-post-thumbnail","hentry","category-sem-categoria"],"_links":{"self":[{"href":"https:\/\/pc.sc.gov.br\/index.php?rest_route=\/wp\/v2\/posts\/14617","targetHints":{"allow":["GET"]}}],"collection":[{"href":"https:\/\/pc.sc.gov.br\/index.php?rest_route=\/wp\/v2\/posts"}],"about":[{"href":"https:\/\/pc.sc.gov.br\/index.php?rest_route=\/wp\/v2\/types\/post"}],"author":[{"embeddable":true,"href":"https:\/\/pc.sc.gov.br\/index.php?rest_route=\/wp\/v2\/users\/5"}],"replies":[{"embeddable":true,"href":"https:\/\/pc.sc.gov.br\/index.php?rest_route=%2Fwp%2Fv2%2Fcomments&post=14617"}],"version-history":[{"count":4,"href":"https:\/\/pc.sc.gov.br\/index.php?rest_route=\/wp\/v2\/posts\/14617\/revisions"}],"predecessor-version":[{"id":14622,"href":"https:\/\/pc.sc.gov.br\/index.php?rest_route=\/wp\/v2\/posts\/14617\/revisions\/14622"}],"wp:featuredmedia":[{"embeddable":true,"href":"https:\/\/pc.sc.gov.br\/index.php?rest_route=\/wp\/v2\/media\/14618"}],"wp:attachment":[{"href":"https:\/\/pc.sc.gov.br\/index.php?rest_route=%2Fwp%2Fv2%2Fmedia&parent=14617"}],"wp:term":[{"taxonomy":"category","embeddable":true,"href":"https:\/\/pc.sc.gov.br\/index.php?rest_route=%2Fwp%2Fv2%2Fcategories&post=14617"},{"taxonomy":"post_tag","embeddable":true,"href":"https:\/\/pc.sc.gov.br\/index.php?rest_route=%2Fwp%2Fv2%2Ftags&post=14617"}],"curies":[{"name":"wp","href":"https:\/\/api.w.org\/{rel}","templated":true}]}}