{"id":14659,"date":"2023-10-26T13:14:21","date_gmt":"2023-10-26T16:14:21","guid":{"rendered":"https:\/\/pc.sc.gov.br\/?p=14659"},"modified":"2023-10-26T13:15:20","modified_gmt":"2023-10-26T16:15:20","slug":"policia-civil-deflagra-2a-fase-da-operacao-sinal-fechado-para-apurar-esquema-ilicito-de-participacao-em-licitacao-para-transporte-em-rodeio","status":"publish","type":"post","link":"https:\/\/pc.sc.gov.br\/?p=14659","title":{"rendered":"Pol\u00edcia Civil deflagra 2\u00aa fase da opera\u00e7\u00e3o \u201cSinal Fechado\u201d para apurar esquema il\u00edcito de participa\u00e7\u00e3o em licita\u00e7\u00e3o para transporte em Rodeio"},"content":{"rendered":"\t\t<div data-elementor-type=\"wp-post\" data-elementor-id=\"14659\" class=\"elementor elementor-14659\" data-elementor-post-type=\"post\">\n\t\t\t\t\t\t<section class=\"elementor-section elementor-top-section elementor-element elementor-element-1cae6ec elementor-section-boxed elementor-section-height-default elementor-section-height-default\" data-id=\"1cae6ec\" data-element_type=\"section\">\n\t\t\t\t\t\t<div class=\"elementor-container elementor-column-gap-default\">\n\t\t\t\t\t<div class=\"elementor-column elementor-col-100 elementor-top-column elementor-element elementor-element-4e0750c\" data-id=\"4e0750c\" data-element_type=\"column\">\n\t\t\t<div class=\"elementor-widget-wrap elementor-element-populated\">\n\t\t\t\t\t\t<div class=\"elementor-element elementor-element-bf6d9de elementor-widget elementor-widget-heading\" data-id=\"bf6d9de\" data-element_type=\"widget\" data-widget_type=\"heading.default\">\n\t\t\t\t<div class=\"elementor-widget-container\">\n\t\t\t\t\t<h2 class=\"elementor-heading-title elementor-size-default\">Pol\u00edcia Civil deflagra 2\u00aa fase da opera\u00e7\u00e3o \u201cSinal Fechado\u201d para apurar esquema il\u00edcito de participa\u00e7\u00e3o em licita\u00e7\u00e3o para transporte em Rodeio<\/h2>\t\t\t\t<\/div>\n\t\t\t\t<\/div>\n\t\t\t\t\t<\/div>\n\t\t<\/div>\n\t\t\t\t\t<\/div>\n\t\t<\/section>\n\t\t\t\t<section class=\"elementor-section elementor-top-section elementor-element elementor-element-c67c4fa elementor-section-boxed elementor-section-height-default elementor-section-height-default\" data-id=\"c67c4fa\" data-element_type=\"section\">\n\t\t\t\t\t\t<div class=\"elementor-container elementor-column-gap-default\">\n\t\t\t\t\t<div class=\"elementor-column elementor-col-100 elementor-top-column elementor-element elementor-element-3a04f4a\" data-id=\"3a04f4a\" data-element_type=\"column\">\n\t\t\t<div class=\"elementor-widget-wrap elementor-element-populated\">\n\t\t\t\t\t\t<div class=\"elementor-element elementor-element-a4ba6eb elementor-widget elementor-widget-image\" data-id=\"a4ba6eb\" data-element_type=\"widget\" data-widget_type=\"image.default\">\n\t\t\t\t<div class=\"elementor-widget-container\">\n\t\t\t\t\t\t\t\t\t\t\t\t\t\t\t<img fetchpriority=\"high\" decoding=\"async\" width=\"696\" height=\"385\" src=\"https:\/\/pc.sc.gov.br\/\/wp-content\/uploads\/2023\/10\/WhatsApp-Image-2023-10-26-at-13.12.51.jpeg\" class=\"attachment-large size-large wp-image-14660\" alt=\"\" srcset=\"https:\/\/pc.sc.gov.br\/\/wp-content\/uploads\/2023\/10\/WhatsApp-Image-2023-10-26-at-13.12.51.jpeg 1024w, https:\/\/pc.sc.gov.br\/\/wp-content\/uploads\/2023\/10\/WhatsApp-Image-2023-10-26-at-13.12.51-300x166.jpeg 300w, https:\/\/pc.sc.gov.br\/\/wp-content\/uploads\/2023\/10\/WhatsApp-Image-2023-10-26-at-13.12.51-768x425.jpeg 768w\" sizes=\"(max-width: 696px) 100vw, 696px\" \/>\t\t\t\t\t\t\t\t\t\t\t\t\t\t\t<\/div>\n\t\t\t\t<\/div>\n\t\t\t\t\t<\/div>\n\t\t<\/div>\n\t\t\t\t\t<\/div>\n\t\t<\/section>\n\t\t\t\t<section class=\"elementor-section elementor-top-section elementor-element elementor-element-c9eaac8 elementor-section-boxed elementor-section-height-default elementor-section-height-default\" data-id=\"c9eaac8\" data-element_type=\"section\">\n\t\t\t\t\t\t<div class=\"elementor-container elementor-column-gap-default\">\n\t\t\t\t\t<div class=\"elementor-column elementor-col-100 elementor-top-column elementor-element elementor-element-f76c2bd\" data-id=\"f76c2bd\" data-element_type=\"column\">\n\t\t\t<div class=\"elementor-widget-wrap elementor-element-populated\">\n\t\t\t\t\t\t<div class=\"elementor-element elementor-element-9800a8a elementor-widget elementor-widget-text-editor\" data-id=\"9800a8a\" data-element_type=\"widget\" data-widget_type=\"text-editor.default\">\n\t\t\t\t<div class=\"elementor-widget-container\">\n\t\t\t\t\t\t\t\t\t<p>Nesta quinta-feira (26), a Pol\u00edcia Civil de Santa Catarina, por meio da 4\u00aa Delegacia Especializada em Combate \u00e0 Corrup\u00e7\u00e3o (4\u00aa Decor), deflagrou a 2\u00aa fase da opera\u00e7\u00e3o \u201cSinal Fechado\u201d, no munic\u00edpio de Rodeio para apurar esquema il\u00edcito de participantes de licita\u00e7\u00e3o para transporte. Foram cumpridos quatro mandados de busca e apreens\u00e3o domiciliar e apreendidos objetos para posterior an\u00e1lise. <br><br><b>Entenda o caso<br><\/b><br>Em agosto de 2003, a 1\u00aa fase da opera\u00e7\u00e3o apurou um esquema il\u00edcito em que integrantes da mesma fam\u00edlia participaram de licita\u00e7\u00e3o para transporte escolar como se fossem representantes de empresas independentes. Esse fato ocorreu no munic\u00edpio de Ascurra.<br>Dando continuidade \u00e0s investiga\u00e7\u00f5es, a 4\u00aa Decor levantou informa\u00e7\u00f5es no sentido de que o mesmo esquema foi praticado tamb\u00e9m na cidade de Rodeio. O caso mais recente \u00e9 de um procedimento de preg\u00e3o do ano de 2023, para presta\u00e7\u00e3o do servi\u00e7o de transporte de pessoas, vencido por uma das empresas investigadas.<br>A investiga\u00e7\u00e3o apurou ainda que o esquema criminoso foi executado em procedimentos de licita\u00e7\u00e3o nos anos de 2022, 2021 e 2020.<br>Agora, a investiga\u00e7\u00e3o ser\u00e1 finalizada e as informa\u00e7\u00f5es ser\u00e3o encaminhadas ao Minist\u00e9rio P\u00fablico para an\u00e1lise. Tamb\u00e9m participaram da opera\u00e7\u00e3o desta quinta-feira (26) as delegacias de Pol\u00edcia de Ascurra, Rio dos Cedros e Doutor Pedrinho.<\/p>\t\t\t\t\t\t\t\t<\/div>\n\t\t\t\t<\/div>\n\t\t\t\t\t<\/div>\n\t\t<\/div>\n\t\t\t\t\t<\/div>\n\t\t<\/section>\n\t\t\t\t<\/div>\n\t\t","protected":false},"excerpt":{"rendered":"<p>Pol\u00edcia Civil deflagra 2\u00aa fase da opera\u00e7\u00e3o \u201cSinal Fechado\u201d para apurar esquema il\u00edcito de participa\u00e7\u00e3o em licita\u00e7\u00e3o para transporte em Rodeio Nesta quinta-feira (26), a Pol\u00edcia Civil de Santa Catarina, por meio da 4\u00aa Delegacia Especializada em Combate \u00e0 Corrup\u00e7\u00e3o (4\u00aa Decor), deflagrou a 2\u00aa fase da opera\u00e7\u00e3o \u201cSinal Fechado\u201d, no munic\u00edpio de Rodeio para [&hellip;]<\/p>\n","protected":false},"author":5,"featured_media":14660,"comment_status":"closed","ping_status":"open","sticky":false,"template":"","format":"standard","meta":{"_monsterinsights_skip_tracking":false,"_monsterinsights_sitenote_active":false,"_monsterinsights_sitenote_note":"","_monsterinsights_sitenote_category":0,"footnotes":""},"categories":[1],"tags":[],"class_list":["post-14659","post","type-post","status-publish","format-standard","has-post-thumbnail","hentry","category-sem-categoria"],"_links":{"self":[{"href":"https:\/\/pc.sc.gov.br\/index.php?rest_route=\/wp\/v2\/posts\/14659","targetHints":{"allow":["GET"]}}],"collection":[{"href":"https:\/\/pc.sc.gov.br\/index.php?rest_route=\/wp\/v2\/posts"}],"about":[{"href":"https:\/\/pc.sc.gov.br\/index.php?rest_route=\/wp\/v2\/types\/post"}],"author":[{"embeddable":true,"href":"https:\/\/pc.sc.gov.br\/index.php?rest_route=\/wp\/v2\/users\/5"}],"replies":[{"embeddable":true,"href":"https:\/\/pc.sc.gov.br\/index.php?rest_route=%2Fwp%2Fv2%2Fcomments&post=14659"}],"version-history":[{"count":4,"href":"https:\/\/pc.sc.gov.br\/index.php?rest_route=\/wp\/v2\/posts\/14659\/revisions"}],"predecessor-version":[{"id":14664,"href":"https:\/\/pc.sc.gov.br\/index.php?rest_route=\/wp\/v2\/posts\/14659\/revisions\/14664"}],"wp:featuredmedia":[{"embeddable":true,"href":"https:\/\/pc.sc.gov.br\/index.php?rest_route=\/wp\/v2\/media\/14660"}],"wp:attachment":[{"href":"https:\/\/pc.sc.gov.br\/index.php?rest_route=%2Fwp%2Fv2%2Fmedia&parent=14659"}],"wp:term":[{"taxonomy":"category","embeddable":true,"href":"https:\/\/pc.sc.gov.br\/index.php?rest_route=%2Fwp%2Fv2%2Fcategories&post=14659"},{"taxonomy":"post_tag","embeddable":true,"href":"https:\/\/pc.sc.gov.br\/index.php?rest_route=%2Fwp%2Fv2%2Ftags&post=14659"}],"curies":[{"name":"wp","href":"https:\/\/api.w.org\/{rel}","templated":true}]}}